{"id":7900,"date":"2023-02-13T08:05:00","date_gmt":"2023-02-13T07:05:00","guid":{"rendered":"https:\/\/waldkindergarten-berglen.de\/?p=7900"},"modified":"2023-02-12T17:30:26","modified_gmt":"2023-02-12T16:30:26","slug":"spannende-vorbereitungen-und-strahlende-wintersonne","status":"publish","type":"post","link":"https:\/\/waldkindergarten-berglen.de\/?p=7900","title":{"rendered":"Spannende Vorbereitungen und strahlende Wintersonne"},"content":{"rendered":"\n<p>Bei eisiger K\u00e4lte hat die Sonne diese Woche vom blauen Himmel gestrahlt und die Waldkinder auf die umliegenden Wiesen gelockt. Es war eine besondere Naturerfahrung, denn morgens haben die Kinder die eisige K\u00e4lte gesp\u00fcrt, bei der sie sich kaum bewegen konnten. Nach einem kurzen Morgenkreis haben sie sich auf den Weg gemacht und dabei gemerkt, wie ihnen durch die Bewegung warm wurde. Auf den Wiesen, beim Spielen und Toben in der Sonne, ist dann hingegen schon ein Fr\u00fchlingsgef\u00fchl aufgekommen.<\/p>\n\n\n\n<figure class=\"wp-block-gallery has-nested-images columns-default is-cropped wp-block-gallery-1 is-layout-flex wp-block-gallery-is-layout-flex\">\n<figure class=\"wp-block-image size-large\"><img loading=\"lazy\" decoding=\"async\" width=\"1024\" height=\"768\" data-id=\"7901\" src=\"https:\/\/waldkindergarten-berglen.de\/wp-content\/uploads\/2023\/02\/Wiese-1024x768.jpg\" alt=\"\" class=\"wp-image-7901\" srcset=\"https:\/\/waldkindergarten-berglen.de\/wp-content\/uploads\/2023\/02\/Wiese-1024x768.jpg 1024w, https:\/\/waldkindergarten-berglen.de\/wp-content\/uploads\/2023\/02\/Wiese-300x225.jpg 300w, https:\/\/waldkindergarten-berglen.de\/wp-content\/uploads\/2023\/02\/Wiese-768x576.jpg 768w, https:\/\/waldkindergarten-berglen.de\/wp-content\/uploads\/2023\/02\/Wiese-1536x1152.jpg 1536w, https:\/\/waldkindergarten-berglen.de\/wp-content\/uploads\/2023\/02\/Wiese-982x737.jpg 982w, https:\/\/waldkindergarten-berglen.de\/wp-content\/uploads\/2023\/02\/Wiese-400x300.jpg 400w, https:\/\/waldkindergarten-berglen.de\/wp-content\/uploads\/2023\/02\/Wiese.jpg 2048w\" sizes=\"auto, (max-width: 1024px) 100vw, 1024px\" \/><figcaption class=\"wp-element-caption\">Spiel und Spa\u00df in der Sonne<\/figcaption><\/figure>\n<\/figure>\n\n\n\n<p>Zwei Mal pro Woche treffen sich unsere Zwergen \u2013 und Wichtelkinder derzeit nicht in ihren \u00fcblichen Gruppen, sondern versammeln sich nach dem Morgenkreis in ihrer Vorbereitungsgruppe f\u00fcr das mittelalterliche Faschingsfest. \u201eEiner f\u00fcr alle, alle f\u00fcr einen, niemand wird im Stich gelassen, darauf k\u00f6nnt ihr euch verlassen\u201c \u2013 mit diesem Spruch beginnen die angehenden Ritter ihr Training. Ritter wird man nicht von heute auf morgen, deshalb sind auch unsere Waldkinder als Pagen gestartet. Im Moment sind sie Knappen und wenn alles gut l\u00e4uft werden sie bald zum Ritter geschlagen und k\u00f6nnen als solcher zum Faschingsfest erscheinen. Wie spannend! Auf dem \u201eTrainingsplan\u201c stehen verschiedene Spiele, die allen viel Spa\u00df machen. Tauziehen oder \u201ewir sprengen die Burg\u201c zum Beispiel. <\/p>\n\n\n\n<figure class=\"wp-block-gallery has-nested-images columns-default is-cropped wp-block-gallery-2 is-layout-flex wp-block-gallery-is-layout-flex\">\n<figure class=\"wp-block-image size-large\"><img loading=\"lazy\" decoding=\"async\" width=\"768\" height=\"1024\" data-id=\"7902\" src=\"https:\/\/waldkindergarten-berglen.de\/wp-content\/uploads\/2023\/02\/Spiel-768x1024.jpg\" alt=\"\" class=\"wp-image-7902\" srcset=\"https:\/\/waldkindergarten-berglen.de\/wp-content\/uploads\/2023\/02\/Spiel-768x1024.jpg 768w, https:\/\/waldkindergarten-berglen.de\/wp-content\/uploads\/2023\/02\/Spiel-225x300.jpg 225w, https:\/\/waldkindergarten-berglen.de\/wp-content\/uploads\/2023\/02\/Spiel-1152x1536.jpg 1152w, https:\/\/waldkindergarten-berglen.de\/wp-content\/uploads\/2023\/02\/Spiel-982x1309.jpg 982w, https:\/\/waldkindergarten-berglen.de\/wp-content\/uploads\/2023\/02\/Spiel-300x400.jpg 300w, https:\/\/waldkindergarten-berglen.de\/wp-content\/uploads\/2023\/02\/Spiel.jpg 1200w\" sizes=\"auto, (max-width: 768px) 100vw, 768px\" \/><figcaption class=\"wp-element-caption\">Tauziehen<\/figcaption><\/figure>\n<\/figure>\n\n\n\n<p>Nebenbei werden auch die Kost\u00fcme nicht vergessen und die Kinder haben Nadel und Faden ausgepackt und einen edlen Knopf an einen G\u00fcrtel gen\u00e4ht, Schilder ausges\u00e4gt und mit einem selbst erdachten Wappen bemalt. Zu guter Letzt wurde noch ein Schwert geschnitzt. Die Vorfreude auf das Faschingsfest steigt, obwohl gerade auch die abwechslungsreichen Vorbereitungen besonders viel Spa\u00df machen. Die anderen Gruppen waren nat\u00fcrlich ebenfalls nicht unt\u00e4tig. Bei den Musikern entstehen tolle Instrumente, wie zum Beispiel eine Trommel und eine R\u00e4tsche. Die Gaukler trainieren f\u00fcr ihre Kunstst\u00fccke und die Gruppe der Burgfr\u00e4ulein hat den gro\u00dfen Webrahmen am Waldschl\u00f6ssle repariert und ist nun flei\u00dfig am Weben.<\/p>\n\n\n\n<figure class=\"wp-block-gallery has-nested-images columns-default is-cropped wp-block-gallery-3 is-layout-flex wp-block-gallery-is-layout-flex\">\n<figure class=\"wp-block-image size-large\"><img loading=\"lazy\" decoding=\"async\" width=\"768\" height=\"1024\" data-id=\"7903\" src=\"https:\/\/waldkindergarten-berglen.de\/wp-content\/uploads\/2023\/02\/Trommel-768x1024.jpg\" alt=\"\" class=\"wp-image-7903\" srcset=\"https:\/\/waldkindergarten-berglen.de\/wp-content\/uploads\/2023\/02\/Trommel-768x1024.jpg 768w, https:\/\/waldkindergarten-berglen.de\/wp-content\/uploads\/2023\/02\/Trommel-225x300.jpg 225w, https:\/\/waldkindergarten-berglen.de\/wp-content\/uploads\/2023\/02\/Trommel-1152x1536.jpg 1152w, https:\/\/waldkindergarten-berglen.de\/wp-content\/uploads\/2023\/02\/Trommel-982x1309.jpg 982w, https:\/\/waldkindergarten-berglen.de\/wp-content\/uploads\/2023\/02\/Trommel-300x400.jpg 300w, https:\/\/waldkindergarten-berglen.de\/wp-content\/uploads\/2023\/02\/Trommel.jpg 1536w\" sizes=\"auto, (max-width: 768px) 100vw, 768px\" \/><figcaption class=\"wp-element-caption\">Hier entsteht eine Trommel<\/figcaption><\/figure>\n<\/figure>\n\n\n\n<p><strong>Wussten Sie schon?<\/strong><\/p>\n\n\n\n<p>Trotz klirrender Winterk\u00e4lte ist die Erde der Sonne ausgerechnet im Januar so nah wie sonst nie. \u201eSchuld\u201c an diesem Ph\u00e4nomen ist die Neigung der Erdachse.<\/p>\n","protected":false},"excerpt":{"rendered":"<p>Bei eisiger K\u00e4lte hat die Sonne diese Woche vom blauen Himmel gestrahlt und die Waldkinder auf die umliegenden Wiesen gelockt. Es war eine besondere Naturerfahrung, denn morgens haben die Kinder die eisige K\u00e4lte gesp\u00fcrt, bei der sie sich kaum bewegen konnten. Nach einem kurzen Morgenkreis haben sie sich auf den Weg gemacht und dabei gemerkt,&hellip; <a href=\"https:\/\/waldkindergarten-berglen.de\/?p=7900\" class=\"more-link\">Weiterlesen <span class=\"screen-reader-text\">Spannende Vorbereitungen und strahlende Wintersonne<\/span><\/a><\/p>\n","protected":false},"author":10,"featured_media":0,"comment_status":"closed","ping_status":"closed","sticky":false,"template":"","format":"standard","meta":{"ngg_post_thumbnail":0,"_jetpack_memberships_contains_paid_content":false,"footnotes":""},"categories":[3],"tags":[],"class_list":["post-7900","post","type-post","status-publish","format-standard","hentry","category-berichte"],"jetpack_featured_media_url":"","jetpack_sharing_enabled":true,"_links":{"self":[{"href":"https:\/\/waldkindergarten-berglen.de\/index.php?rest_route=\/wp\/v2\/posts\/7900","targetHints":{"allow":["GET"]}}],"collection":[{"href":"https:\/\/waldkindergarten-berglen.de\/index.php?rest_route=\/wp\/v2\/posts"}],"about":[{"href":"https:\/\/waldkindergarten-berglen.de\/index.php?rest_route=\/wp\/v2\/types\/post"}],"author":[{"embeddable":true,"href":"https:\/\/waldkindergarten-berglen.de\/index.php?rest_route=\/wp\/v2\/users\/10"}],"replies":[{"embeddable":true,"href":"https:\/\/waldkindergarten-berglen.de\/index.php?rest_route=%2Fwp%2Fv2%2Fcomments&post=7900"}],"version-history":[{"count":1,"href":"https:\/\/waldkindergarten-berglen.de\/index.php?rest_route=\/wp\/v2\/posts\/7900\/revisions"}],"predecessor-version":[{"id":7904,"href":"https:\/\/waldkindergarten-berglen.de\/index.php?rest_route=\/wp\/v2\/posts\/7900\/revisions\/7904"}],"wp:attachment":[{"href":"https:\/\/waldkindergarten-berglen.de\/index.php?rest_route=%2Fwp%2Fv2%2Fmedia&parent=7900"}],"wp:term":[{"taxonomy":"category","embeddable":true,"href":"https:\/\/waldkindergarten-berglen.de\/index.php?rest_route=%2Fwp%2Fv2%2Fcategories&post=7900"},{"taxonomy":"post_tag","embeddable":true,"href":"https:\/\/waldkindergarten-berglen.de\/index.php?rest_route=%2Fwp%2Fv2%2Ftags&post=7900"}],"curies":[{"name":"wp","href":"https:\/\/api.w.org\/{rel}","templated":true}]}}