{"id":7906,"date":"2023-02-20T14:47:49","date_gmt":"2023-02-20T13:47:49","guid":{"rendered":"https:\/\/waldkindergarten-berglen.de\/?p=7906"},"modified":"2023-02-20T14:47:50","modified_gmt":"2023-02-20T13:47:50","slug":"mittelalterliches-faschingsabenteuer","status":"publish","type":"post","link":"https:\/\/waldkindergarten-berglen.de\/?p=7906","title":{"rendered":"<strong>Mittelalterliches Faschingsabenteuer<\/strong>"},"content":{"rendered":"\n<figure class=\"wp-block-image size-large\"><img loading=\"lazy\" decoding=\"async\" width=\"1024\" height=\"768\" src=\"https:\/\/waldkindergarten-berglen.de\/wp-content\/uploads\/2023\/02\/Wer-kann-den-Drachen-mit-Pfeil-und-Bogen-besiegen-1024x768.jpg\" alt=\"\" class=\"wp-image-7907\" srcset=\"https:\/\/waldkindergarten-berglen.de\/wp-content\/uploads\/2023\/02\/Wer-kann-den-Drachen-mit-Pfeil-und-Bogen-besiegen-1024x768.jpg 1024w, https:\/\/waldkindergarten-berglen.de\/wp-content\/uploads\/2023\/02\/Wer-kann-den-Drachen-mit-Pfeil-und-Bogen-besiegen-300x225.jpg 300w, https:\/\/waldkindergarten-berglen.de\/wp-content\/uploads\/2023\/02\/Wer-kann-den-Drachen-mit-Pfeil-und-Bogen-besiegen-768x576.jpg 768w, https:\/\/waldkindergarten-berglen.de\/wp-content\/uploads\/2023\/02\/Wer-kann-den-Drachen-mit-Pfeil-und-Bogen-besiegen-1536x1152.jpg 1536w, https:\/\/waldkindergarten-berglen.de\/wp-content\/uploads\/2023\/02\/Wer-kann-den-Drachen-mit-Pfeil-und-Bogen-besiegen-982x737.jpg 982w, https:\/\/waldkindergarten-berglen.de\/wp-content\/uploads\/2023\/02\/Wer-kann-den-Drachen-mit-Pfeil-und-Bogen-besiegen-400x300.jpg 400w, https:\/\/waldkindergarten-berglen.de\/wp-content\/uploads\/2023\/02\/Wer-kann-den-Drachen-mit-Pfeil-und-Bogen-besiegen.jpg 2048w\" sizes=\"auto, (max-width: 1024px) 100vw, 1024px\" \/><\/figure>\n\n\n\n<p>Letzten Donnerstag war es endlich soweit: Im Wald wurde das lange vorbereitete Faschingsfest gefeiert. Die aufgeregten Kinder trafen sich bei fr\u00fchlingshaft mildem Wetter morgens in ihren Kleingruppen und legten die selbst hergestellten Verkleidungen als Ritter, Musiker, Gaukler und Burgfr\u00e4ulein an. Nach einer kleinen Wanderung trafen sich alle in einem gro\u00dfen Kreis und sangen das Ritter- und Burglied, wobei sie von den Musikern mit ihren Trommeln begleitet wurden.<\/p>\n\n\n\n<p>Danach gingen die Wichtel- und die Zwergengruppe getrennt in den Wald, um dort Pr\u00fcfungen zu absolvieren. Die erste Station war die Schaumkussschleuder. Hier wurden Sands\u00e4ckchen geworfen und im Gegenzug kam der Schaumkuss angeflogen. Dieser sollte gefangen werden, was sich nicht gerade als einfache Pr\u00fcfung herausstellte und f\u00fcr tosendes Lachen und Applaus sorgte. Weiter ging es zum Geheimweg, auf dem sich die Kinder an den gro\u00dfen Drachen heranschlichen. Um sp\u00e4ter das Rittermahl einnehmen zu k\u00f6nnen, musste dieser zun\u00e4chst mit Pfeil und Bogen besiegt werden. Damit die Kinder erkennen konnten, ob sie den Drachen getroffen haben, war der Pfeil in gelbe Farbe getaucht.<\/p>\n\n\n\n<figure class=\"wp-block-image size-large\"><img loading=\"lazy\" decoding=\"async\" width=\"768\" height=\"1024\" src=\"https:\/\/waldkindergarten-berglen.de\/wp-content\/uploads\/2023\/02\/Pyramide-der-Gaukler-768x1024.jpg\" alt=\"\" class=\"wp-image-7908\" srcset=\"https:\/\/waldkindergarten-berglen.de\/wp-content\/uploads\/2023\/02\/Pyramide-der-Gaukler-768x1024.jpg 768w, https:\/\/waldkindergarten-berglen.de\/wp-content\/uploads\/2023\/02\/Pyramide-der-Gaukler-225x300.jpg 225w, https:\/\/waldkindergarten-berglen.de\/wp-content\/uploads\/2023\/02\/Pyramide-der-Gaukler-1152x1536.jpg 1152w, https:\/\/waldkindergarten-berglen.de\/wp-content\/uploads\/2023\/02\/Pyramide-der-Gaukler-982x1309.jpg 982w, https:\/\/waldkindergarten-berglen.de\/wp-content\/uploads\/2023\/02\/Pyramide-der-Gaukler-300x400.jpg 300w, https:\/\/waldkindergarten-berglen.de\/wp-content\/uploads\/2023\/02\/Pyramide-der-Gaukler.jpg 1536w\" sizes=\"auto, (max-width: 768px) 100vw, 768px\" \/><\/figure>\n\n\n\n<p>An der Dicken Berta angekommen, wartete bereits das Festmahl an der Rittertafel auf die Kinder. Vor dem Speisen jedoch f\u00fchrten zun\u00e4chst die Gaukler noch ihre einstudierten Kunstst\u00fccke auf: Unter Trommelwirbel der Musiker jonglierten sie mit T\u00fcchern und die Gauklerkinder, die kleineren unter den Gauklern, f\u00fchrten einen Seiltanz auf dem am Boden liegenden Seil auf. Auch Feuerspucken mit Wunderkerzen und kleine Zaubertricks durften nicht fehlen, bis es zum Finale mit der Pyramide der Gaukler kam.<\/p>\n\n\n\n<figure class=\"wp-block-image size-large\"><img loading=\"lazy\" decoding=\"async\" width=\"768\" height=\"1024\" src=\"https:\/\/waldkindergarten-berglen.de\/wp-content\/uploads\/2023\/02\/Festmahl-an-der-Rittertafel-768x1024.jpg\" alt=\"\" class=\"wp-image-7909\" srcset=\"https:\/\/waldkindergarten-berglen.de\/wp-content\/uploads\/2023\/02\/Festmahl-an-der-Rittertafel-768x1024.jpg 768w, https:\/\/waldkindergarten-berglen.de\/wp-content\/uploads\/2023\/02\/Festmahl-an-der-Rittertafel-225x300.jpg 225w, https:\/\/waldkindergarten-berglen.de\/wp-content\/uploads\/2023\/02\/Festmahl-an-der-Rittertafel-1152x1536.jpg 1152w, https:\/\/waldkindergarten-berglen.de\/wp-content\/uploads\/2023\/02\/Festmahl-an-der-Rittertafel-982x1309.jpg 982w, https:\/\/waldkindergarten-berglen.de\/wp-content\/uploads\/2023\/02\/Festmahl-an-der-Rittertafel-300x400.jpg 300w, https:\/\/waldkindergarten-berglen.de\/wp-content\/uploads\/2023\/02\/Festmahl-an-der-Rittertafel.jpg 1536w\" sizes=\"auto, (max-width: 768px) 100vw, 768px\" \/><\/figure>\n\n\n\n<p>Da hatten sich die Kinder ihr Festmahl an der langen Rittertafel wirklich verdient. Es gab in gem\u00fctlicher Burgatmosph\u00e4re Suppe mit W\u00fcrstchen und zum Nachtisch Faschingsk\u00fcchle, hier ein gro\u00dfes Dankesch\u00f6n an die Eltern, die diese K\u00f6stlichkeiten beigesteuert haben. Zum Abschluss des Tages ging es zum als Schloss gestalteten Weidentipi. Dort f\u00fchrten die Burgfr\u00e4ulein noch ein einstudiertes T\u00e4nzchen auf. Mit den selbstgemachten Dolchen k\u00e4mpften dann die Ritter den Weg zur\u00fcck zum Spielplatz frei, wo die Kinder nach diesem sch\u00f6nen und sehr detailreich vorbereiteten Faschingsfest wieder von ihren Eltern im Empfang genommen wurden.<\/p>\n\n\n\n<p><strong>Wussten Sie schon?<\/strong><\/p>\n\n\n\n<p><em>Auch im Mittelalter wurde bereits Fasching als sogenannte Narrenfeste gefeiert, die sich im Laufe der Jahrhunderte zu den gebr\u00e4uchlichen Faschingstraditionen entwickelten. Bis heute werden darum die Teilnehmer an Faschingsveranstaltungen auch Narren genannt.<\/em><\/p>\n","protected":false},"excerpt":{"rendered":"<p>Letzten Donnerstag war es endlich soweit: Im Wald wurde das lange vorbereitete Faschingsfest gefeiert. Die aufgeregten Kinder trafen sich bei fr\u00fchlingshaft mildem Wetter morgens in ihren Kleingruppen und legten die selbst hergestellten Verkleidungen als Ritter, Musiker, Gaukler und Burgfr\u00e4ulein an. Nach einer kleinen Wanderung trafen sich alle in einem gro\u00dfen Kreis und sangen das Ritter-&hellip; <a href=\"https:\/\/waldkindergarten-berglen.de\/?p=7906\" class=\"more-link\">Weiterlesen <span class=\"screen-reader-text\">Mittelalterliches Faschingsabenteuer<\/span><\/a><\/p>\n","protected":false},"author":11,"featured_media":0,"comment_status":"closed","ping_status":"closed","sticky":false,"template":"","format":"standard","meta":{"ngg_post_thumbnail":0,"_jetpack_memberships_contains_paid_content":false,"footnotes":""},"categories":[3],"tags":[],"class_list":["post-7906","post","type-post","status-publish","format-standard","hentry","category-berichte"],"jetpack_featured_media_url":"","jetpack_sharing_enabled":true,"_links":{"self":[{"href":"https:\/\/waldkindergarten-berglen.de\/index.php?rest_route=\/wp\/v2\/posts\/7906","targetHints":{"allow":["GET"]}}],"collection":[{"href":"https:\/\/waldkindergarten-berglen.de\/index.php?rest_route=\/wp\/v2\/posts"}],"about":[{"href":"https:\/\/waldkindergarten-berglen.de\/index.php?rest_route=\/wp\/v2\/types\/post"}],"author":[{"embeddable":true,"href":"https:\/\/waldkindergarten-berglen.de\/index.php?rest_route=\/wp\/v2\/users\/11"}],"replies":[{"embeddable":true,"href":"https:\/\/waldkindergarten-berglen.de\/index.php?rest_route=%2Fwp%2Fv2%2Fcomments&post=7906"}],"version-history":[{"count":1,"href":"https:\/\/waldkindergarten-berglen.de\/index.php?rest_route=\/wp\/v2\/posts\/7906\/revisions"}],"predecessor-version":[{"id":7910,"href":"https:\/\/waldkindergarten-berglen.de\/index.php?rest_route=\/wp\/v2\/posts\/7906\/revisions\/7910"}],"wp:attachment":[{"href":"https:\/\/waldkindergarten-berglen.de\/index.php?rest_route=%2Fwp%2Fv2%2Fmedia&parent=7906"}],"wp:term":[{"taxonomy":"category","embeddable":true,"href":"https:\/\/waldkindergarten-berglen.de\/index.php?rest_route=%2Fwp%2Fv2%2Fcategories&post=7906"},{"taxonomy":"post_tag","embeddable":true,"href":"https:\/\/waldkindergarten-berglen.de\/index.php?rest_route=%2Fwp%2Fv2%2Ftags&post=7906"}],"curies":[{"name":"wp","href":"https:\/\/api.w.org\/{rel}","templated":true}]}}