{"id":7912,"date":"2023-03-06T08:05:00","date_gmt":"2023-03-06T07:05:00","guid":{"rendered":"https:\/\/waldkindergarten-berglen.de\/?p=7912"},"modified":"2023-03-05T18:17:28","modified_gmt":"2023-03-05T17:17:28","slug":"vorfreude-auf-den-fruehling","status":"publish","type":"post","link":"https:\/\/waldkindergarten-berglen.de\/?p=7912","title":{"rendered":"Vorfreude auf den Fr\u00fchling"},"content":{"rendered":"\n<p>Der Fr\u00fchling schickt die ersten Boten, die Sonne hat die letzten Schneereste zum Schmelzen gebracht und Vogelgezwitscher erf\u00fcllt zunehmend die Umgebung. Aufmerksame Kinder konnten im Morgenkreis eine Kohlmeise am Futterh\u00e4uschen beobachten. Die Natur erwacht langsam aus dem Winterschlaf und der Fr\u00fchling ist nicht mehr weit. Ein wunderbarer Zeitpunkt f\u00fcr das letzte Zwergen-M\u00e4uschen, um in den Waldkindergarten zu starten. Gemeinsam mit der Mama hat es die ersten Tage im Wald erlebt und hatte Dank dem herzlichen Empfang der Erzieherinnen und der hilfsbereiten Waldkinder einen gelungen Start.<\/p>\n\n\n\n<p>Passend zum nahenden Fr\u00fchling war der Morgenreis mit Osterglocken und Weidenk\u00e4tzchen geschm\u00fcckt. Obwohl es noch ein paar Wochen bis Ostern sind, haben die Kinder bereits mit der Herstellung ihrer Osternester begonnen. Denn daf\u00fcr ben\u00f6tigen sie in diesem Jahr etwas mehr Zeit. Unter Anleitung einer Kunstp\u00e4dagogin aus der Kunstschule Winnenden haben die Zwergen- und Wichtelkinder ein tolles Osterk\u00f6rbchen sowie ein Osterei aus Ton geformt und verziert. Die K\u00f6rbchen werden nun getrocknet und im T\u00f6pferofen gebrannt, was zum Erstaunen der Kinder ganze drei Tage dauert. Sp\u00e4ter d\u00fcrfen die K\u00f6rbchen und die Eier noch mit speziellen Farben bemalt werden und m\u00fcssen dann nochmals in den Ofen.<\/p>\n\n\n\n<figure class=\"wp-block-gallery has-nested-images columns-default is-cropped wp-block-gallery-1 is-layout-flex wp-block-gallery-is-layout-flex\">\n<figure class=\"wp-block-image size-large\"><img loading=\"lazy\" decoding=\"async\" width=\"1024\" height=\"768\" data-id=\"7913\" src=\"https:\/\/waldkindergarten-berglen.de\/wp-content\/uploads\/2023\/03\/Osterkoerbe-1024x768.jpg\" alt=\"\" class=\"wp-image-7913\" srcset=\"https:\/\/waldkindergarten-berglen.de\/wp-content\/uploads\/2023\/03\/Osterkoerbe-1024x768.jpg 1024w, https:\/\/waldkindergarten-berglen.de\/wp-content\/uploads\/2023\/03\/Osterkoerbe-300x225.jpg 300w, https:\/\/waldkindergarten-berglen.de\/wp-content\/uploads\/2023\/03\/Osterkoerbe-768x576.jpg 768w, https:\/\/waldkindergarten-berglen.de\/wp-content\/uploads\/2023\/03\/Osterkoerbe-1536x1152.jpg 1536w, https:\/\/waldkindergarten-berglen.de\/wp-content\/uploads\/2023\/03\/Osterkoerbe-982x737.jpg 982w, https:\/\/waldkindergarten-berglen.de\/wp-content\/uploads\/2023\/03\/Osterkoerbe-400x300.jpg 400w, https:\/\/waldkindergarten-berglen.de\/wp-content\/uploads\/2023\/03\/Osterkoerbe.jpg 1600w\" sizes=\"auto, (max-width: 1024px) 100vw, 1024px\" \/><figcaption class=\"wp-element-caption\">Osternester und Ostereier formen<\/figcaption><\/figure>\n<\/figure>\n\n\n\n<p>Ein schnelleres Ergebnis brachte da das Basteln von bezauberndem Waldschmuck im Freispiel. Einige Kinder haben hierzu kleine Holzst\u00fcckchen bunt bemalt, mit dem Handbohrer durchbohrt und anschlie\u00dfend zu Halsketten aufgef\u00e4delt. Sehr sch\u00f6n sieht das aus.<\/p>\n\n\n\n<figure class=\"wp-block-gallery has-nested-images columns-default is-cropped wp-block-gallery-2 is-layout-flex wp-block-gallery-is-layout-flex\">\n<figure class=\"wp-block-image size-large\"><img loading=\"lazy\" decoding=\"async\" width=\"1024\" height=\"768\" data-id=\"7914\" src=\"https:\/\/waldkindergarten-berglen.de\/wp-content\/uploads\/2023\/03\/Freispiel-und-Kette-1024x768.jpg\" alt=\"\" class=\"wp-image-7914\" srcset=\"https:\/\/waldkindergarten-berglen.de\/wp-content\/uploads\/2023\/03\/Freispiel-und-Kette-1024x768.jpg 1024w, https:\/\/waldkindergarten-berglen.de\/wp-content\/uploads\/2023\/03\/Freispiel-und-Kette-300x225.jpg 300w, https:\/\/waldkindergarten-berglen.de\/wp-content\/uploads\/2023\/03\/Freispiel-und-Kette-768x576.jpg 768w, https:\/\/waldkindergarten-berglen.de\/wp-content\/uploads\/2023\/03\/Freispiel-und-Kette-1536x1153.jpg 1536w, https:\/\/waldkindergarten-berglen.de\/wp-content\/uploads\/2023\/03\/Freispiel-und-Kette-982x737.jpg 982w, https:\/\/waldkindergarten-berglen.de\/wp-content\/uploads\/2023\/03\/Freispiel-und-Kette-400x300.jpg 400w, https:\/\/waldkindergarten-berglen.de\/wp-content\/uploads\/2023\/03\/Freispiel-und-Kette.jpg 1599w\" sizes=\"auto, (max-width: 1024px) 100vw, 1024px\" \/><figcaption class=\"wp-element-caption\">Ein sch\u00f6ner Waldmoment. Hier kann man auch die Halskette sehen.<\/figcaption><\/figure>\n<\/figure>\n\n\n\n<p>Tisch \u2013 Fisch, Hose \u2013 Dose.&nbsp; In der Fuchsschule war die Kooperationslehrerin der Grundschule zu Besuch und hat mit den Kindern gereimt. Beim Memory wurden keine Bilderpaare gesucht, sondern passende Reime. Das hat Spa\u00df gemacht und ist eine tolle Vorbereitung auf die Schule. Beim gemeinsam zubereiteten Fr\u00fchst\u00fcck am Freitag haben die Vorsch\u00fcler auch gleich die n\u00e4chste Aufgabe bekommen: Sie &nbsp;waren, w\u00e4hrend die anderen Schnittlauch gesammelt haben,&nbsp; f\u00fcr die Vorbereitungen zust\u00e4ndig. Holz holen, Feuer machen, Tische vorbereiten. &nbsp;Alle zusammen haben anschlie\u00dfend &nbsp;Butterbrote geschmiert und aus frischen Eiern vom Hofladen und dem selbst gesammelten Schnittlauch ein leckeres R\u00fchrei \u00fcber dem Feuer zubereitet. Was f\u00fcr ein besonderes und leckeres Vesper.<\/p>\n\n\n\n<p>Am Samstag trafen sich einige Eltern zum Arbeitseinsatz. Das Tipi auf dem Kindergartenst\u00fcckle wurde mit weiteren Weiden versehen, da letztes Jahr nicht alle angewachsen sind. Und auch am Verschlag f\u00fcr Brennholz gab es etwas zu reparieren. Vielen Dank liebe Eltern!<\/p>\n\n\n\n<figure class=\"wp-block-gallery has-nested-images columns-default is-cropped wp-block-gallery-3 is-layout-flex wp-block-gallery-is-layout-flex\">\n<figure class=\"wp-block-image size-large\"><img loading=\"lazy\" decoding=\"async\" width=\"768\" height=\"1024\" data-id=\"7915\" src=\"https:\/\/waldkindergarten-berglen.de\/wp-content\/uploads\/2023\/03\/Arbeitseinsatz-768x1024.jpg\" alt=\"\" class=\"wp-image-7915\" srcset=\"https:\/\/waldkindergarten-berglen.de\/wp-content\/uploads\/2023\/03\/Arbeitseinsatz-768x1024.jpg 768w, https:\/\/waldkindergarten-berglen.de\/wp-content\/uploads\/2023\/03\/Arbeitseinsatz-225x300.jpg 225w, https:\/\/waldkindergarten-berglen.de\/wp-content\/uploads\/2023\/03\/Arbeitseinsatz-1152x1536.jpg 1152w, https:\/\/waldkindergarten-berglen.de\/wp-content\/uploads\/2023\/03\/Arbeitseinsatz-982x1309.jpg 982w, https:\/\/waldkindergarten-berglen.de\/wp-content\/uploads\/2023\/03\/Arbeitseinsatz-300x400.jpg 300w, https:\/\/waldkindergarten-berglen.de\/wp-content\/uploads\/2023\/03\/Arbeitseinsatz.jpg 1221w\" sizes=\"auto, (max-width: 768px) 100vw, 768px\" \/><figcaption class=\"wp-element-caption\">Arbeitseinsatz <\/figcaption><\/figure>\n<\/figure>\n\n\n\n<p><strong>Wussten Sie schon?<\/strong><\/p>\n\n\n\n<p>Der meteorlogische Fr\u00fchlingsanfang ist jedes Jahr am 1. M\u00e4rz. Der kalendarische Fr\u00fchlingsanfang ist dieses Jahr am 20. M\u00e4rz und &nbsp;richtet sich nach dem Stand der Sonne. Zur sogenannten \u201eTagundnachtgleiche\u201c beginnt in Deutschland der Fr\u00fchling. Der Tag f\u00e4llt in der Regel auf den 19., 20. oder 21. M\u00e4rz.<\/p>\n","protected":false},"excerpt":{"rendered":"<p>Der Fr\u00fchling schickt die ersten Boten, die Sonne hat die letzten Schneereste zum Schmelzen gebracht und Vogelgezwitscher erf\u00fcllt zunehmend die Umgebung. Aufmerksame Kinder konnten im Morgenkreis eine Kohlmeise am Futterh\u00e4uschen beobachten. Die Natur erwacht langsam aus dem Winterschlaf und der Fr\u00fchling ist nicht mehr weit. Ein wunderbarer Zeitpunkt f\u00fcr das letzte Zwergen-M\u00e4uschen, um in den&hellip; <a href=\"https:\/\/waldkindergarten-berglen.de\/?p=7912\" class=\"more-link\">Weiterlesen <span class=\"screen-reader-text\">Vorfreude auf den Fr\u00fchling<\/span><\/a><\/p>\n","protected":false},"author":10,"featured_media":0,"comment_status":"closed","ping_status":"closed","sticky":false,"template":"","format":"standard","meta":{"ngg_post_thumbnail":0,"_jetpack_memberships_contains_paid_content":false,"footnotes":""},"categories":[3],"tags":[],"class_list":["post-7912","post","type-post","status-publish","format-standard","hentry","category-berichte"],"jetpack_featured_media_url":"","jetpack_sharing_enabled":true,"_links":{"self":[{"href":"https:\/\/waldkindergarten-berglen.de\/index.php?rest_route=\/wp\/v2\/posts\/7912","targetHints":{"allow":["GET"]}}],"collection":[{"href":"https:\/\/waldkindergarten-berglen.de\/index.php?rest_route=\/wp\/v2\/posts"}],"about":[{"href":"https:\/\/waldkindergarten-berglen.de\/index.php?rest_route=\/wp\/v2\/types\/post"}],"author":[{"embeddable":true,"href":"https:\/\/waldkindergarten-berglen.de\/index.php?rest_route=\/wp\/v2\/users\/10"}],"replies":[{"embeddable":true,"href":"https:\/\/waldkindergarten-berglen.de\/index.php?rest_route=%2Fwp%2Fv2%2Fcomments&post=7912"}],"version-history":[{"count":4,"href":"https:\/\/waldkindergarten-berglen.de\/index.php?rest_route=\/wp\/v2\/posts\/7912\/revisions"}],"predecessor-version":[{"id":7920,"href":"https:\/\/waldkindergarten-berglen.de\/index.php?rest_route=\/wp\/v2\/posts\/7912\/revisions\/7920"}],"wp:attachment":[{"href":"https:\/\/waldkindergarten-berglen.de\/index.php?rest_route=%2Fwp%2Fv2%2Fmedia&parent=7912"}],"wp:term":[{"taxonomy":"category","embeddable":true,"href":"https:\/\/waldkindergarten-berglen.de\/index.php?rest_route=%2Fwp%2Fv2%2Fcategories&post=7912"},{"taxonomy":"post_tag","embeddable":true,"href":"https:\/\/waldkindergarten-berglen.de\/index.php?rest_route=%2Fwp%2Fv2%2Ftags&post=7912"}],"curies":[{"name":"wp","href":"https:\/\/api.w.org\/{rel}","templated":true}]}}