{"id":7930,"date":"2023-03-20T08:05:00","date_gmt":"2023-03-20T07:05:00","guid":{"rendered":"https:\/\/waldkindergarten-berglen.de\/?p=7930"},"modified":"2023-03-19T19:53:04","modified_gmt":"2023-03-19T18:53:04","slug":"ausflug-in-den-zirkus","status":"publish","type":"post","link":"https:\/\/waldkindergarten-berglen.de\/?p=7930","title":{"rendered":"Ausflug in den Zirkus"},"content":{"rendered":"\n<p>Im Morgenkreis erwartete die Kinder ein gro\u00dfes rundes Schwungtuch. Gemeinsam haben sie das bunte Tuch mal schnell und mal langsam gedreht, hochgeworfen und geschwungen. Mal sind sie unten durch geflitzt und mal haben sich alle darunter gesetzt. Als das Tuch nur noch von den M\u00fctzen der darunter sitzenden Kinder gehalten wurde, haben sie schnell erkannt: \u201eDas sieht ja aus wie ein Zirkuszelt!\u201c Und genau da sollte es auch hingehen, denn es war ein Ausflug geplant. Am Freitag haben sich die aufgeregten Waldkinder nach dem Morgenkreis dann auf den Weg nach Steinach gemacht, wo der Zirkus Montreal gastiert. Zuerst \u00fcber die Wiesen, dann an der Stra\u00dfe entlang \u2013 die Kinder haben den Weg super gemeistert. Bevor es dann wirklich in den Zirkus ging, haben sich alle gemeinsam auf eine Wiese in die Sonne gesetzt, die Vesperdosen ausgepackt und sich gest\u00e4rkt.<\/p>\n\n\n\n<figure class=\"wp-block-gallery has-nested-images columns-default is-cropped wp-block-gallery-1 is-layout-flex wp-block-gallery-is-layout-flex\">\n<figure class=\"wp-block-image size-large\"><img loading=\"lazy\" decoding=\"async\" width=\"1024\" height=\"768\" data-id=\"7931\" src=\"https:\/\/waldkindergarten-berglen.de\/wp-content\/uploads\/2023\/03\/Vesper-1024x768.jpg\" alt=\"\" class=\"wp-image-7931\" srcset=\"https:\/\/waldkindergarten-berglen.de\/wp-content\/uploads\/2023\/03\/Vesper-1024x768.jpg 1024w, https:\/\/waldkindergarten-berglen.de\/wp-content\/uploads\/2023\/03\/Vesper-300x225.jpg 300w, https:\/\/waldkindergarten-berglen.de\/wp-content\/uploads\/2023\/03\/Vesper-768x576.jpg 768w, https:\/\/waldkindergarten-berglen.de\/wp-content\/uploads\/2023\/03\/Vesper-1536x1152.jpg 1536w, https:\/\/waldkindergarten-berglen.de\/wp-content\/uploads\/2023\/03\/Vesper-982x737.jpg 982w, https:\/\/waldkindergarten-berglen.de\/wp-content\/uploads\/2023\/03\/Vesper-400x300.jpg 400w, https:\/\/waldkindergarten-berglen.de\/wp-content\/uploads\/2023\/03\/Vesper.jpg 2000w\" sizes=\"auto, (max-width: 1024px) 100vw, 1024px\" \/><\/figure>\n<\/figure>\n\n\n\n<p>Mit einem Sch\u00e4lchen Popcorn in der Hand durften die Kinder dann die Sondervorstellung genie\u00dfen. Es gab Artisten auf einem Seil, Kunstst\u00fccke am h\u00e4ngenden Reifen, einen kletternden und balancierenden Jongleur, ein Pony und Tauben. Die Kinder haben nicht schlecht gestaunt.<\/p>\n\n\n\n<figure class=\"wp-block-gallery has-nested-images columns-default is-cropped wp-block-gallery-2 is-layout-flex wp-block-gallery-is-layout-flex\">\n<figure class=\"wp-block-image size-large\"><img loading=\"lazy\" decoding=\"async\" width=\"1024\" height=\"802\" data-id=\"7932\" src=\"https:\/\/waldkindergarten-berglen.de\/wp-content\/uploads\/2023\/03\/Pumblikum-1024x802.jpg\" alt=\"\" class=\"wp-image-7932\" srcset=\"https:\/\/waldkindergarten-berglen.de\/wp-content\/uploads\/2023\/03\/Pumblikum-1024x802.jpg 1024w, https:\/\/waldkindergarten-berglen.de\/wp-content\/uploads\/2023\/03\/Pumblikum-300x235.jpg 300w, https:\/\/waldkindergarten-berglen.de\/wp-content\/uploads\/2023\/03\/Pumblikum-768x601.jpg 768w, https:\/\/waldkindergarten-berglen.de\/wp-content\/uploads\/2023\/03\/Pumblikum-1536x1203.jpg 1536w, https:\/\/waldkindergarten-berglen.de\/wp-content\/uploads\/2023\/03\/Pumblikum-982x769.jpg 982w, https:\/\/waldkindergarten-berglen.de\/wp-content\/uploads\/2023\/03\/Pumblikum-400x313.jpg 400w, https:\/\/waldkindergarten-berglen.de\/wp-content\/uploads\/2023\/03\/Pumblikum.jpg 1600w\" sizes=\"auto, (max-width: 1024px) 100vw, 1024px\" \/><\/figure>\n<\/figure>\n\n\n\n<p>Nat\u00fcrlich hat auch ein Clown seine Tricks zum Besten gegeben und sein Publikum zum Lachen gebracht. Mit einer T\u00fcte in der Hand hat er ein unsichtbares B\u00e4llchen aufgefangen, das die Kinder werfen durften. Man hat es nicht gesehen, aber es ist trotzdem immer ger\u00e4uschvoll in seine T\u00fcte gefallen. Scheinbar haben sie manchmal richtig hoch geworfen, denn es hat lange gedauert, bis der Clown es auffangen konnte.<\/p>\n\n\n\n<figure class=\"wp-block-gallery has-nested-images columns-default is-cropped wp-block-gallery-3 is-layout-flex wp-block-gallery-is-layout-flex\">\n<figure class=\"wp-block-image size-large\"><img loading=\"lazy\" decoding=\"async\" width=\"1024\" height=\"768\" data-id=\"7933\" src=\"https:\/\/waldkindergarten-berglen.de\/wp-content\/uploads\/2023\/03\/Clown-1024x768.jpg\" alt=\"\" class=\"wp-image-7933\" srcset=\"https:\/\/waldkindergarten-berglen.de\/wp-content\/uploads\/2023\/03\/Clown-1024x768.jpg 1024w, https:\/\/waldkindergarten-berglen.de\/wp-content\/uploads\/2023\/03\/Clown-300x225.jpg 300w, https:\/\/waldkindergarten-berglen.de\/wp-content\/uploads\/2023\/03\/Clown-768x576.jpg 768w, https:\/\/waldkindergarten-berglen.de\/wp-content\/uploads\/2023\/03\/Clown-1536x1152.jpg 1536w, https:\/\/waldkindergarten-berglen.de\/wp-content\/uploads\/2023\/03\/Clown-982x737.jpg 982w, https:\/\/waldkindergarten-berglen.de\/wp-content\/uploads\/2023\/03\/Clown-400x300.jpg 400w, https:\/\/waldkindergarten-berglen.de\/wp-content\/uploads\/2023\/03\/Clown.jpg 2048w\" sizes=\"auto, (max-width: 1024px) 100vw, 1024px\" \/><\/figure>\n<\/figure>\n\n\n\n<p>Anschlie\u00dfend war noch genug Zeit, um auf der Wiese hinter dem Fu\u00dfballplatz zu spielen und zu toben, bis die Eltern zum Abholen gekommen sind. Das war ein gelungener Ausflug, der den Kindern sicher noch lange in Erinnerung bleiben wird.<\/p>\n\n\n\n<p><strong>Wussten Sie schon?<\/strong><\/p>\n\n\n\n<p>Je nach Gr\u00f6\u00dfe produziert ein Baum pro Tag die Menge an Sauerstoff f\u00fcr ungef\u00e4hr 5 \u2013 20 Menschen. Ein beeindruckendes \u201eKunstst\u00fcck\u201c der Natur.<\/p>\n","protected":false},"excerpt":{"rendered":"<p>Im Morgenkreis erwartete die Kinder ein gro\u00dfes rundes Schwungtuch. Gemeinsam haben sie das bunte Tuch mal schnell und mal langsam gedreht, hochgeworfen und geschwungen. Mal sind sie unten durch geflitzt und mal haben sich alle darunter gesetzt. Als das Tuch nur noch von den M\u00fctzen der darunter sitzenden Kinder gehalten wurde, haben sie schnell erkannt:&hellip; <a href=\"https:\/\/waldkindergarten-berglen.de\/?p=7930\" class=\"more-link\">Weiterlesen <span class=\"screen-reader-text\">Ausflug in den Zirkus<\/span><\/a><\/p>\n","protected":false},"author":10,"featured_media":0,"comment_status":"closed","ping_status":"closed","sticky":false,"template":"","format":"standard","meta":{"ngg_post_thumbnail":0,"_jetpack_memberships_contains_paid_content":false,"footnotes":""},"categories":[3],"tags":[],"class_list":["post-7930","post","type-post","status-publish","format-standard","hentry","category-berichte"],"jetpack_featured_media_url":"","jetpack_sharing_enabled":true,"_links":{"self":[{"href":"https:\/\/waldkindergarten-berglen.de\/index.php?rest_route=\/wp\/v2\/posts\/7930","targetHints":{"allow":["GET"]}}],"collection":[{"href":"https:\/\/waldkindergarten-berglen.de\/index.php?rest_route=\/wp\/v2\/posts"}],"about":[{"href":"https:\/\/waldkindergarten-berglen.de\/index.php?rest_route=\/wp\/v2\/types\/post"}],"author":[{"embeddable":true,"href":"https:\/\/waldkindergarten-berglen.de\/index.php?rest_route=\/wp\/v2\/users\/10"}],"replies":[{"embeddable":true,"href":"https:\/\/waldkindergarten-berglen.de\/index.php?rest_route=%2Fwp%2Fv2%2Fcomments&post=7930"}],"version-history":[{"count":1,"href":"https:\/\/waldkindergarten-berglen.de\/index.php?rest_route=\/wp\/v2\/posts\/7930\/revisions"}],"predecessor-version":[{"id":7934,"href":"https:\/\/waldkindergarten-berglen.de\/index.php?rest_route=\/wp\/v2\/posts\/7930\/revisions\/7934"}],"wp:attachment":[{"href":"https:\/\/waldkindergarten-berglen.de\/index.php?rest_route=%2Fwp%2Fv2%2Fmedia&parent=7930"}],"wp:term":[{"taxonomy":"category","embeddable":true,"href":"https:\/\/waldkindergarten-berglen.de\/index.php?rest_route=%2Fwp%2Fv2%2Fcategories&post=7930"},{"taxonomy":"post_tag","embeddable":true,"href":"https:\/\/waldkindergarten-berglen.de\/index.php?rest_route=%2Fwp%2Fv2%2Ftags&post=7930"}],"curies":[{"name":"wp","href":"https:\/\/api.w.org\/{rel}","templated":true}]}}