{"id":7997,"date":"2023-05-15T08:05:00","date_gmt":"2023-05-15T06:05:00","guid":{"rendered":"https:\/\/waldkindergarten-berglen.de\/?p=7997"},"modified":"2023-05-11T11:25:22","modified_gmt":"2023-05-11T09:25:22","slug":"neues-aus-der-waldspielgruppe-66","status":"publish","type":"post","link":"https:\/\/waldkindergarten-berglen.de\/?p=7997","title":{"rendered":"Neues aus der Waldspielgruppe"},"content":{"rendered":"\n<p>Am Dienstag trafen wir uns direkt bei der Dicken Berta zum Morgenkreis. Nach der Begr\u00fc\u00dfung durch den Igel Benjamin h\u00f6rten wir eine kurze Klanggeschichte von einem kleinen Marienk\u00e4fer der von einer Honigbiene und einem gro\u00dfen Maik\u00e4fer beim Mittagsschlaf gest\u00f6rt wurde.<\/p>\n\n\n\n<p>Anschlie\u00dfend marschierten wir los zum Wurzelplatz. Dort gab es erstmal das Vesper, das jedes Kind mitgebracht hat.<\/p>\n\n\n\n<p>Frisch gest\u00e4rkt durfte jedes Kind mit Wasserfarben einen Stein als Marienk\u00e4fer, Honigbiene oder Maik\u00e4fer bemalen. <\/p>\n\n\n\n<figure class=\"wp-block-gallery has-nested-images columns-default is-cropped wp-block-gallery-1 is-layout-flex wp-block-gallery-is-layout-flex\">\n<figure class=\"wp-block-image size-large\"><img loading=\"lazy\" decoding=\"async\" width=\"768\" height=\"1024\" data-id=\"7999\" src=\"https:\/\/waldkindergarten-berglen.de\/wp-content\/uploads\/2023\/05\/Malen-1-768x1024.jpeg\" alt=\"\" class=\"wp-image-7999\" srcset=\"https:\/\/waldkindergarten-berglen.de\/wp-content\/uploads\/2023\/05\/Malen-1-768x1024.jpeg 768w, https:\/\/waldkindergarten-berglen.de\/wp-content\/uploads\/2023\/05\/Malen-1-225x300.jpeg 225w, https:\/\/waldkindergarten-berglen.de\/wp-content\/uploads\/2023\/05\/Malen-1-1152x1536.jpeg 1152w, https:\/\/waldkindergarten-berglen.de\/wp-content\/uploads\/2023\/05\/Malen-1-1536x2048.jpeg 1536w, https:\/\/waldkindergarten-berglen.de\/wp-content\/uploads\/2023\/05\/Malen-1-982x1309.jpeg 982w, https:\/\/waldkindergarten-berglen.de\/wp-content\/uploads\/2023\/05\/Malen-1-300x400.jpeg 300w, https:\/\/waldkindergarten-berglen.de\/wp-content\/uploads\/2023\/05\/Malen-1-scaled.jpeg 1920w\" sizes=\"auto, (max-width: 768px) 100vw, 768px\" \/><\/figure>\n<\/figure>\n\n\n\n<p>Der Kreativit\u00e4t waren hierbei keine Grenzen gesetzt und schnell fanden die Kinder heraus, dass man auch andere Dinge aus dem Wald bunt bemalen kann. Am Ende hatten wir eine gro\u00dfe Sammlung an bunt bemalten Steinen, St\u00f6cken und Rinde in unserer Mitte liegen.<\/p>\n\n\n\n<figure class=\"wp-block-gallery has-nested-images columns-default is-cropped wp-block-gallery-2 is-layout-flex wp-block-gallery-is-layout-flex\">\n<figure class=\"wp-block-image size-large\"><img loading=\"lazy\" decoding=\"async\" width=\"768\" height=\"1024\" data-id=\"8000\" src=\"https:\/\/waldkindergarten-berglen.de\/wp-content\/uploads\/2023\/05\/Steine-768x1024.jpeg\" alt=\"\" class=\"wp-image-8000\" srcset=\"https:\/\/waldkindergarten-berglen.de\/wp-content\/uploads\/2023\/05\/Steine-768x1024.jpeg 768w, https:\/\/waldkindergarten-berglen.de\/wp-content\/uploads\/2023\/05\/Steine-225x300.jpeg 225w, https:\/\/waldkindergarten-berglen.de\/wp-content\/uploads\/2023\/05\/Steine-1152x1536.jpeg 1152w, https:\/\/waldkindergarten-berglen.de\/wp-content\/uploads\/2023\/05\/Steine-1536x2048.jpeg 1536w, https:\/\/waldkindergarten-berglen.de\/wp-content\/uploads\/2023\/05\/Steine-982x1309.jpeg 982w, https:\/\/waldkindergarten-berglen.de\/wp-content\/uploads\/2023\/05\/Steine-300x400.jpeg 300w, https:\/\/waldkindergarten-berglen.de\/wp-content\/uploads\/2023\/05\/Steine-scaled.jpeg 1920w\" sizes=\"auto, (max-width: 768px) 100vw, 768px\" \/><\/figure>\n<\/figure>\n","protected":false},"excerpt":{"rendered":"<p>Am Dienstag trafen wir uns direkt bei der Dicken Berta zum Morgenkreis. Nach der Begr\u00fc\u00dfung durch den Igel Benjamin h\u00f6rten wir eine kurze Klanggeschichte von einem kleinen Marienk\u00e4fer der von einer Honigbiene und einem gro\u00dfen Maik\u00e4fer beim Mittagsschlaf gest\u00f6rt wurde. Anschlie\u00dfend marschierten wir los zum Wurzelplatz. Dort gab es erstmal das Vesper, das jedes Kind&hellip; <a href=\"https:\/\/waldkindergarten-berglen.de\/?p=7997\" class=\"more-link\">Weiterlesen <span class=\"screen-reader-text\">Neues aus der Waldspielgruppe<\/span><\/a><\/p>\n","protected":false},"author":10,"featured_media":0,"comment_status":"closed","ping_status":"closed","sticky":false,"template":"","format":"standard","meta":{"ngg_post_thumbnail":0,"_jetpack_memberships_contains_paid_content":false,"footnotes":""},"categories":[10,8],"tags":[],"class_list":["post-7997","post","type-post","status-publish","format-standard","hentry","category-waldspielgruppenberichte-aktuell","category-waldspielgruppe"],"jetpack_featured_media_url":"","jetpack_sharing_enabled":true,"_links":{"self":[{"href":"https:\/\/waldkindergarten-berglen.de\/index.php?rest_route=\/wp\/v2\/posts\/7997","targetHints":{"allow":["GET"]}}],"collection":[{"href":"https:\/\/waldkindergarten-berglen.de\/index.php?rest_route=\/wp\/v2\/posts"}],"about":[{"href":"https:\/\/waldkindergarten-berglen.de\/index.php?rest_route=\/wp\/v2\/types\/post"}],"author":[{"embeddable":true,"href":"https:\/\/waldkindergarten-berglen.de\/index.php?rest_route=\/wp\/v2\/users\/10"}],"replies":[{"embeddable":true,"href":"https:\/\/waldkindergarten-berglen.de\/index.php?rest_route=%2Fwp%2Fv2%2Fcomments&post=7997"}],"version-history":[{"count":1,"href":"https:\/\/waldkindergarten-berglen.de\/index.php?rest_route=\/wp\/v2\/posts\/7997\/revisions"}],"predecessor-version":[{"id":8002,"href":"https:\/\/waldkindergarten-berglen.de\/index.php?rest_route=\/wp\/v2\/posts\/7997\/revisions\/8002"}],"wp:attachment":[{"href":"https:\/\/waldkindergarten-berglen.de\/index.php?rest_route=%2Fwp%2Fv2%2Fmedia&parent=7997"}],"wp:term":[{"taxonomy":"category","embeddable":true,"href":"https:\/\/waldkindergarten-berglen.de\/index.php?rest_route=%2Fwp%2Fv2%2Fcategories&post=7997"},{"taxonomy":"post_tag","embeddable":true,"href":"https:\/\/waldkindergarten-berglen.de\/index.php?rest_route=%2Fwp%2Fv2%2Ftags&post=7997"}],"curies":[{"name":"wp","href":"https:\/\/api.w.org\/{rel}","templated":true}]}}