{"id":8020,"date":"2023-05-22T08:05:00","date_gmt":"2023-05-22T06:05:00","guid":{"rendered":"https:\/\/waldkindergarten-berglen.de\/?p=8020"},"modified":"2023-05-22T21:24:45","modified_gmt":"2023-05-22T19:24:45","slug":"neues-aus-der-waldspielgruppe-67","status":"publish","type":"post","link":"https:\/\/waldkindergarten-berglen.de\/?p=8020","title":{"rendered":"Neues aus der Waldspielgruppe"},"content":{"rendered":"\n<p>Unser Morgenkreis konnte nicht wie gewohnt an der Dicken Berta stattfinden, da dort spontan Baumarbeiten durchgef\u00fchrt wurden. Also machten wir uns direkt auf den Weg zum Wichtelkreis, dabei wurden wir von der Schnecke Alma begleitet.<\/p>\n\n\n\n<figure class=\"wp-block-gallery has-nested-images columns-default is-cropped wp-block-gallery-1 is-layout-flex wp-block-gallery-is-layout-flex\">\n<figure class=\"wp-block-image size-large\"><img loading=\"lazy\" decoding=\"async\" width=\"768\" height=\"1024\" data-id=\"8024\" src=\"https:\/\/waldkindergarten-berglen.de\/wp-content\/uploads\/2023\/05\/Schnecke-1-768x1024.jpeg\" alt=\"\" class=\"wp-image-8024\" srcset=\"https:\/\/waldkindergarten-berglen.de\/wp-content\/uploads\/2023\/05\/Schnecke-1-768x1024.jpeg 768w, https:\/\/waldkindergarten-berglen.de\/wp-content\/uploads\/2023\/05\/Schnecke-1-225x300.jpeg 225w, https:\/\/waldkindergarten-berglen.de\/wp-content\/uploads\/2023\/05\/Schnecke-1-1152x1536.jpeg 1152w, https:\/\/waldkindergarten-berglen.de\/wp-content\/uploads\/2023\/05\/Schnecke-1-1536x2048.jpeg 1536w, https:\/\/waldkindergarten-berglen.de\/wp-content\/uploads\/2023\/05\/Schnecke-1-982x1309.jpeg 982w, https:\/\/waldkindergarten-berglen.de\/wp-content\/uploads\/2023\/05\/Schnecke-1-300x400.jpeg 300w, https:\/\/waldkindergarten-berglen.de\/wp-content\/uploads\/2023\/05\/Schnecke-1-scaled.jpeg 1920w\" sizes=\"auto, (max-width: 768px) 100vw, 768px\" \/><\/figure>\n<\/figure>\n\n\n\n<p>Am Morgenkreisplatz der Wichtel angekommen, h\u00f6rten wir, dass Alma auf dem Weg zu ihrer Freundin Trude ist, um mit ihr zu essen. Nat\u00fcrlich begleiteten wir Alma zu Trude bis an das St\u00fcckle des Waldkindergartens.<\/p>\n\n\n\n<p>Dort angekommen gab es f\u00fcr uns wie f\u00fcr Alma und Trude erstmal ein st\u00e4rkendes Vesper. Anschlie\u00dfend durfte sich jeder aus Lehm und Schneckenh\u00e4usern eine eigene Schnecke kneten.<\/p>\n\n\n\n<figure class=\"wp-block-gallery has-nested-images columns-default is-cropped wp-block-gallery-2 is-layout-flex wp-block-gallery-is-layout-flex\">\n<figure class=\"wp-block-image size-large\"><img loading=\"lazy\" decoding=\"async\" width=\"768\" height=\"1024\" data-id=\"8022\" src=\"https:\/\/waldkindergarten-berglen.de\/wp-content\/uploads\/2023\/05\/Kind-1-768x1024.jpeg\" alt=\"\" class=\"wp-image-8022\" srcset=\"https:\/\/waldkindergarten-berglen.de\/wp-content\/uploads\/2023\/05\/Kind-1-768x1024.jpeg 768w, https:\/\/waldkindergarten-berglen.de\/wp-content\/uploads\/2023\/05\/Kind-1-225x300.jpeg 225w, https:\/\/waldkindergarten-berglen.de\/wp-content\/uploads\/2023\/05\/Kind-1-1152x1536.jpeg 1152w, https:\/\/waldkindergarten-berglen.de\/wp-content\/uploads\/2023\/05\/Kind-1-982x1309.jpeg 982w, https:\/\/waldkindergarten-berglen.de\/wp-content\/uploads\/2023\/05\/Kind-1-300x400.jpeg 300w, https:\/\/waldkindergarten-berglen.de\/wp-content\/uploads\/2023\/05\/Kind-1.jpeg 1512w\" sizes=\"auto, (max-width: 768px) 100vw, 768px\" \/><\/figure>\n<\/figure>\n","protected":false},"excerpt":{"rendered":"<p>Unser Morgenkreis konnte nicht wie gewohnt an der Dicken Berta stattfinden, da dort spontan Baumarbeiten durchgef\u00fchrt wurden. Also machten wir uns direkt auf den Weg zum Wichtelkreis, dabei wurden wir von der Schnecke Alma begleitet. Am Morgenkreisplatz der Wichtel angekommen, h\u00f6rten wir, dass Alma auf dem Weg zu ihrer Freundin Trude ist, um mit ihr&hellip; <a href=\"https:\/\/waldkindergarten-berglen.de\/?p=8020\" class=\"more-link\">Weiterlesen <span class=\"screen-reader-text\">Neues aus der Waldspielgruppe<\/span><\/a><\/p>\n","protected":false},"author":10,"featured_media":0,"comment_status":"closed","ping_status":"closed","sticky":false,"template":"","format":"standard","meta":{"ngg_post_thumbnail":0,"_jetpack_memberships_contains_paid_content":false,"footnotes":""},"categories":[10,8],"tags":[],"class_list":["post-8020","post","type-post","status-publish","format-standard","hentry","category-waldspielgruppenberichte-aktuell","category-waldspielgruppe"],"jetpack_featured_media_url":"","jetpack_sharing_enabled":true,"_links":{"self":[{"href":"https:\/\/waldkindergarten-berglen.de\/index.php?rest_route=\/wp\/v2\/posts\/8020","targetHints":{"allow":["GET"]}}],"collection":[{"href":"https:\/\/waldkindergarten-berglen.de\/index.php?rest_route=\/wp\/v2\/posts"}],"about":[{"href":"https:\/\/waldkindergarten-berglen.de\/index.php?rest_route=\/wp\/v2\/types\/post"}],"author":[{"embeddable":true,"href":"https:\/\/waldkindergarten-berglen.de\/index.php?rest_route=\/wp\/v2\/users\/10"}],"replies":[{"embeddable":true,"href":"https:\/\/waldkindergarten-berglen.de\/index.php?rest_route=%2Fwp%2Fv2%2Fcomments&post=8020"}],"version-history":[{"count":1,"href":"https:\/\/waldkindergarten-berglen.de\/index.php?rest_route=\/wp\/v2\/posts\/8020\/revisions"}],"predecessor-version":[{"id":8025,"href":"https:\/\/waldkindergarten-berglen.de\/index.php?rest_route=\/wp\/v2\/posts\/8020\/revisions\/8025"}],"wp:attachment":[{"href":"https:\/\/waldkindergarten-berglen.de\/index.php?rest_route=%2Fwp%2Fv2%2Fmedia&parent=8020"}],"wp:term":[{"taxonomy":"category","embeddable":true,"href":"https:\/\/waldkindergarten-berglen.de\/index.php?rest_route=%2Fwp%2Fv2%2Fcategories&post=8020"},{"taxonomy":"post_tag","embeddable":true,"href":"https:\/\/waldkindergarten-berglen.de\/index.php?rest_route=%2Fwp%2Fv2%2Ftags&post=8020"}],"curies":[{"name":"wp","href":"https:\/\/api.w.org\/{rel}","templated":true}]}}