{"id":8035,"date":"2023-05-29T08:05:00","date_gmt":"2023-05-29T06:05:00","guid":{"rendered":"https:\/\/waldkindergarten-berglen.de\/?p=8035"},"modified":"2023-05-30T20:53:33","modified_gmt":"2023-05-30T18:53:33","slug":"neues-aus-der-waldspielgruppe-68","status":"publish","type":"post","link":"https:\/\/waldkindergarten-berglen.de\/?p=8035","title":{"rendered":"Neues aus der Waldspielgruppe"},"content":{"rendered":"\n<p>Passend zu unserer Geschichte im Morgenkreis wurden wir erstmal leise und lauschten welche Tiere wir h\u00f6ren k\u00f6nnen. Ganz eindeutig konnten wir verschiedene V\u00f6gel zwitschern h\u00f6ren. Wie sch\u00f6n das doch klingt. Passend dazu h\u00f6rten wir eine Klanggeschichte von dem Vogeljungen \u201eNisse\u201c, der an einem herrlichen Sonnentag fliegen lernte.<\/p>\n\n\n\n<p>Dann wurde alles zusammengepackt und es ging los zum Wurzelplatz. Unterwegs wurde am Kletterberg gestoppt, um zu klettern und zu rutschen.<\/p>\n\n\n\n<p>Am Wurzelplatz angekommen wurde erstmal ausgiebig gevespert. Frisch gest\u00e4rkt durfte jedes Kind sich noch einen eigenen kleinen Vogel aus einer Baumscheibe basteln, bevor es schon wieder zur\u00fcck zum Spielplatz ging.<\/p>\n\n\n\n<figure class=\"wp-block-gallery has-nested-images columns-default is-cropped wp-block-gallery-1 is-layout-flex wp-block-gallery-is-layout-flex\">\n<figure class=\"wp-block-image size-large\"><img loading=\"lazy\" decoding=\"async\" width=\"1024\" height=\"768\" data-id=\"8036\" src=\"https:\/\/waldkindergarten-berglen.de\/wp-content\/uploads\/2023\/05\/Vogel-1024x768.jpeg\" alt=\"\" class=\"wp-image-8036\" srcset=\"https:\/\/waldkindergarten-berglen.de\/wp-content\/uploads\/2023\/05\/Vogel-1024x768.jpeg 1024w, https:\/\/waldkindergarten-berglen.de\/wp-content\/uploads\/2023\/05\/Vogel-300x225.jpeg 300w, https:\/\/waldkindergarten-berglen.de\/wp-content\/uploads\/2023\/05\/Vogel-768x576.jpeg 768w, https:\/\/waldkindergarten-berglen.de\/wp-content\/uploads\/2023\/05\/Vogel-1536x1152.jpeg 1536w, https:\/\/waldkindergarten-berglen.de\/wp-content\/uploads\/2023\/05\/Vogel-2048x1536.jpeg 2048w, https:\/\/waldkindergarten-berglen.de\/wp-content\/uploads\/2023\/05\/Vogel-982x737.jpeg 982w, https:\/\/waldkindergarten-berglen.de\/wp-content\/uploads\/2023\/05\/Vogel-400x300.jpeg 400w\" sizes=\"auto, (max-width: 1024px) 100vw, 1024px\" \/><\/figure>\n<\/figure>\n","protected":false},"excerpt":{"rendered":"<p>Passend zu unserer Geschichte im Morgenkreis wurden wir erstmal leise und lauschten welche Tiere wir h\u00f6ren k\u00f6nnen. Ganz eindeutig konnten wir verschiedene V\u00f6gel zwitschern h\u00f6ren. Wie sch\u00f6n das doch klingt. Passend dazu h\u00f6rten wir eine Klanggeschichte von dem Vogeljungen \u201eNisse\u201c, der an einem herrlichen Sonnentag fliegen lernte. Dann wurde alles zusammengepackt und es ging los&hellip; <a href=\"https:\/\/waldkindergarten-berglen.de\/?p=8035\" class=\"more-link\">Weiterlesen <span class=\"screen-reader-text\">Neues aus der Waldspielgruppe<\/span><\/a><\/p>\n","protected":false},"author":10,"featured_media":0,"comment_status":"closed","ping_status":"closed","sticky":false,"template":"","format":"standard","meta":{"ngg_post_thumbnail":0,"_jetpack_memberships_contains_paid_content":false,"footnotes":""},"categories":[10,8],"tags":[],"class_list":["post-8035","post","type-post","status-publish","format-standard","hentry","category-waldspielgruppenberichte-aktuell","category-waldspielgruppe"],"jetpack_featured_media_url":"","jetpack_sharing_enabled":true,"_links":{"self":[{"href":"https:\/\/waldkindergarten-berglen.de\/index.php?rest_route=\/wp\/v2\/posts\/8035","targetHints":{"allow":["GET"]}}],"collection":[{"href":"https:\/\/waldkindergarten-berglen.de\/index.php?rest_route=\/wp\/v2\/posts"}],"about":[{"href":"https:\/\/waldkindergarten-berglen.de\/index.php?rest_route=\/wp\/v2\/types\/post"}],"author":[{"embeddable":true,"href":"https:\/\/waldkindergarten-berglen.de\/index.php?rest_route=\/wp\/v2\/users\/10"}],"replies":[{"embeddable":true,"href":"https:\/\/waldkindergarten-berglen.de\/index.php?rest_route=%2Fwp%2Fv2%2Fcomments&post=8035"}],"version-history":[{"count":1,"href":"https:\/\/waldkindergarten-berglen.de\/index.php?rest_route=\/wp\/v2\/posts\/8035\/revisions"}],"predecessor-version":[{"id":8038,"href":"https:\/\/waldkindergarten-berglen.de\/index.php?rest_route=\/wp\/v2\/posts\/8035\/revisions\/8038"}],"wp:attachment":[{"href":"https:\/\/waldkindergarten-berglen.de\/index.php?rest_route=%2Fwp%2Fv2%2Fmedia&parent=8035"}],"wp:term":[{"taxonomy":"category","embeddable":true,"href":"https:\/\/waldkindergarten-berglen.de\/index.php?rest_route=%2Fwp%2Fv2%2Fcategories&post=8035"},{"taxonomy":"post_tag","embeddable":true,"href":"https:\/\/waldkindergarten-berglen.de\/index.php?rest_route=%2Fwp%2Fv2%2Ftags&post=8035"}],"curies":[{"name":"wp","href":"https:\/\/api.w.org\/{rel}","templated":true}]}}