{"id":8085,"date":"2023-07-03T08:05:00","date_gmt":"2023-07-03T06:05:00","guid":{"rendered":"https:\/\/waldkindergarten-berglen.de\/?p=8085"},"modified":"2023-07-02T22:04:44","modified_gmt":"2023-07-02T20:04:44","slug":"sommerfest-2","status":"publish","type":"post","link":"https:\/\/waldkindergarten-berglen.de\/?p=8085","title":{"rendered":"Sommerfest"},"content":{"rendered":"\n<p>Bei sch\u00f6nem Sonnenschein feierten wir am Sonntag unser Sommerfest. Burgfr\u00e4ulein, Ritter, Musiker und Gaukler waren auf dem St\u00fcckle des Waldkindergartens unterwegs, denn die Kinder hatten nochmals ihre selbst gemachten Kost\u00fcme von Fasching angezogen und gaben eine tolle mittelalterliche Vorf\u00fchrung zum Besten. Die Ritter standen mit ihren geschnitzten Schwertern Spalier, die Gaukler zeigten ihren Seiltanz, einen Stelzenlauf und Zaubertricks. Die Musiker trommelten, die Burgfr\u00e4ulein tanzten und alle zusammen sangen ein Lied von der Burg. \u201eWo lebt das sch\u00f6ne Burgfr\u00e4ulein und k\u00e4mmt ihr langes Haar? Wo feiert man ein Ritterfest nach uraltem Brauch? Wo isst man mit den Fingern, wo kennt man kein Besteck? Wo l\u00e4sst man auch das Waschen und das Z\u00e4hneputzen weg? In der Burg, in der Burg, in der Burg\u201c.<\/p>\n\n\n\n<figure class=\"wp-block-gallery has-nested-images columns-default is-cropped wp-block-gallery-1 is-layout-flex wp-block-gallery-is-layout-flex\">\n<figure class=\"wp-block-image size-large\"><img loading=\"lazy\" decoding=\"async\" width=\"1024\" height=\"768\" data-id=\"8087\" src=\"https:\/\/waldkindergarten-berglen.de\/wp-content\/uploads\/2023\/07\/Auffuehrung-1-1024x768.jpg\" alt=\"\" class=\"wp-image-8087\" srcset=\"https:\/\/waldkindergarten-berglen.de\/wp-content\/uploads\/2023\/07\/Auffuehrung-1-1024x768.jpg 1024w, https:\/\/waldkindergarten-berglen.de\/wp-content\/uploads\/2023\/07\/Auffuehrung-1-300x225.jpg 300w, https:\/\/waldkindergarten-berglen.de\/wp-content\/uploads\/2023\/07\/Auffuehrung-1-768x576.jpg 768w, https:\/\/waldkindergarten-berglen.de\/wp-content\/uploads\/2023\/07\/Auffuehrung-1-1536x1152.jpg 1536w, https:\/\/waldkindergarten-berglen.de\/wp-content\/uploads\/2023\/07\/Auffuehrung-1-2048x1536.jpg 2048w, https:\/\/waldkindergarten-berglen.de\/wp-content\/uploads\/2023\/07\/Auffuehrung-1-982x736.jpg 982w, https:\/\/waldkindergarten-berglen.de\/wp-content\/uploads\/2023\/07\/Auffuehrung-1-400x300.jpg 400w\" sizes=\"auto, (max-width: 1024px) 100vw, 1024px\" \/><\/figure>\n<\/figure>\n\n\n\n<p>Im Anschluss an die wunderbare Vorf\u00fchrung \u00fcbergaben die Erziehrinnen den \u201eFuchseltern\u201c das Wort. Im Wald ist es n\u00e4mlich Tradition, dass die Vorsch\u00fcler und ihre Familien dem Kindergarten zum Abschied ein Geschenk machen. Da der Abschied nun nicht mehr allzu fern ist, wurde an mehreren Wochenenden eine tolle Matschk\u00fcche gebaut und diese am Sommerfest an den Kindergarten \u00fcbergeben. Die \u201eF\u00fcchse\u201c durften die Matschk\u00fcche symbolisch er\u00f6ffnen und Getr\u00e4nke und Snacks ausgeben. Dann haben die Kinder nat\u00fcrlich gleich gespielt, ausprobiert und mit T\u00f6pfen und Pfannen hantiert. Ein tolles Geschenk, das den Waldkindern hoffentlich viel Freude macht.<\/p>\n\n\n\n<figure class=\"wp-block-gallery has-nested-images columns-default is-cropped wp-block-gallery-2 is-layout-flex wp-block-gallery-is-layout-flex\">\n<figure class=\"wp-block-image size-large\"><img loading=\"lazy\" decoding=\"async\" width=\"1024\" height=\"768\" data-id=\"8089\" src=\"https:\/\/waldkindergarten-berglen.de\/wp-content\/uploads\/2023\/07\/Matschkueche-1-1024x768.jpg\" alt=\"\" class=\"wp-image-8089\" srcset=\"https:\/\/waldkindergarten-berglen.de\/wp-content\/uploads\/2023\/07\/Matschkueche-1-1024x768.jpg 1024w, https:\/\/waldkindergarten-berglen.de\/wp-content\/uploads\/2023\/07\/Matschkueche-1-300x225.jpg 300w, https:\/\/waldkindergarten-berglen.de\/wp-content\/uploads\/2023\/07\/Matschkueche-1-768x576.jpg 768w, https:\/\/waldkindergarten-berglen.de\/wp-content\/uploads\/2023\/07\/Matschkueche-1-1536x1152.jpg 1536w, https:\/\/waldkindergarten-berglen.de\/wp-content\/uploads\/2023\/07\/Matschkueche-1-2048x1536.jpg 2048w, https:\/\/waldkindergarten-berglen.de\/wp-content\/uploads\/2023\/07\/Matschkueche-1-982x736.jpg 982w, https:\/\/waldkindergarten-berglen.de\/wp-content\/uploads\/2023\/07\/Matschkueche-1-400x300.jpg 400w\" sizes=\"auto, (max-width: 1024px) 100vw, 1024px\" \/><\/figure>\n<\/figure>\n\n\n\n<p>Auch das Fingerfood- Buffet wurde er\u00f6ffnet und alle haben es sich auf Picknickdecken im Schatten der B\u00e4ume gut gehen lassen und das Essen, k\u00fchle Getr\u00e4nke und sch\u00f6ne Gespr\u00e4che genossen. Die Kinder haben gespielt, sind auf B\u00e4ume geklettert und hatten viel Spa\u00df. Auf einmal bildete sich am Fenster der Sturmh\u00f6hle eine lange Schlange \u2013 die \u201eEisdiele\u201c hatte ge\u00f6ffnet.<\/p>\n\n\n\n<figure class=\"wp-block-gallery has-nested-images columns-default is-cropped wp-block-gallery-3 is-layout-flex wp-block-gallery-is-layout-flex\">\n<figure class=\"wp-block-image size-large\"><img loading=\"lazy\" decoding=\"async\" width=\"1024\" height=\"768\" data-id=\"8091\" src=\"https:\/\/waldkindergarten-berglen.de\/wp-content\/uploads\/2023\/07\/Eisdiele-1-1024x768.jpg\" alt=\"\" class=\"wp-image-8091\" srcset=\"https:\/\/waldkindergarten-berglen.de\/wp-content\/uploads\/2023\/07\/Eisdiele-1-1024x768.jpg 1024w, https:\/\/waldkindergarten-berglen.de\/wp-content\/uploads\/2023\/07\/Eisdiele-1-300x225.jpg 300w, https:\/\/waldkindergarten-berglen.de\/wp-content\/uploads\/2023\/07\/Eisdiele-1-768x576.jpg 768w, https:\/\/waldkindergarten-berglen.de\/wp-content\/uploads\/2023\/07\/Eisdiele-1-1536x1152.jpg 1536w, https:\/\/waldkindergarten-berglen.de\/wp-content\/uploads\/2023\/07\/Eisdiele-1-2048x1536.jpg 2048w, https:\/\/waldkindergarten-berglen.de\/wp-content\/uploads\/2023\/07\/Eisdiele-1-982x736.jpg 982w, https:\/\/waldkindergarten-berglen.de\/wp-content\/uploads\/2023\/07\/Eisdiele-1-400x300.jpg 400w\" sizes=\"auto, (max-width: 1024px) 100vw, 1024px\" \/><\/figure>\n<\/figure>\n\n\n\n<p>Es gab Vanilleeis, Schokoladeneis, Erdbeereis und Eiskaffee. Eine herrlich leckere Abk\u00fchlung an diesem sch\u00f6nen Nachmittag. Ein herzliches Dankesch\u00f6n an alle, die zum Gelingen dieses tollen Sommerfestes beigetragen haben!<\/p>\n\n\n\n<p><strong>Wussten Sie schon?<\/strong><\/p>\n\n\n\n<p>Bei der Bundeswaldinventur z\u00e4hlen Forstleute alle zehn Jahre (\u00fcber Stichproben) die B\u00e4ume in den deutschen W\u00e4ldern. Beim letzten Mal waren es rund 90 Milliarden.<\/p>\n","protected":false},"excerpt":{"rendered":"<p>Bei sch\u00f6nem Sonnenschein feierten wir am Sonntag unser Sommerfest. Burgfr\u00e4ulein, Ritter, Musiker und Gaukler waren auf dem St\u00fcckle des Waldkindergartens unterwegs, denn die Kinder hatten nochmals ihre selbst gemachten Kost\u00fcme von Fasching angezogen und gaben eine tolle mittelalterliche Vorf\u00fchrung zum Besten. Die Ritter standen mit ihren geschnitzten Schwertern Spalier, die Gaukler zeigten ihren Seiltanz, einen&hellip; <a href=\"https:\/\/waldkindergarten-berglen.de\/?p=8085\" class=\"more-link\">Weiterlesen <span class=\"screen-reader-text\">Sommerfest<\/span><\/a><\/p>\n","protected":false},"author":10,"featured_media":0,"comment_status":"closed","ping_status":"closed","sticky":false,"template":"","format":"standard","meta":{"ngg_post_thumbnail":0,"_jetpack_memberships_contains_paid_content":false,"footnotes":""},"categories":[3],"tags":[],"class_list":["post-8085","post","type-post","status-publish","format-standard","hentry","category-berichte"],"jetpack_featured_media_url":"","jetpack_sharing_enabled":true,"_links":{"self":[{"href":"https:\/\/waldkindergarten-berglen.de\/index.php?rest_route=\/wp\/v2\/posts\/8085","targetHints":{"allow":["GET"]}}],"collection":[{"href":"https:\/\/waldkindergarten-berglen.de\/index.php?rest_route=\/wp\/v2\/posts"}],"about":[{"href":"https:\/\/waldkindergarten-berglen.de\/index.php?rest_route=\/wp\/v2\/types\/post"}],"author":[{"embeddable":true,"href":"https:\/\/waldkindergarten-berglen.de\/index.php?rest_route=\/wp\/v2\/users\/10"}],"replies":[{"embeddable":true,"href":"https:\/\/waldkindergarten-berglen.de\/index.php?rest_route=%2Fwp%2Fv2%2Fcomments&post=8085"}],"version-history":[{"count":2,"href":"https:\/\/waldkindergarten-berglen.de\/index.php?rest_route=\/wp\/v2\/posts\/8085\/revisions"}],"predecessor-version":[{"id":8093,"href":"https:\/\/waldkindergarten-berglen.de\/index.php?rest_route=\/wp\/v2\/posts\/8085\/revisions\/8093"}],"wp:attachment":[{"href":"https:\/\/waldkindergarten-berglen.de\/index.php?rest_route=%2Fwp%2Fv2%2Fmedia&parent=8085"}],"wp:term":[{"taxonomy":"category","embeddable":true,"href":"https:\/\/waldkindergarten-berglen.de\/index.php?rest_route=%2Fwp%2Fv2%2Fcategories&post=8085"},{"taxonomy":"post_tag","embeddable":true,"href":"https:\/\/waldkindergarten-berglen.de\/index.php?rest_route=%2Fwp%2Fv2%2Ftags&post=8085"}],"curies":[{"name":"wp","href":"https:\/\/api.w.org\/{rel}","templated":true}]}}