{"id":8119,"date":"2023-07-17T08:05:00","date_gmt":"2023-07-17T06:05:00","guid":{"rendered":"https:\/\/waldkindergarten-berglen.de\/?p=8119"},"modified":"2023-07-16T22:46:07","modified_gmt":"2023-07-16T20:46:07","slug":"neues-aus-der-waldspielgruppe-73","status":"publish","type":"post","link":"https:\/\/waldkindergarten-berglen.de\/?p=8119","title":{"rendered":"Neues aus der Waldspielgruppe"},"content":{"rendered":"\n<p>Da die Kalkung des Waldes noch nicht beendet war, trafen wir uns zum Morgenkreis in der H\u00fctte des Waldkindis. Wir starteten mit einem Gedicht zum Thema <strong>\u201eF\u00fcnf Sinne\u201c<\/strong> und \u00fcberlegten uns mit welchem K\u00f6rperteil wir <strong>riechen<\/strong> k\u00f6nnen und was f\u00fcr Ger\u00fcche uns bekannt sind. Jeder durfte mit geschlossenen Augen in zwei Gl\u00e4schen schn\u00fcffeln und raten was darin ist. Das war vor allem f\u00fcr die Kinder gar nicht so einfach, gemeinsam wurden dann aber doch beide Ger\u00fcche erraten.<\/p>\n\n\n\n<p>Anschlie\u00dfend machten wir uns auf den Weg auf eine Wiese in der N\u00e4he des Spielplatzes. Dort befassten wir uns nochmal etwas genauer mit dem <strong>Schmecken <\/strong>und jeder durfte nach dem H\u00e4nde waschen sein mitgebrachtes Vesper kosten.<\/p>\n\n\n\n<figure class=\"wp-block-gallery has-nested-images columns-default is-cropped wp-block-gallery-1 is-layout-flex wp-block-gallery-is-layout-flex\">\n<figure class=\"wp-block-image size-large\"><img loading=\"lazy\" decoding=\"async\" width=\"1024\" height=\"768\" data-id=\"8120\" src=\"https:\/\/waldkindergarten-berglen.de\/wp-content\/uploads\/2023\/07\/Vesper-1024x768.jpg\" alt=\"\" class=\"wp-image-8120\" srcset=\"https:\/\/waldkindergarten-berglen.de\/wp-content\/uploads\/2023\/07\/Vesper-1024x768.jpg 1024w, https:\/\/waldkindergarten-berglen.de\/wp-content\/uploads\/2023\/07\/Vesper-300x225.jpg 300w, https:\/\/waldkindergarten-berglen.de\/wp-content\/uploads\/2023\/07\/Vesper-768x576.jpg 768w, https:\/\/waldkindergarten-berglen.de\/wp-content\/uploads\/2023\/07\/Vesper-1536x1152.jpg 1536w, https:\/\/waldkindergarten-berglen.de\/wp-content\/uploads\/2023\/07\/Vesper-2048x1536.jpg 2048w, https:\/\/waldkindergarten-berglen.de\/wp-content\/uploads\/2023\/07\/Vesper-982x737.jpg 982w, https:\/\/waldkindergarten-berglen.de\/wp-content\/uploads\/2023\/07\/Vesper-400x300.jpg 400w\" sizes=\"auto, (max-width: 1024px) 100vw, 1024px\" \/><\/figure>\n<\/figure>\n\n\n\n<p>Nachdem wir die unterschiedlichen Geschm\u00e4cker herausgefunden hatten widmeten wir uns unseren Ohren. Was k\u00f6nnen wir <strong>h\u00f6ren<\/strong>? Um das ganze nochmal zu verdeutlichen durfte jeder ein Schellenband mit bunten Gl\u00f6ckchen basteln.<\/p>\n\n\n\n<figure class=\"wp-block-gallery has-nested-images columns-default is-cropped wp-block-gallery-2 is-layout-flex wp-block-gallery-is-layout-flex\">\n<figure class=\"wp-block-image size-large\"><img loading=\"lazy\" decoding=\"async\" width=\"768\" height=\"1024\" data-id=\"8121\" src=\"https:\/\/waldkindergarten-berglen.de\/wp-content\/uploads\/2023\/07\/Rassel-768x1024.jpg\" alt=\"\" class=\"wp-image-8121\" srcset=\"https:\/\/waldkindergarten-berglen.de\/wp-content\/uploads\/2023\/07\/Rassel-768x1024.jpg 768w, https:\/\/waldkindergarten-berglen.de\/wp-content\/uploads\/2023\/07\/Rassel-225x300.jpg 225w, https:\/\/waldkindergarten-berglen.de\/wp-content\/uploads\/2023\/07\/Rassel-1152x1536.jpg 1152w, https:\/\/waldkindergarten-berglen.de\/wp-content\/uploads\/2023\/07\/Rassel-1536x2048.jpg 1536w, https:\/\/waldkindergarten-berglen.de\/wp-content\/uploads\/2023\/07\/Rassel-982x1309.jpg 982w, https:\/\/waldkindergarten-berglen.de\/wp-content\/uploads\/2023\/07\/Rassel-300x400.jpg 300w, https:\/\/waldkindergarten-berglen.de\/wp-content\/uploads\/2023\/07\/Rassel-scaled.jpg 1920w\" sizes=\"auto, (max-width: 768px) 100vw, 768px\" \/><\/figure>\n<\/figure>\n\n\n\n<p>Schnell verging die Zeit und wir mussten schon wieder Einpacken und zur\u00fcck laufen.<\/p>\n","protected":false},"excerpt":{"rendered":"<p>Da die Kalkung des Waldes noch nicht beendet war, trafen wir uns zum Morgenkreis in der H\u00fctte des Waldkindis. Wir starteten mit einem Gedicht zum Thema \u201eF\u00fcnf Sinne\u201c und \u00fcberlegten uns mit welchem K\u00f6rperteil wir riechen k\u00f6nnen und was f\u00fcr Ger\u00fcche uns bekannt sind. Jeder durfte mit geschlossenen Augen in zwei Gl\u00e4schen schn\u00fcffeln und raten&hellip; <a href=\"https:\/\/waldkindergarten-berglen.de\/?p=8119\" class=\"more-link\">Weiterlesen <span class=\"screen-reader-text\">Neues aus der Waldspielgruppe<\/span><\/a><\/p>\n","protected":false},"author":10,"featured_media":0,"comment_status":"closed","ping_status":"closed","sticky":false,"template":"","format":"standard","meta":{"ngg_post_thumbnail":0,"_jetpack_memberships_contains_paid_content":false,"footnotes":""},"categories":[10,8],"tags":[],"class_list":["post-8119","post","type-post","status-publish","format-standard","hentry","category-waldspielgruppenberichte-aktuell","category-waldspielgruppe"],"jetpack_featured_media_url":"","jetpack_sharing_enabled":true,"_links":{"self":[{"href":"https:\/\/waldkindergarten-berglen.de\/index.php?rest_route=\/wp\/v2\/posts\/8119","targetHints":{"allow":["GET"]}}],"collection":[{"href":"https:\/\/waldkindergarten-berglen.de\/index.php?rest_route=\/wp\/v2\/posts"}],"about":[{"href":"https:\/\/waldkindergarten-berglen.de\/index.php?rest_route=\/wp\/v2\/types\/post"}],"author":[{"embeddable":true,"href":"https:\/\/waldkindergarten-berglen.de\/index.php?rest_route=\/wp\/v2\/users\/10"}],"replies":[{"embeddable":true,"href":"https:\/\/waldkindergarten-berglen.de\/index.php?rest_route=%2Fwp%2Fv2%2Fcomments&post=8119"}],"version-history":[{"count":1,"href":"https:\/\/waldkindergarten-berglen.de\/index.php?rest_route=\/wp\/v2\/posts\/8119\/revisions"}],"predecessor-version":[{"id":8122,"href":"https:\/\/waldkindergarten-berglen.de\/index.php?rest_route=\/wp\/v2\/posts\/8119\/revisions\/8122"}],"wp:attachment":[{"href":"https:\/\/waldkindergarten-berglen.de\/index.php?rest_route=%2Fwp%2Fv2%2Fmedia&parent=8119"}],"wp:term":[{"taxonomy":"category","embeddable":true,"href":"https:\/\/waldkindergarten-berglen.de\/index.php?rest_route=%2Fwp%2Fv2%2Fcategories&post=8119"},{"taxonomy":"post_tag","embeddable":true,"href":"https:\/\/waldkindergarten-berglen.de\/index.php?rest_route=%2Fwp%2Fv2%2Ftags&post=8119"}],"curies":[{"name":"wp","href":"https:\/\/api.w.org\/{rel}","templated":true}]}}