{"id":8181,"date":"2023-09-18T08:05:00","date_gmt":"2023-09-18T06:05:00","guid":{"rendered":"https:\/\/waldkindergarten-berglen.de\/?p=8181"},"modified":"2023-09-17T09:44:19","modified_gmt":"2023-09-17T07:44:19","slug":"herzlich-willkommen-ein-runder-start-ins-neue-kindergartenjahr","status":"publish","type":"post","link":"https:\/\/waldkindergarten-berglen.de\/?p=8181","title":{"rendered":"Herzlich Willkommen \u2013 ein runder Start ins neue Kindergartenjahr"},"content":{"rendered":"\n<p>Am Waldspielplatz in Kottweil herrscht morgens wieder fr\u00f6hliches Treiben, denn die Sommerferien sind zu Ende und die Waldkinder sind zur\u00fcck. Wie sch\u00f6n und aufregend zugleich! Es ist toll sich wieder zu sehen, von den Ferien zu berichten und gemeinsam\u00a0 in den Wald zu gehen. So manches ist aber auch anders als vor den Ferien. Wo sind denn zum Beispiel die \u201eF\u00fcchse\u201c? Ihre Pl\u00e4tze im Morgenkreis sind leer geblieben, denn sie gehen ja nun in die Schule. Aber Moment, dann sind sie ja gar keine \u201eF\u00fcchse\u201c mehr. Es gibt jetzt neue \u201eF\u00fcchse\u201c! \u00a0Aufgeregt \u00fcberlegten die Kinder, welches Kindergarten-Waldtier sie nun sind und so mancher ist richtig stolz kein kleines \u201eM\u00e4uschen\u201c mehr zu sein, sondern endlich ein \u201eH\u00e4schen\u201c. Die Pl\u00e4tze im Morgenkreis sind nat\u00fcrlich nicht lange leer geblieben. Schon nach wenigen Tagen wurden die ersten neuen Kinder begr\u00fc\u00dft. Herzlich Willkommen und ganz viel Spa\u00df im Kindergarten!<\/p>\n\n\n\n<figure class=\"wp-block-gallery has-nested-images columns-default is-cropped wp-block-gallery-1 is-layout-flex wp-block-gallery-is-layout-flex\">\n<figure class=\"wp-block-image size-large\"><img loading=\"lazy\" decoding=\"async\" width=\"1024\" height=\"768\" data-id=\"8183\" src=\"https:\/\/waldkindergarten-berglen.de\/wp-content\/uploads\/2023\/09\/Morgenkreis-1.jpg\" alt=\"\" class=\"wp-image-8183\" srcset=\"https:\/\/waldkindergarten-berglen.de\/wp-content\/uploads\/2023\/09\/Morgenkreis-1.jpg 1024w, https:\/\/waldkindergarten-berglen.de\/wp-content\/uploads\/2023\/09\/Morgenkreis-1-300x225.jpg 300w, https:\/\/waldkindergarten-berglen.de\/wp-content\/uploads\/2023\/09\/Morgenkreis-1-768x576.jpg 768w, https:\/\/waldkindergarten-berglen.de\/wp-content\/uploads\/2023\/09\/Morgenkreis-1-982x737.jpg 982w, https:\/\/waldkindergarten-berglen.de\/wp-content\/uploads\/2023\/09\/Morgenkreis-1-400x300.jpg 400w\" sizes=\"auto, (max-width: 1024px) 100vw, 1024px\" \/><\/figure>\n<\/figure>\n\n\n\n<p>Zwei Kinder hatten in den Sommerferien Geburtstag und das wurde diese Woche gefeiert. Mit Blumenkranz, Geburtstagslied, hoch-leben lassen, leckerem Kuchen und dem Kennenlernen von Ranunkel. Ranunkel ist ein Wurzelm\u00e4dchen, das alles mag was rund ist. Aber der Reihe nach: Unsere Waldkinder wurden im letzten Kindergartenjahr zu besonderen Anl\u00e4ssen von der Handpuppe \u201eK\u00f6nig Alfons von Drachenstein\u201c besucht. Er hatte immer eine spannende Geschichte und ein Geburtstagsgeschenk parat. Vor den Sommerferien hat er sich allerdings von den Kindern verabschiedet. Da war die Freude gro\u00df, als sie nun im Morgenkreis einen Brief von Ranunkel entdeckten. Gemeinsam machten sie sich auf die Suche nach ihr. Sie sollten zur Schranke gehen und dann nach Pfeilen auf dem Boden Ausschau halten. Kein Problem f\u00fcr unsere Waldkinder: Nach eifrigem Suchen haben sie Ranunkel entdeckt. Sie hat sich vorgestellt und ein bisschen von sich und ihrer Reise erz\u00e4hlt. Vor kurzem ist ihr eine k\u00f6nigliche Kutsche begegnet und sie hat den Tipp bekommen in den zauberhaften Kindergartenwald zu gehen. Den Kindern war sofort klar, wer in der Kutsche gewesen sein muss: K\u00f6nig Alfons von Drachenstein! Nun werden die Kinder also von der Handpuppe \u201eRanunkel\u201c begleitet. Und sie mag am liebsten alles was rund ist. Was ist denn alles rund? Den Kindern ist vieles eingefallen und sie haben auch in ihrer Umgebung einiges gefunden. Vieles f\u00e4llt einem erst auf, wenn man seine Umwelt wirklich bewusst wahrnimmt. Nat\u00fcrlich hatte Ranunkel auch ein (rundes) Geschenk f\u00fcr die Geburtstagskinder dabei. Sie hat ein bisschen von einem besonders sch\u00f6nen Klang in Kugeln gerollt und wunderbar klingende Wunschkugeln daraus gemacht. Wow! Vielen Dank Ranunkel und bis bald.<\/p>\n\n\n\n<figure class=\"wp-block-gallery has-nested-images columns-default is-cropped wp-block-gallery-2 is-layout-flex wp-block-gallery-is-layout-flex\">\n<figure class=\"wp-block-image size-large\"><img loading=\"lazy\" decoding=\"async\" width=\"698\" height=\"930\" data-id=\"8185\" src=\"https:\/\/waldkindergarten-berglen.de\/wp-content\/uploads\/2023\/09\/Ranunkel-1.jpg\" alt=\"\" class=\"wp-image-8185\" srcset=\"https:\/\/waldkindergarten-berglen.de\/wp-content\/uploads\/2023\/09\/Ranunkel-1.jpg 698w, https:\/\/waldkindergarten-berglen.de\/wp-content\/uploads\/2023\/09\/Ranunkel-1-225x300.jpg 225w, https:\/\/waldkindergarten-berglen.de\/wp-content\/uploads\/2023\/09\/Ranunkel-1-300x400.jpg 300w\" sizes=\"auto, (max-width: 698px) 100vw, 698px\" \/><\/figure>\n<\/figure>\n\n\n\n<p><strong>Wussten Sie schon?<\/strong><\/p>\n\n\n\n<p>Bei Freiburg steht der h\u00f6chste offiziell vermessene Baum Deutschlands. Er ist \u00fcber 67 Meter hoch und wurde 1913 im Alter von drei Jahren eingepflanzt. Trotz des hohen Alters w\u00e4chst der Baum Jahr f\u00fcr Jahr etwa 30 cm in die H\u00f6he. Es handelt sich um eine aus Nordamerika stammende Douglasie.<\/p>\n","protected":false},"excerpt":{"rendered":"<p>Am Waldspielplatz in Kottweil herrscht morgens wieder fr\u00f6hliches Treiben, denn die Sommerferien sind zu Ende und die Waldkinder sind zur\u00fcck. Wie sch\u00f6n und aufregend zugleich! Es ist toll sich wieder zu sehen, von den Ferien zu berichten und gemeinsam\u00a0 in den Wald zu gehen. So manches ist aber auch anders als vor den Ferien. Wo&hellip; <a href=\"https:\/\/waldkindergarten-berglen.de\/?p=8181\" class=\"more-link\">Weiterlesen <span class=\"screen-reader-text\">Herzlich Willkommen \u2013 ein runder Start ins neue Kindergartenjahr<\/span><\/a><\/p>\n","protected":false},"author":10,"featured_media":0,"comment_status":"closed","ping_status":"closed","sticky":false,"template":"","format":"standard","meta":{"ngg_post_thumbnail":0,"_jetpack_memberships_contains_paid_content":false,"footnotes":""},"categories":[3],"tags":[],"class_list":["post-8181","post","type-post","status-publish","format-standard","hentry","category-berichte"],"jetpack_featured_media_url":"","jetpack_sharing_enabled":true,"_links":{"self":[{"href":"https:\/\/waldkindergarten-berglen.de\/index.php?rest_route=\/wp\/v2\/posts\/8181","targetHints":{"allow":["GET"]}}],"collection":[{"href":"https:\/\/waldkindergarten-berglen.de\/index.php?rest_route=\/wp\/v2\/posts"}],"about":[{"href":"https:\/\/waldkindergarten-berglen.de\/index.php?rest_route=\/wp\/v2\/types\/post"}],"author":[{"embeddable":true,"href":"https:\/\/waldkindergarten-berglen.de\/index.php?rest_route=\/wp\/v2\/users\/10"}],"replies":[{"embeddable":true,"href":"https:\/\/waldkindergarten-berglen.de\/index.php?rest_route=%2Fwp%2Fv2%2Fcomments&post=8181"}],"version-history":[{"count":1,"href":"https:\/\/waldkindergarten-berglen.de\/index.php?rest_route=\/wp\/v2\/posts\/8181\/revisions"}],"predecessor-version":[{"id":8186,"href":"https:\/\/waldkindergarten-berglen.de\/index.php?rest_route=\/wp\/v2\/posts\/8181\/revisions\/8186"}],"wp:attachment":[{"href":"https:\/\/waldkindergarten-berglen.de\/index.php?rest_route=%2Fwp%2Fv2%2Fmedia&parent=8181"}],"wp:term":[{"taxonomy":"category","embeddable":true,"href":"https:\/\/waldkindergarten-berglen.de\/index.php?rest_route=%2Fwp%2Fv2%2Fcategories&post=8181"},{"taxonomy":"post_tag","embeddable":true,"href":"https:\/\/waldkindergarten-berglen.de\/index.php?rest_route=%2Fwp%2Fv2%2Ftags&post=8181"}],"curies":[{"name":"wp","href":"https:\/\/api.w.org\/{rel}","templated":true}]}}