{"id":8301,"date":"2023-11-13T08:05:00","date_gmt":"2023-11-13T07:05:00","guid":{"rendered":"https:\/\/waldkindergarten-berglen.de\/?p=8301"},"modified":"2023-11-11T18:19:01","modified_gmt":"2023-11-11T17:19:01","slug":"herbstwald","status":"publish","type":"post","link":"https:\/\/waldkindergarten-berglen.de\/?p=8301","title":{"rendered":"Herbstwald"},"content":{"rendered":"\n<p>Die Tage werden k\u00fcrzer, die Natur ver\u00e4ndert sich und es wird sp\u00fcrbar k\u00fchler und nasser. Was sich f\u00fcr viele erstmal nach Schmuddelwetter anh\u00f6rt, ist f\u00fcr unsere Waldkinder eine besonders spannende Zeit. In der Natur gibt es jede Menge zu erleben, zu beobachten und zu entdecken. Endlich kann man wieder richtig matschen und H\u00fcgel hinunter rutschen. <\/p>\n\n\n\n<figure class=\"wp-block-gallery has-nested-images columns-default is-cropped wp-block-gallery-1 is-layout-flex wp-block-gallery-is-layout-flex\">\n<figure class=\"wp-block-image size-large\"><img loading=\"lazy\" decoding=\"async\" width=\"768\" height=\"1024\" data-id=\"8313\" src=\"https:\/\/waldkindergarten-berglen.de\/wp-content\/uploads\/2023\/11\/Rutschen-4.jpg\" alt=\"\" class=\"wp-image-8313\" srcset=\"https:\/\/waldkindergarten-berglen.de\/wp-content\/uploads\/2023\/11\/Rutschen-4.jpg 768w, https:\/\/waldkindergarten-berglen.de\/wp-content\/uploads\/2023\/11\/Rutschen-4-225x300.jpg 225w, https:\/\/waldkindergarten-berglen.de\/wp-content\/uploads\/2023\/11\/Rutschen-4-300x400.jpg 300w\" sizes=\"auto, (max-width: 768px) 100vw, 768px\" \/><\/figure>\n<\/figure>\n\n\n\n<p>Das haben die Waldkinder voll und ganz ausgekostet und viel Spa\u00df gehabt. Zu entdecken gibt es auch unendlich viel. Auf den Bl\u00e4ttern der Eiche haben die Kinder beispielsweise wundersch\u00f6ne Wassertropfen bewundert, die wie Perlen aussehen! Die Kinder machen t\u00e4glich vielf\u00e4ltige Erfahrungen, erleben \u00a0die Natur mit allen Sinnen und genie\u00dfen den Herbstwald.<\/p>\n\n\n\n<figure class=\"wp-block-gallery has-nested-images columns-default is-cropped wp-block-gallery-2 is-layout-flex wp-block-gallery-is-layout-flex\">\n<figure class=\"wp-block-image size-large\"><img loading=\"lazy\" decoding=\"async\" width=\"1024\" height=\"768\" data-id=\"8304\" src=\"https:\/\/waldkindergarten-berglen.de\/wp-content\/uploads\/2023\/11\/Herbstwald.jpg\" alt=\"\" class=\"wp-image-8304\" srcset=\"https:\/\/waldkindergarten-berglen.de\/wp-content\/uploads\/2023\/11\/Herbstwald.jpg 1024w, https:\/\/waldkindergarten-berglen.de\/wp-content\/uploads\/2023\/11\/Herbstwald-300x225.jpg 300w, https:\/\/waldkindergarten-berglen.de\/wp-content\/uploads\/2023\/11\/Herbstwald-768x576.jpg 768w, https:\/\/waldkindergarten-berglen.de\/wp-content\/uploads\/2023\/11\/Herbstwald-982x737.jpg 982w, https:\/\/waldkindergarten-berglen.de\/wp-content\/uploads\/2023\/11\/Herbstwald-400x300.jpg 400w\" sizes=\"auto, (max-width: 1024px) 100vw, 1024px\" \/><\/figure>\n<\/figure>\n\n\n\n<p>Zus\u00e4tzlich standen diese Woche die letzten Vorbereitungen f\u00fcr das Lichterfest auf dem Programm. Vor allem die \u201eF\u00fcchse\u201c haben viel zu tun gehabt. Es soll n\u00e4mlich eine Auff\u00fchrung geben und die Vorsch\u00fcler haben den gr\u00f6\u00dften Anteil daran. Da wurde die Kulisse fertig gebastelt und flei\u00dfig f\u00fcr die Auff\u00fchrung ge\u00fcbt. Auch die anderen Kinder werden bei der Auff\u00fchrung mitwirken und haben hierf\u00fcr sch\u00f6ne Windlichter mit einer Schwammtechnik gestaltet. <\/p>\n\n\n\n<figure class=\"wp-block-gallery has-nested-images columns-default is-cropped wp-block-gallery-3 is-layout-flex wp-block-gallery-is-layout-flex\">\n<figure class=\"wp-block-image size-large\"><img loading=\"lazy\" decoding=\"async\" width=\"1024\" height=\"768\" data-id=\"8307\" src=\"https:\/\/waldkindergarten-berglen.de\/wp-content\/uploads\/2023\/11\/Windlichter-1.jpg\" alt=\"\" class=\"wp-image-8307\" srcset=\"https:\/\/waldkindergarten-berglen.de\/wp-content\/uploads\/2023\/11\/Windlichter-1.jpg 1024w, https:\/\/waldkindergarten-berglen.de\/wp-content\/uploads\/2023\/11\/Windlichter-1-300x225.jpg 300w, https:\/\/waldkindergarten-berglen.de\/wp-content\/uploads\/2023\/11\/Windlichter-1-768x576.jpg 768w, https:\/\/waldkindergarten-berglen.de\/wp-content\/uploads\/2023\/11\/Windlichter-1-982x737.jpg 982w, https:\/\/waldkindergarten-berglen.de\/wp-content\/uploads\/2023\/11\/Windlichter-1-400x300.jpg 400w\" sizes=\"auto, (max-width: 1024px) 100vw, 1024px\" \/><\/figure>\n<\/figure>\n\n\n\n<p>Mehr wollen wir heute noch nicht verraten, denn es soll nat\u00fcrlich eine \u00dcberraschung werden. N\u00e4chste Woche k\u00f6nnen Sie an dieser Stelle mehr erfahren. Wir freuen uns \u00fcber Ihr Interesse!<\/p>\n\n\n\n<p><strong>Wussten Sie schon?<\/strong><\/p>\n\n\n\n<p>Nicht die K\u00e4lte, sondern der Nahrungsmangel in der kalten Jahreszeit sorgt daf\u00fcr, dass Zugv\u00f6gel allj\u00e4hrlich in Richtung S\u00fcden ziehen. Rund 80 der 250 in Deutschland br\u00fctenden Vogelarten sind Langstreckenzieher. Sie machen sich jedes Jahr zur gleichen Zeit auf den Weg in ihre Winterquartiere in Afrika und legen dabei zum Teil weit \u00fcber 4.000 Kilometer zur\u00fcck.<\/p>\n","protected":false},"excerpt":{"rendered":"<p>Die Tage werden k\u00fcrzer, die Natur ver\u00e4ndert sich und es wird sp\u00fcrbar k\u00fchler und nasser. Was sich f\u00fcr viele erstmal nach Schmuddelwetter anh\u00f6rt, ist f\u00fcr unsere Waldkinder eine besonders spannende Zeit. In der Natur gibt es jede Menge zu erleben, zu beobachten und zu entdecken. Endlich kann man wieder richtig matschen und H\u00fcgel hinunter rutschen.&hellip; <a href=\"https:\/\/waldkindergarten-berglen.de\/?p=8301\" class=\"more-link\">Weiterlesen <span class=\"screen-reader-text\">Herbstwald<\/span><\/a><\/p>\n","protected":false},"author":10,"featured_media":0,"comment_status":"closed","ping_status":"closed","sticky":false,"template":"","format":"standard","meta":{"ngg_post_thumbnail":0,"_jetpack_memberships_contains_paid_content":false,"footnotes":""},"categories":[3],"tags":[],"class_list":["post-8301","post","type-post","status-publish","format-standard","hentry","category-berichte"],"jetpack_featured_media_url":"","jetpack_sharing_enabled":true,"_links":{"self":[{"href":"https:\/\/waldkindergarten-berglen.de\/index.php?rest_route=\/wp\/v2\/posts\/8301","targetHints":{"allow":["GET"]}}],"collection":[{"href":"https:\/\/waldkindergarten-berglen.de\/index.php?rest_route=\/wp\/v2\/posts"}],"about":[{"href":"https:\/\/waldkindergarten-berglen.de\/index.php?rest_route=\/wp\/v2\/types\/post"}],"author":[{"embeddable":true,"href":"https:\/\/waldkindergarten-berglen.de\/index.php?rest_route=\/wp\/v2\/users\/10"}],"replies":[{"embeddable":true,"href":"https:\/\/waldkindergarten-berglen.de\/index.php?rest_route=%2Fwp%2Fv2%2Fcomments&post=8301"}],"version-history":[{"count":3,"href":"https:\/\/waldkindergarten-berglen.de\/index.php?rest_route=\/wp\/v2\/posts\/8301\/revisions"}],"predecessor-version":[{"id":8315,"href":"https:\/\/waldkindergarten-berglen.de\/index.php?rest_route=\/wp\/v2\/posts\/8301\/revisions\/8315"}],"wp:attachment":[{"href":"https:\/\/waldkindergarten-berglen.de\/index.php?rest_route=%2Fwp%2Fv2%2Fmedia&parent=8301"}],"wp:term":[{"taxonomy":"category","embeddable":true,"href":"https:\/\/waldkindergarten-berglen.de\/index.php?rest_route=%2Fwp%2Fv2%2Fcategories&post=8301"},{"taxonomy":"post_tag","embeddable":true,"href":"https:\/\/waldkindergarten-berglen.de\/index.php?rest_route=%2Fwp%2Fv2%2Ftags&post=8301"}],"curies":[{"name":"wp","href":"https:\/\/api.w.org\/{rel}","templated":true}]}}