{"id":8325,"date":"2023-11-20T08:05:00","date_gmt":"2023-11-20T07:05:00","guid":{"rendered":"https:\/\/waldkindergarten-berglen.de\/?p=8325"},"modified":"2023-11-19T20:23:45","modified_gmt":"2023-11-19T19:23:45","slug":"wunderschoenes-lichterfest","status":"publish","type":"post","link":"https:\/\/waldkindergarten-berglen.de\/?p=8325","title":{"rendered":"Wundersch\u00f6nes Lichterfest"},"content":{"rendered":"\n<p>Endlich hatte das Warten ein Ende und neugierige Eltern, die von ihren Kindern nun wirklich auf die Folter gespannt worden sind, konnten erfahren, was lange und intensiv f\u00fcr das Lichterfest in diesem Herbst vorbereitet worden ist. Am Nachmittag fanden sich die Kinder mit ihren Eltern oder auch Gro\u00dfeltern am Spielplatz ein. Der str\u00f6mende Regen konnte niemanden schrecken, an matschige Kinderhosen sind ja alle schon gew\u00f6hnt, da machte es auch nichts aus, dass die eigene Kleidung bei dem einen oder anderen auch nass und dreckig wurde.<\/p>\n\n\n\n<p>Wie schon die ganzen Aktivit\u00e4ten der Kinder in den letzten Wochen stand auch das Lichterfest unter dem Motto der Farben, der Ver\u00e4nderungen im Herbst und nat\u00fcrlich spielte Frederick, die Maus aus dem Buch von Leo Leonni, die Hauptrolle.<\/p>\n\n\n\n<figure class=\"wp-block-image size-large\"><img loading=\"lazy\" decoding=\"async\" width=\"1024\" height=\"768\" src=\"https:\/\/waldkindergarten-berglen.de\/wp-content\/uploads\/2023\/11\/Blaetterfarben-1024x768.jpg\" alt=\"\" class=\"wp-image-8326\" srcset=\"https:\/\/waldkindergarten-berglen.de\/wp-content\/uploads\/2023\/11\/Blaetterfarben-1024x768.jpg 1024w, https:\/\/waldkindergarten-berglen.de\/wp-content\/uploads\/2023\/11\/Blaetterfarben-300x225.jpg 300w, https:\/\/waldkindergarten-berglen.de\/wp-content\/uploads\/2023\/11\/Blaetterfarben-768x576.jpg 768w, https:\/\/waldkindergarten-berglen.de\/wp-content\/uploads\/2023\/11\/Blaetterfarben-1536x1152.jpg 1536w, https:\/\/waldkindergarten-berglen.de\/wp-content\/uploads\/2023\/11\/Blaetterfarben-982x737.jpg 982w, https:\/\/waldkindergarten-berglen.de\/wp-content\/uploads\/2023\/11\/Blaetterfarben-400x300.jpg 400w, https:\/\/waldkindergarten-berglen.de\/wp-content\/uploads\/2023\/11\/Blaetterfarben.jpg 2000w\" sizes=\"auto, (max-width: 1024px) 100vw, 1024px\" \/><\/figure>\n\n\n\n<p>Von einem bunt gestalteten Kreis aus unterschiedlich gef\u00e4rbten Bl\u00e4ttern wurden die Eltern einen langen, schmalen Pfad durch den nassen Wald bis zur \u201eDicken Berta\u201c gef\u00fchrt, vorbei an vielen Windlichtern, die in der D\u00e4mmerung den Weg wiesen. Dort angekommen versammelten sich alle vor der aufgebauten Leinwand. Die Vorf\u00fchrung spielte die bereits bekannte Geschichte von Frederick, der Maus, die in der alten Steinmauer wohnt. Im Gegensatz zu den anderen M\u00e4usen sammelt sie nicht Essensvorr\u00e4te f\u00fcr den Winter, sondern Sonnenstrahlen, Farben und W\u00f6rter. Damit erw\u00e4rmt sie das Herz der M\u00e4use, als die K\u00f6rner, Beeren und N\u00fcsse bereits aufgebraucht sind.<\/p>\n\n\n\n<p>Die Vorf\u00fchrung hatte durch Wechsel in der B\u00fchnenfolge sogar einen Musical-Charakter. Mal war es ein Schattenspiel, mal agierten die Kinder auf der Fl\u00e4che vor der Schattenspielleinwand, mal sangen sie ein Lied.<\/p>\n\n\n\n<p>Die Protagonisten \u2013 Frederick und die M\u00e4use \u2013 wurden von den Vorschulkindern, den F\u00fcchsen dargestellt. Zur Vorbereitung hatten diese in den letzten Wochen zun\u00e4chst Theaterspiele gemacht. Sie stellten verschiedene Rollen pantomimisch dar und die anderen mussten es erraten. Auch die Wirkung der Mimik besprachen die Erzieherinnen mit ihnen: Wie stelle ich mich traurig, gl\u00fccklich oder zufrieden dar? Die Rollenverteilung machten die Kinder selbstst\u00e4ndig untereinander aus und bei \u00dcberschneidungen lernten sie, wie sie zum Beispiel mit Ausz\u00e4hlen eine L\u00f6sung finden konnten. Jeder ging hierbei auch in sich, um herauszufinden, welche Rolle zu ihm passt und was sich welches Kind selbst zutraut.<\/p>\n\n\n\n<p>Die Kulissen und Verkleidungen stellten sie ebenfalls selbst aus Eierkartons, Draht, bemalten Steinen u.v.m. her und probierten aus, was man im Publikum gut sehen kann und wie es wirkt. Sie studierten auch den Ablauf, die Texte, die Abfolge der Beleuchtung und der Musik sowie die Lieder ein.<\/p>\n\n\n\n<figure class=\"wp-block-image size-large\"><img loading=\"lazy\" decoding=\"async\" width=\"1024\" height=\"577\" src=\"https:\/\/waldkindergarten-berglen.de\/wp-content\/uploads\/2023\/11\/Maeuse-an-der-Steinmauer-1024x577.jpg\" alt=\"\" class=\"wp-image-8327\" srcset=\"https:\/\/waldkindergarten-berglen.de\/wp-content\/uploads\/2023\/11\/Maeuse-an-der-Steinmauer-1024x577.jpg 1024w, https:\/\/waldkindergarten-berglen.de\/wp-content\/uploads\/2023\/11\/Maeuse-an-der-Steinmauer-300x169.jpg 300w, https:\/\/waldkindergarten-berglen.de\/wp-content\/uploads\/2023\/11\/Maeuse-an-der-Steinmauer-768x432.jpg 768w, https:\/\/waldkindergarten-berglen.de\/wp-content\/uploads\/2023\/11\/Maeuse-an-der-Steinmauer-982x553.jpg 982w, https:\/\/waldkindergarten-berglen.de\/wp-content\/uploads\/2023\/11\/Maeuse-an-der-Steinmauer-400x225.jpg 400w, https:\/\/waldkindergarten-berglen.de\/wp-content\/uploads\/2023\/11\/Maeuse-an-der-Steinmauer.jpg 1156w\" sizes=\"auto, (max-width: 1024px) 100vw, 1024px\" \/><\/figure>\n\n\n\n<p>Unterst\u00fctzung bekamen die F\u00fcchse von den \u00fcbrigen Kindern. Die Wichtel stellten die Sonnenstrahlen dar, die Frederick den M\u00e4usen schickt. Hierf\u00fcr drehten sie gelbe Stoffbahnen, die in der Dunkelheit hell angestrahlt waren, im Kreis. Mit Riesenseifenblasen, die bunt beleuchtet wurden, bewirkten die Zwerge die Farben in der Geschichte. Zum Schluss trug ein besonders mutiges Kind, eines der F\u00fcchse, noch das Jahreszeitengedicht von Frederick vor. Nach tosendem Applaus sangen alle gemeinsam: \u201eFrederick, Frederick, so hei\u00dft Du, kleine Maus. Frederick, Frederick, die Mauer ist Dein Haus!\u201c<\/p>\n\n\n\n<figure class=\"wp-block-image size-large\"><img loading=\"lazy\" decoding=\"async\" width=\"1024\" height=\"577\" src=\"https:\/\/waldkindergarten-berglen.de\/wp-content\/uploads\/2023\/11\/Applaus-fuer-die-Kinder-1024x577.jpg\" alt=\"\" class=\"wp-image-8328\" srcset=\"https:\/\/waldkindergarten-berglen.de\/wp-content\/uploads\/2023\/11\/Applaus-fuer-die-Kinder-1024x577.jpg 1024w, https:\/\/waldkindergarten-berglen.de\/wp-content\/uploads\/2023\/11\/Applaus-fuer-die-Kinder-300x169.jpg 300w, https:\/\/waldkindergarten-berglen.de\/wp-content\/uploads\/2023\/11\/Applaus-fuer-die-Kinder-768x432.jpg 768w, https:\/\/waldkindergarten-berglen.de\/wp-content\/uploads\/2023\/11\/Applaus-fuer-die-Kinder-982x553.jpg 982w, https:\/\/waldkindergarten-berglen.de\/wp-content\/uploads\/2023\/11\/Applaus-fuer-die-Kinder-400x225.jpg 400w, https:\/\/waldkindergarten-berglen.de\/wp-content\/uploads\/2023\/11\/Applaus-fuer-die-Kinder.jpg 1156w\" sizes=\"auto, (max-width: 1024px) 100vw, 1024px\" \/><\/figure>\n\n\n\n<p>Nachdem es nun dunkel und kalt geworden war, die Kleidung durchn\u00e4sst, knurrte sicher dem einen oder anderen \u2013 Kindern sowie Eltern \u2013 der Magen. Nur gut, dass zum Abschluss des Lichterfestes alle zum St\u00fcckle gehen durften, wo die Elternbeir\u00e4tinnen die Versorgung mit Leberk\u00e4sweckle organisiert hatten und viele Eltern Kinderpunsch bereitgestellt hatten. Nochmals vielen herzlichen Dank an alle, die zum Gelingen des wundersch\u00f6nen Lichterfests beigetragen haben!<\/p>\n\n\n\n<p><strong>Wussten Sie schon?<\/strong><\/p>\n\n\n\n<p><em>Verschiedene Tiere wie zum Beispiel Igel, Siebenschl\u00e4fer, Murmeltiere und Flederm\u00e4use halten einen Winterschlaf. Sie verbringen die kalte Jahreszeit mit abgesenkter K\u00f6rpertemperatur, unregelm\u00e4\u00dfiger Atmung, reduziertem Stoffwechsel und seltenerem Herzschlag. Das ist ihre Strategie, um die Zeit mit strenger Witterung und Nahrungsknappheit zu \u00fcberstehen.<\/em><\/p>\n","protected":false},"excerpt":{"rendered":"<p>Endlich hatte das Warten ein Ende und neugierige Eltern, die von ihren Kindern nun wirklich auf die Folter gespannt worden sind, konnten erfahren, was lange und intensiv f\u00fcr das Lichterfest in diesem Herbst vorbereitet worden ist. Am Nachmittag fanden sich die Kinder mit ihren Eltern oder auch Gro\u00dfeltern am Spielplatz ein. Der str\u00f6mende Regen konnte&hellip; <a href=\"https:\/\/waldkindergarten-berglen.de\/?p=8325\" class=\"more-link\">Weiterlesen <span class=\"screen-reader-text\">Wundersch\u00f6nes Lichterfest<\/span><\/a><\/p>\n","protected":false},"author":11,"featured_media":0,"comment_status":"closed","ping_status":"closed","sticky":false,"template":"","format":"standard","meta":{"ngg_post_thumbnail":0,"_jetpack_memberships_contains_paid_content":false,"footnotes":""},"categories":[3],"tags":[],"class_list":["post-8325","post","type-post","status-publish","format-standard","hentry","category-berichte"],"jetpack_featured_media_url":"","jetpack_sharing_enabled":true,"_links":{"self":[{"href":"https:\/\/waldkindergarten-berglen.de\/index.php?rest_route=\/wp\/v2\/posts\/8325","targetHints":{"allow":["GET"]}}],"collection":[{"href":"https:\/\/waldkindergarten-berglen.de\/index.php?rest_route=\/wp\/v2\/posts"}],"about":[{"href":"https:\/\/waldkindergarten-berglen.de\/index.php?rest_route=\/wp\/v2\/types\/post"}],"author":[{"embeddable":true,"href":"https:\/\/waldkindergarten-berglen.de\/index.php?rest_route=\/wp\/v2\/users\/11"}],"replies":[{"embeddable":true,"href":"https:\/\/waldkindergarten-berglen.de\/index.php?rest_route=%2Fwp%2Fv2%2Fcomments&post=8325"}],"version-history":[{"count":1,"href":"https:\/\/waldkindergarten-berglen.de\/index.php?rest_route=\/wp\/v2\/posts\/8325\/revisions"}],"predecessor-version":[{"id":8329,"href":"https:\/\/waldkindergarten-berglen.de\/index.php?rest_route=\/wp\/v2\/posts\/8325\/revisions\/8329"}],"wp:attachment":[{"href":"https:\/\/waldkindergarten-berglen.de\/index.php?rest_route=%2Fwp%2Fv2%2Fmedia&parent=8325"}],"wp:term":[{"taxonomy":"category","embeddable":true,"href":"https:\/\/waldkindergarten-berglen.de\/index.php?rest_route=%2Fwp%2Fv2%2Fcategories&post=8325"},{"taxonomy":"post_tag","embeddable":true,"href":"https:\/\/waldkindergarten-berglen.de\/index.php?rest_route=%2Fwp%2Fv2%2Ftags&post=8325"}],"curies":[{"name":"wp","href":"https:\/\/api.w.org\/{rel}","templated":true}]}}