{"id":8362,"date":"2023-12-18T08:05:00","date_gmt":"2023-12-18T07:05:00","guid":{"rendered":"https:\/\/waldkindergarten-berglen.de\/?p=8362"},"modified":"2023-12-17T20:48:23","modified_gmt":"2023-12-17T19:48:23","slug":"advent-im-wald","status":"publish","type":"post","link":"https:\/\/waldkindergarten-berglen.de\/?p=8362","title":{"rendered":"Advent im Wald"},"content":{"rendered":"\n<p>Die Vorfreude auf Weihnachten steigt und die Adventszeit im Wald ist wie jedes Jahr bezaubernd und besinnlich. In dieser Woche fand an zwei Tagen ein Adventssingen mit den Eltern statt. Wer Zeit hatte ist gekommen, um gemeinsam Weihnachtslieder zu singen. Mit einer Kerze in der Hand ging jede Familie zu einem weihnachtlich vorbereiteten Platz. Vorsichtig und langsam, damit die Kerze nicht aus ging. Um einen gro\u00dfen, aus Naturmaterialien gelegten Stern haben sich alle versammelt und gemeinsam Weihnachtslieder angestimmt.<\/p>\n\n\n\n<figure class=\"wp-block-gallery has-nested-images columns-default is-cropped wp-block-gallery-1 is-layout-flex wp-block-gallery-is-layout-flex\">\n<figure class=\"wp-block-image size-large\"><img loading=\"lazy\" decoding=\"async\" width=\"1024\" height=\"768\" data-id=\"8363\" src=\"https:\/\/waldkindergarten-berglen.de\/wp-content\/uploads\/2023\/12\/Singen-4-1024x768.jpg\" alt=\"\" class=\"wp-image-8363\" srcset=\"https:\/\/waldkindergarten-berglen.de\/wp-content\/uploads\/2023\/12\/Singen-4-1024x768.jpg 1024w, https:\/\/waldkindergarten-berglen.de\/wp-content\/uploads\/2023\/12\/Singen-4-300x225.jpg 300w, https:\/\/waldkindergarten-berglen.de\/wp-content\/uploads\/2023\/12\/Singen-4-768x576.jpg 768w, https:\/\/waldkindergarten-berglen.de\/wp-content\/uploads\/2023\/12\/Singen-4-982x737.jpg 982w, https:\/\/waldkindergarten-berglen.de\/wp-content\/uploads\/2023\/12\/Singen-4-400x300.jpg 400w, https:\/\/waldkindergarten-berglen.de\/wp-content\/uploads\/2023\/12\/Singen-4.jpg 1194w\" sizes=\"auto, (max-width: 1024px) 100vw, 1024px\" \/><\/figure>\n<\/figure>\n\n\n\n<p>\u201eIhr Kinderlein kommet\u201c ert\u00f6nte es da beispielsweise am Waldspielplatz. Und auch das Lied \u201eAdventskalender im Dezember\u201c wurde gesungen. Die Eltern konnten so ein wenig in den weihnachtlichen Waldzauber ihrer Kinder eintauchen, denn dieses Lied wird jeden Tag gemeinsam gesungen, wenn aus einigen Kindern \u201eGlitzerkinder\u201c geworden sind \u2013die Adventskalendertradition im Wald. \u201eSchneefl\u00f6ckchen Wei\u00dfr\u00f6ckchen\u201c durfte nat\u00fcrlich auch nicht fehlen. \u201eWann kommst du geschneit?\u201c Das fragen sich die Kinder n\u00e4mlich gerade und hoffen, dass sie mit diesem Lied den Schnee herbeisingen konnten. Letztes Jahr hat es zumindest geklappt. Im Anschluss an das gemeinsame Singen wurden bereits&nbsp; Weihnachts-Heimlichkeiten gel\u00fcftet und die Familien durften die ersten gebastelten Sch\u00e4tze aus der Weihnachtswerkstatt bestaunen und mit nach Hause nehmen.<\/p>\n\n\n\n<figure class=\"wp-block-gallery has-nested-images columns-default is-cropped wp-block-gallery-2 is-layout-flex wp-block-gallery-is-layout-flex\">\n<figure class=\"wp-block-image size-large\"><img loading=\"lazy\" decoding=\"async\" width=\"1024\" height=\"768\" data-id=\"8366\" src=\"https:\/\/waldkindergarten-berglen.de\/wp-content\/uploads\/2023\/12\/Weihnachtswerkstatt-3-1024x768.jpg\" alt=\"\" class=\"wp-image-8366\" srcset=\"https:\/\/waldkindergarten-berglen.de\/wp-content\/uploads\/2023\/12\/Weihnachtswerkstatt-3-1024x768.jpg 1024w, https:\/\/waldkindergarten-berglen.de\/wp-content\/uploads\/2023\/12\/Weihnachtswerkstatt-3-300x225.jpg 300w, https:\/\/waldkindergarten-berglen.de\/wp-content\/uploads\/2023\/12\/Weihnachtswerkstatt-3-768x576.jpg 768w, https:\/\/waldkindergarten-berglen.de\/wp-content\/uploads\/2023\/12\/Weihnachtswerkstatt-3-1536x1152.jpg 1536w, https:\/\/waldkindergarten-berglen.de\/wp-content\/uploads\/2023\/12\/Weihnachtswerkstatt-3-982x737.jpg 982w, https:\/\/waldkindergarten-berglen.de\/wp-content\/uploads\/2023\/12\/Weihnachtswerkstatt-3-400x300.jpg 400w, https:\/\/waldkindergarten-berglen.de\/wp-content\/uploads\/2023\/12\/Weihnachtswerkstatt-3.jpg 2048w\" sizes=\"auto, (max-width: 1024px) 100vw, 1024px\" \/><\/figure>\n<\/figure>\n\n\n\n<p>F\u00fcr die Kinder geh\u00f6rt zur Adventszeit auch eine t\u00e4gliche Geschichte, die sie im Adventsg\u00e4rtchen am Weihnachtsplatz h\u00f6ren. In diesem Jahr geht es um Balduin, der jeden Tag einen Waldschatz sammelt und ihn in sein Regal legt. Sobald Balduin das Zimmer verl\u00e4sst, fangen die Waldsch\u00e4tze an miteinander zu&nbsp; sprechen. Jeden Tag erz\u00e4hlt einer der Waldsch\u00e4tze eine zauberhafte Geschichte. Manchmal etwas von dem Ort, an dem er gefunden wurde und manchmal auch etwas ganz anderes. Eine wunderbar waldige Adventsgeschichte f\u00fcr unsere Kinder, die gebannt zuh\u00f6ren und sich jeden Tag darauf freuen. N\u00e4chste Woche findet noch die Weihnachtsfeier im Wald statt, zu der auch die Eltern eingeladen sind. Wir freuen uns darauf und w\u00fcnschen an dieser Stelle allen Lesern frohe Weihnachten und einen guten Rutsch ins neue Jahr!<\/p>\n\n\n\n<p><strong>Wussten Sie schon?<\/strong><\/p>\n\n\n\n<p>Wei\u00dfe Weihnachten sind bei uns gar nicht so typisch, denn Weihnachten liegt terminlich hierf\u00fcr einfach etwas ung\u00fcnstig: Am 22. Dezember beginnt der Winter erst. Dass die Meteorologen den 1. Dezember als Winteranfang sehen, hat haupts\u00e4chlich statistische Gr\u00fcnde.<\/p>\n","protected":false},"excerpt":{"rendered":"<p>Die Vorfreude auf Weihnachten steigt und die Adventszeit im Wald ist wie jedes Jahr bezaubernd und besinnlich. In dieser Woche fand an zwei Tagen ein Adventssingen mit den Eltern statt. Wer Zeit hatte ist gekommen, um gemeinsam Weihnachtslieder zu singen. Mit einer Kerze in der Hand ging jede Familie zu einem weihnachtlich vorbereiteten Platz. Vorsichtig&hellip; <a href=\"https:\/\/waldkindergarten-berglen.de\/?p=8362\" class=\"more-link\">Weiterlesen <span class=\"screen-reader-text\">Advent im Wald<\/span><\/a><\/p>\n","protected":false},"author":10,"featured_media":0,"comment_status":"closed","ping_status":"closed","sticky":false,"template":"","format":"standard","meta":{"ngg_post_thumbnail":0,"_jetpack_memberships_contains_paid_content":false,"footnotes":""},"categories":[3],"tags":[],"class_list":["post-8362","post","type-post","status-publish","format-standard","hentry","category-berichte"],"jetpack_featured_media_url":"","jetpack_sharing_enabled":true,"_links":{"self":[{"href":"https:\/\/waldkindergarten-berglen.de\/index.php?rest_route=\/wp\/v2\/posts\/8362","targetHints":{"allow":["GET"]}}],"collection":[{"href":"https:\/\/waldkindergarten-berglen.de\/index.php?rest_route=\/wp\/v2\/posts"}],"about":[{"href":"https:\/\/waldkindergarten-berglen.de\/index.php?rest_route=\/wp\/v2\/types\/post"}],"author":[{"embeddable":true,"href":"https:\/\/waldkindergarten-berglen.de\/index.php?rest_route=\/wp\/v2\/users\/10"}],"replies":[{"embeddable":true,"href":"https:\/\/waldkindergarten-berglen.de\/index.php?rest_route=%2Fwp%2Fv2%2Fcomments&post=8362"}],"version-history":[{"count":1,"href":"https:\/\/waldkindergarten-berglen.de\/index.php?rest_route=\/wp\/v2\/posts\/8362\/revisions"}],"predecessor-version":[{"id":8367,"href":"https:\/\/waldkindergarten-berglen.de\/index.php?rest_route=\/wp\/v2\/posts\/8362\/revisions\/8367"}],"wp:attachment":[{"href":"https:\/\/waldkindergarten-berglen.de\/index.php?rest_route=%2Fwp%2Fv2%2Fmedia&parent=8362"}],"wp:term":[{"taxonomy":"category","embeddable":true,"href":"https:\/\/waldkindergarten-berglen.de\/index.php?rest_route=%2Fwp%2Fv2%2Fcategories&post=8362"},{"taxonomy":"post_tag","embeddable":true,"href":"https:\/\/waldkindergarten-berglen.de\/index.php?rest_route=%2Fwp%2Fv2%2Ftags&post=8362"}],"curies":[{"name":"wp","href":"https:\/\/api.w.org\/{rel}","templated":true}]}}