{"id":8385,"date":"2024-01-29T08:05:00","date_gmt":"2024-01-29T07:05:00","guid":{"rendered":"https:\/\/waldkindergarten-berglen.de\/?p=8385"},"modified":"2024-01-28T20:35:35","modified_gmt":"2024-01-28T19:35:35","slug":"weiter-gehts-mit-zwerglein-frost","status":"publish","type":"post","link":"https:\/\/waldkindergarten-berglen.de\/?p=8385","title":{"rendered":"Weiter geht\u2019s mit Zwerglein Frost"},"content":{"rendered":"\n<p>Jetzt haben schon die Vorbereitungen f\u00fcr die diesj\u00e4hrige Faschingsverkleidung begonnen. Mit dabei ist nat\u00fcrlich wieder das Zwerglein Frost, das mit seiner Geschichte seit Kurzem die Kinder begleitet. In der Fuchsschule bereiteten die Vorsch\u00fcler Zwergenm\u00fctzen f\u00fcr alle anderen Kinder vor. Daf\u00fcr gingen sie in das Spatzennest in Kottweil und n\u00e4hten mit der N\u00e4hmaschine Wollvliesstoff so zusammen, dass es eine M\u00fctze mit hoher Spitze wurde \u2013 eine richtige Zwergenm\u00fctze eben.<\/p>\n\n\n\n<figure class=\"wp-block-image size-large\"><img loading=\"lazy\" decoding=\"async\" width=\"768\" height=\"1024\" src=\"https:\/\/waldkindergarten-berglen.de\/wp-content\/uploads\/2024\/01\/Fuechse-arbeiten-an-der-Naehmaschine-768x1024.jpg\" alt=\"\" class=\"wp-image-8386\" srcset=\"https:\/\/waldkindergarten-berglen.de\/wp-content\/uploads\/2024\/01\/Fuechse-arbeiten-an-der-Naehmaschine-768x1024.jpg 768w, https:\/\/waldkindergarten-berglen.de\/wp-content\/uploads\/2024\/01\/Fuechse-arbeiten-an-der-Naehmaschine-225x300.jpg 225w, https:\/\/waldkindergarten-berglen.de\/wp-content\/uploads\/2024\/01\/Fuechse-arbeiten-an-der-Naehmaschine-1152x1536.jpg 1152w, https:\/\/waldkindergarten-berglen.de\/wp-content\/uploads\/2024\/01\/Fuechse-arbeiten-an-der-Naehmaschine-982x1309.jpg 982w, https:\/\/waldkindergarten-berglen.de\/wp-content\/uploads\/2024\/01\/Fuechse-arbeiten-an-der-Naehmaschine-300x400.jpg 300w, https:\/\/waldkindergarten-berglen.de\/wp-content\/uploads\/2024\/01\/Fuechse-arbeiten-an-der-Naehmaschine.jpg 1200w\" sizes=\"auto, (max-width: 768px) 100vw, 768px\" \/><\/figure>\n\n\n\n<p>Alle Kinder bekamen dann die vorbereiteten M\u00fctzen und trafen sich ebenfalls im Spatzennest. Dort filzten sie unterschiedliche Blaut\u00f6ne in die Spitze der M\u00fctze ein, damit sie richtig eisig und frostig aussehen, so wie es dem Zwerglein Frost gef\u00e4llt. Daf\u00fcr hatten sie Seifenst\u00fccke und Beh\u00e4lter mit warmem Wasser, um die blaue Wolle richtig sch\u00f6n zu verfilzen.<\/p>\n\n\n\n<p>Die Kinder machen hierbei eine taktile Erfahrung, wenn sie sich mit dem warmem Wasser, der glitschigen Seife und und der immer mehr verfilzten Wolle besch\u00e4ftigen. Das Filzen spricht neben dem Tastsinn auch den Geruchssinn an, weil die Schafwolle ganz besonders riecht, wenn sie mit dem warmen Wasser in Ber\u00fchrung kommt.<\/p>\n\n\n\n<figure class=\"wp-block-image size-full\"><img loading=\"lazy\" decoding=\"async\" width=\"768\" height=\"1024\" src=\"https:\/\/waldkindergarten-berglen.de\/wp-content\/uploads\/2024\/01\/Wolle-filzen.jpg\" alt=\"\" class=\"wp-image-8387\" srcset=\"https:\/\/waldkindergarten-berglen.de\/wp-content\/uploads\/2024\/01\/Wolle-filzen.jpg 768w, https:\/\/waldkindergarten-berglen.de\/wp-content\/uploads\/2024\/01\/Wolle-filzen-225x300.jpg 225w, https:\/\/waldkindergarten-berglen.de\/wp-content\/uploads\/2024\/01\/Wolle-filzen-300x400.jpg 300w\" sizes=\"auto, (max-width: 768px) 100vw, 768px\" \/><\/figure>\n\n\n\n<p>Die Geschichte des Zwerglein Frost kam in dieser Woche wieder in einer anderen Form: dieses Mal als Geschichten-Massage. Die Kinder durften die Erlebnisse auf ihren R\u00fccken gegenseitig nachspielen und sich so noch einmal ganz anders in die Welt des Zwerglein Frost hineinversetzen.<\/p>\n\n\n\n<figure class=\"wp-block-image size-full\"><img loading=\"lazy\" decoding=\"async\" width=\"1024\" height=\"768\" src=\"https:\/\/waldkindergarten-berglen.de\/wp-content\/uploads\/2024\/01\/Zwerglein-Frost.jpg\" alt=\"\" class=\"wp-image-8388\" srcset=\"https:\/\/waldkindergarten-berglen.de\/wp-content\/uploads\/2024\/01\/Zwerglein-Frost.jpg 1024w, https:\/\/waldkindergarten-berglen.de\/wp-content\/uploads\/2024\/01\/Zwerglein-Frost-300x225.jpg 300w, https:\/\/waldkindergarten-berglen.de\/wp-content\/uploads\/2024\/01\/Zwerglein-Frost-768x576.jpg 768w, https:\/\/waldkindergarten-berglen.de\/wp-content\/uploads\/2024\/01\/Zwerglein-Frost-982x737.jpg 982w, https:\/\/waldkindergarten-berglen.de\/wp-content\/uploads\/2024\/01\/Zwerglein-Frost-400x300.jpg 400w\" sizes=\"auto, (max-width: 1024px) 100vw, 1024px\" \/><\/figure>\n\n\n\n<p><strong>Wussten Sie schon?<\/strong><\/p>\n\n\n\n<p><em>F\u00fcr die Gewinnung von Wolle spielt das Hausschaf die bedeutendste Rolle. Wussten Sie schon, dass es f\u00fcr Schafe lebensbedrohlich ist, wenn sie sich in R\u00fcckenlage befinden? Wenn sie sich auf dem Boden w\u00e4lzen, kann es passieren, dass sie es von der R\u00fcckenlage nicht mehr in die Bauchlage schaffen und dann drohen zu ersticken. Wenn Sie beim Spazieren gehen ein Schaf auf dem R\u00fccken sehen, sollten Sie schnell handeln, die Weide betreten und dem Schaf mit einem leichten Schubs zur\u00fcck auf die Beine verhelfen.<\/em><\/p>\n","protected":false},"excerpt":{"rendered":"<p>Jetzt haben schon die Vorbereitungen f\u00fcr die diesj\u00e4hrige Faschingsverkleidung begonnen. Mit dabei ist nat\u00fcrlich wieder das Zwerglein Frost, das mit seiner Geschichte seit Kurzem die Kinder begleitet. In der Fuchsschule bereiteten die Vorsch\u00fcler Zwergenm\u00fctzen f\u00fcr alle anderen Kinder vor. Daf\u00fcr gingen sie in das Spatzennest in Kottweil und n\u00e4hten mit der N\u00e4hmaschine Wollvliesstoff so zusammen,&hellip; <a href=\"https:\/\/waldkindergarten-berglen.de\/?p=8385\" class=\"more-link\">Weiterlesen <span class=\"screen-reader-text\">Weiter geht\u2019s mit Zwerglein Frost<\/span><\/a><\/p>\n","protected":false},"author":11,"featured_media":0,"comment_status":"closed","ping_status":"closed","sticky":false,"template":"","format":"standard","meta":{"ngg_post_thumbnail":0,"_jetpack_memberships_contains_paid_content":false,"footnotes":""},"categories":[3],"tags":[],"class_list":["post-8385","post","type-post","status-publish","format-standard","hentry","category-berichte"],"jetpack_featured_media_url":"","jetpack_sharing_enabled":true,"_links":{"self":[{"href":"https:\/\/waldkindergarten-berglen.de\/index.php?rest_route=\/wp\/v2\/posts\/8385","targetHints":{"allow":["GET"]}}],"collection":[{"href":"https:\/\/waldkindergarten-berglen.de\/index.php?rest_route=\/wp\/v2\/posts"}],"about":[{"href":"https:\/\/waldkindergarten-berglen.de\/index.php?rest_route=\/wp\/v2\/types\/post"}],"author":[{"embeddable":true,"href":"https:\/\/waldkindergarten-berglen.de\/index.php?rest_route=\/wp\/v2\/users\/11"}],"replies":[{"embeddable":true,"href":"https:\/\/waldkindergarten-berglen.de\/index.php?rest_route=%2Fwp%2Fv2%2Fcomments&post=8385"}],"version-history":[{"count":1,"href":"https:\/\/waldkindergarten-berglen.de\/index.php?rest_route=\/wp\/v2\/posts\/8385\/revisions"}],"predecessor-version":[{"id":8389,"href":"https:\/\/waldkindergarten-berglen.de\/index.php?rest_route=\/wp\/v2\/posts\/8385\/revisions\/8389"}],"wp:attachment":[{"href":"https:\/\/waldkindergarten-berglen.de\/index.php?rest_route=%2Fwp%2Fv2%2Fmedia&parent=8385"}],"wp:term":[{"taxonomy":"category","embeddable":true,"href":"https:\/\/waldkindergarten-berglen.de\/index.php?rest_route=%2Fwp%2Fv2%2Fcategories&post=8385"},{"taxonomy":"post_tag","embeddable":true,"href":"https:\/\/waldkindergarten-berglen.de\/index.php?rest_route=%2Fwp%2Fv2%2Ftags&post=8385"}],"curies":[{"name":"wp","href":"https:\/\/api.w.org\/{rel}","templated":true}]}}