{"id":8391,"date":"2024-02-05T08:05:00","date_gmt":"2024-02-05T07:05:00","guid":{"rendered":"https:\/\/waldkindergarten-berglen.de\/?p=8391"},"modified":"2024-02-03T13:41:55","modified_gmt":"2024-02-03T12:41:55","slug":"kostueme-und-farben","status":"publish","type":"post","link":"https:\/\/waldkindergarten-berglen.de\/?p=8391","title":{"rendered":"Kost\u00fcme und Farben"},"content":{"rendered":"\n<p>Fasching steht vor der T\u00fcr und wie jedes Jahr stellen die Kinder mit den Erzieherinnen ihre Kost\u00fcme selbst her. In diesem Jahr werden viele kleine Zwerglein-Frost zum Fest erwartet und die Waldkinder arbeiten flei\u00dfig an ihren Kost\u00fcmen hierf\u00fcr. Die M\u00fctzen haben die Vorsch\u00fcler bereits letzte Woche mit Hilfe der Erzieherinnen gen\u00e4ht. Nun ging es an die M\u00e4ntelchen. Die Kinder durften die Wolle filzen und mit verschiedenen Blaut\u00f6nen verzieren. Die Kost\u00fcme sind nun also fertig und die Kinder voller Vorfreude auf das Faschingsfest.<\/p>\n\n\n\n<figure class=\"wp-block-gallery has-nested-images columns-default is-cropped wp-block-gallery-1 is-layout-flex wp-block-gallery-is-layout-flex\">\n<figure class=\"wp-block-image size-large\"><img loading=\"lazy\" decoding=\"async\" width=\"768\" height=\"1024\" data-id=\"8393\" src=\"https:\/\/waldkindergarten-berglen.de\/wp-content\/uploads\/2024\/02\/Filzen-1-768x1024.jpg\" alt=\"\" class=\"wp-image-8393\" srcset=\"https:\/\/waldkindergarten-berglen.de\/wp-content\/uploads\/2024\/02\/Filzen-1-768x1024.jpg 768w, https:\/\/waldkindergarten-berglen.de\/wp-content\/uploads\/2024\/02\/Filzen-1-225x300.jpg 225w, https:\/\/waldkindergarten-berglen.de\/wp-content\/uploads\/2024\/02\/Filzen-1-1152x1536.jpg 1152w, https:\/\/waldkindergarten-berglen.de\/wp-content\/uploads\/2024\/02\/Filzen-1-982x1309.jpg 982w, https:\/\/waldkindergarten-berglen.de\/wp-content\/uploads\/2024\/02\/Filzen-1-300x400.jpg 300w, https:\/\/waldkindergarten-berglen.de\/wp-content\/uploads\/2024\/02\/Filzen-1.jpg 1200w\" sizes=\"auto, (max-width: 768px) 100vw, 768px\" \/><\/figure>\n<\/figure>\n\n\n\n<p>In der Geschichte des Zwerglein-Frost dreht sich alles um das Thema \u201eFarben\u201c, daher besch\u00e4ftigen sich auch die Waldkinder intensiv mit Farben und haben hierzu Mischversuche mit Wasserfarben gemacht. Sie haben nicht schlecht gestaunt, wie sich die Farben ver\u00e4ndern, wenn man sie mischt. Was passiert wenn man viele verschiedene Farben mischt? Und was passiert, wenn man gezielt zwei Farben mischt? Zum Beispiel gelb und blau? Passend dazu haben die Kinder die bekannte Geschichte \u201eDas kleine Blau und das kleine Gelb\u201c geh\u00f6rt. Es war einmal ein kleines Blau. Sein bester Freund ist gelb und wenn sie sich umarmen, wird es gr\u00fcn. Eine tolle Geschichte, die die Fantasie anregt und das Verstehen der Farblehre unterst\u00fctzt.<\/p>\n\n\n\n<p><strong>Wussten Sie schon?<\/strong><\/p>\n\n\n\n<p>Die Farbwahrnehmung ist eine subjektive Empfindung, welche nicht nur durch die Art der Lichtstrahlung, sondern auch durch die Beschaffenheit der Augen, Empfindlichkeit der Rezeptoren und den Wahrnehmungsapparat bestimmt wird.<\/p>\n\n\n\n<p><strong>Erg\u00e4nzung zu \u201eWusssten Sie schon?\u201c von letzter Woche<\/strong><\/p>\n\n\n\n<p>In unserem Artikel von letzter Woche wurde dazu geraten Schafweiden zu betreten, um Schafen zu helfen. Eine Leserin machte uns darauf aufmerksam, dass dies jedoch sehr gef\u00e4hrlich sein kann, wenn ein Schafbock dabei ist. Der Schafbock k\u00f6nnte Menschen angreifen, um die Herde zu verteidigen. Darauf m\u00f6chten wir hiermit unbedingt hinweisen.<\/p>\n","protected":false},"excerpt":{"rendered":"<p>Fasching steht vor der T\u00fcr und wie jedes Jahr stellen die Kinder mit den Erzieherinnen ihre Kost\u00fcme selbst her. In diesem Jahr werden viele kleine Zwerglein-Frost zum Fest erwartet und die Waldkinder arbeiten flei\u00dfig an ihren Kost\u00fcmen hierf\u00fcr. Die M\u00fctzen haben die Vorsch\u00fcler bereits letzte Woche mit Hilfe der Erzieherinnen gen\u00e4ht. Nun ging es an&hellip; <a href=\"https:\/\/waldkindergarten-berglen.de\/?p=8391\" class=\"more-link\">Weiterlesen <span class=\"screen-reader-text\">Kost\u00fcme und Farben<\/span><\/a><\/p>\n","protected":false},"author":10,"featured_media":0,"comment_status":"closed","ping_status":"closed","sticky":false,"template":"","format":"standard","meta":{"ngg_post_thumbnail":0,"_jetpack_memberships_contains_paid_content":false,"footnotes":""},"categories":[3],"tags":[],"class_list":["post-8391","post","type-post","status-publish","format-standard","hentry","category-berichte"],"jetpack_featured_media_url":"","jetpack_sharing_enabled":true,"_links":{"self":[{"href":"https:\/\/waldkindergarten-berglen.de\/index.php?rest_route=\/wp\/v2\/posts\/8391","targetHints":{"allow":["GET"]}}],"collection":[{"href":"https:\/\/waldkindergarten-berglen.de\/index.php?rest_route=\/wp\/v2\/posts"}],"about":[{"href":"https:\/\/waldkindergarten-berglen.de\/index.php?rest_route=\/wp\/v2\/types\/post"}],"author":[{"embeddable":true,"href":"https:\/\/waldkindergarten-berglen.de\/index.php?rest_route=\/wp\/v2\/users\/10"}],"replies":[{"embeddable":true,"href":"https:\/\/waldkindergarten-berglen.de\/index.php?rest_route=%2Fwp%2Fv2%2Fcomments&post=8391"}],"version-history":[{"count":1,"href":"https:\/\/waldkindergarten-berglen.de\/index.php?rest_route=\/wp\/v2\/posts\/8391\/revisions"}],"predecessor-version":[{"id":8394,"href":"https:\/\/waldkindergarten-berglen.de\/index.php?rest_route=\/wp\/v2\/posts\/8391\/revisions\/8394"}],"wp:attachment":[{"href":"https:\/\/waldkindergarten-berglen.de\/index.php?rest_route=%2Fwp%2Fv2%2Fmedia&parent=8391"}],"wp:term":[{"taxonomy":"category","embeddable":true,"href":"https:\/\/waldkindergarten-berglen.de\/index.php?rest_route=%2Fwp%2Fv2%2Fcategories&post=8391"},{"taxonomy":"post_tag","embeddable":true,"href":"https:\/\/waldkindergarten-berglen.de\/index.php?rest_route=%2Fwp%2Fv2%2Ftags&post=8391"}],"curies":[{"name":"wp","href":"https:\/\/api.w.org\/{rel}","templated":true}]}}