{"id":8396,"date":"2024-02-12T08:05:00","date_gmt":"2024-02-12T07:05:00","guid":{"rendered":"https:\/\/waldkindergarten-berglen.de\/?p=8396"},"modified":"2024-02-11T20:01:18","modified_gmt":"2024-02-11T19:01:18","slug":"lauter-zwerglein-frost-auf-der-suche-nach-farben","status":"publish","type":"post","link":"https:\/\/waldkindergarten-berglen.de\/?p=8396","title":{"rendered":"Lauter Zwerglein Frost auf der Suche nach Farben"},"content":{"rendered":"\n<p>Am Donnerstag vor der Ferienwoche war es endlich wieder Zeit f\u00fcr die Faschingsfeier im Waldkindergarten! Die Kinder freuten sich gleich am Morgen, dass nun endlich die von ihnen selbst gen\u00e4hten und gefilzten Verkleidungen als Zwerglein Frost zum Einsatz kommen w\u00fcrde. Da konnte auch der str\u00f6mende Regen kein Kind schrecken.<\/p>\n\n\n\n<figure class=\"wp-block-image size-large\"><img loading=\"lazy\" decoding=\"async\" width=\"1024\" height=\"768\" src=\"https:\/\/waldkindergarten-berglen.de\/wp-content\/uploads\/2024\/02\/Verkleidung-als-Zwerglein-Frost-1024x768.jpg\" alt=\"\" class=\"wp-image-8397\" srcset=\"https:\/\/waldkindergarten-berglen.de\/wp-content\/uploads\/2024\/02\/Verkleidung-als-Zwerglein-Frost-1024x768.jpg 1024w, https:\/\/waldkindergarten-berglen.de\/wp-content\/uploads\/2024\/02\/Verkleidung-als-Zwerglein-Frost-300x225.jpg 300w, https:\/\/waldkindergarten-berglen.de\/wp-content\/uploads\/2024\/02\/Verkleidung-als-Zwerglein-Frost-768x576.jpg 768w, https:\/\/waldkindergarten-berglen.de\/wp-content\/uploads\/2024\/02\/Verkleidung-als-Zwerglein-Frost-1536x1152.jpg 1536w, https:\/\/waldkindergarten-berglen.de\/wp-content\/uploads\/2024\/02\/Verkleidung-als-Zwerglein-Frost-982x737.jpg 982w, https:\/\/waldkindergarten-berglen.de\/wp-content\/uploads\/2024\/02\/Verkleidung-als-Zwerglein-Frost-400x300.jpg 400w, https:\/\/waldkindergarten-berglen.de\/wp-content\/uploads\/2024\/02\/Verkleidung-als-Zwerglein-Frost.jpg 2048w\" sizes=\"auto, (max-width: 1024px) 100vw, 1024px\" \/><\/figure>\n\n\n\n<p>Nun begaben sich also ganz wie in den Geschichten der letzten Wochen lauter kleine Zwerglein Frost gemeinsam in den Wald, um sich auf die Suche nach Farben zu machen. Schon bald fand jedes Zwerglein eine versteckte Blume und brachte sie auf eine bunte Blumenwiese.<\/p>\n\n\n\n<p>Weiter wanderten sie durch den Wald bis zur n\u00e4chsten Station, bei der sie ein Geschicklichkeitsspiel erwartete: Hier war eine riesige gelbe Sonne aus Weiden und verwelkten Gr\u00e4sern gebastelt, durch die sie nun alle einen Ball werfen durften.<\/p>\n\n\n\n<figure class=\"wp-block-image size-large\"><img loading=\"lazy\" decoding=\"async\" width=\"1024\" height=\"1024\" src=\"https:\/\/waldkindergarten-berglen.de\/wp-content\/uploads\/2024\/02\/Verschiedene-Stationen-im-Wald-1024x1024.jpg\" alt=\"\" class=\"wp-image-8398\" srcset=\"https:\/\/waldkindergarten-berglen.de\/wp-content\/uploads\/2024\/02\/Verschiedene-Stationen-im-Wald-1024x1024.jpg 1024w, https:\/\/waldkindergarten-berglen.de\/wp-content\/uploads\/2024\/02\/Verschiedene-Stationen-im-Wald-300x300.jpg 300w, https:\/\/waldkindergarten-berglen.de\/wp-content\/uploads\/2024\/02\/Verschiedene-Stationen-im-Wald-150x150.jpg 150w, https:\/\/waldkindergarten-berglen.de\/wp-content\/uploads\/2024\/02\/Verschiedene-Stationen-im-Wald-768x768.jpg 768w, https:\/\/waldkindergarten-berglen.de\/wp-content\/uploads\/2024\/02\/Verschiedene-Stationen-im-Wald-1536x1536.jpg 1536w, https:\/\/waldkindergarten-berglen.de\/wp-content\/uploads\/2024\/02\/Verschiedene-Stationen-im-Wald-982x982.jpg 982w, https:\/\/waldkindergarten-berglen.de\/wp-content\/uploads\/2024\/02\/Verschiedene-Stationen-im-Wald-400x400.jpg 400w, https:\/\/waldkindergarten-berglen.de\/wp-content\/uploads\/2024\/02\/Verschiedene-Stationen-im-Wald.jpg 2048w\" sizes=\"auto, (max-width: 1024px) 100vw, 1024px\" \/><\/figure>\n\n\n\n<p>Das Faschingsbuffet war von einigen Eltern reichhaltig best\u00fcckt worden \u2013 an dieser Stelle einen herzlichen Dank \u2013 und befand sich zum Gl\u00fcck im Trockenen. F\u00fcr die Wichtelgruppe war die Hutzelh\u00fctte am Hutzelplatz bunt geschm\u00fcckt mit vielen T\u00fcchern in allen Farben. Da konnten sich die Zwerglein Frost f\u00fcr ihre weitere Suche nach den Farben ordentlich st\u00e4rken, es gab Obst- und Gem\u00fcsespie\u00dfe, Kuchen, Muffins und pikante Schnecken.<\/p>\n\n\n\n<p>Nach diesen Leckereien konnten sie sich auf den weiteren Weg durch den Wald machen. An der letzten Station fanden sie einen blauen Fluss, der durchquert werden musste. Es galt einen Bewegungsparcours zu absolvieren, indem die Kinder mit T\u00fcchern, Brettern, Seilen und St\u00f6cken so \u00fcber den Fluss balancieren mussten, ohne \u201enasse F\u00fc\u00dfe\u201c zu bekommen \u2013 insofern die F\u00fc\u00dfe aufgrund des Dauerregens nicht eh schon etwas Wasser abbekommen hatten\u2026 Zum Abschluss erreichten die Zwerglein Frost noch einen strahlenden Regenbogen in allen Farben. Der Regenbogen war ein Schwungtuch und wurde \u00fcber jedes Kind geschwungen, wobei unter dem Schwungtuch eine kleine \u00dcberraschung wartete: eine gefilzte Regenbogenschnur. Nach diesem ereignisreichen Faschingsfest mit Suche nach den Farben im Wald gingen alle Zwerglein Frost m\u00fcde, aber gl\u00fccklich wieder nach Hause.<\/p>\n\n\n\n<figure class=\"wp-block-image size-large\"><img loading=\"lazy\" decoding=\"async\" width=\"1024\" height=\"1024\" src=\"https:\/\/waldkindergarten-berglen.de\/wp-content\/uploads\/2024\/02\/Alles-bunt-geschmueckt-1024x1024.jpg\" alt=\"\" class=\"wp-image-8399\" srcset=\"https:\/\/waldkindergarten-berglen.de\/wp-content\/uploads\/2024\/02\/Alles-bunt-geschmueckt-1024x1024.jpg 1024w, https:\/\/waldkindergarten-berglen.de\/wp-content\/uploads\/2024\/02\/Alles-bunt-geschmueckt-300x300.jpg 300w, https:\/\/waldkindergarten-berglen.de\/wp-content\/uploads\/2024\/02\/Alles-bunt-geschmueckt-150x150.jpg 150w, https:\/\/waldkindergarten-berglen.de\/wp-content\/uploads\/2024\/02\/Alles-bunt-geschmueckt-768x768.jpg 768w, https:\/\/waldkindergarten-berglen.de\/wp-content\/uploads\/2024\/02\/Alles-bunt-geschmueckt-1536x1536.jpg 1536w, https:\/\/waldkindergarten-berglen.de\/wp-content\/uploads\/2024\/02\/Alles-bunt-geschmueckt-982x982.jpg 982w, https:\/\/waldkindergarten-berglen.de\/wp-content\/uploads\/2024\/02\/Alles-bunt-geschmueckt-400x400.jpg 400w, https:\/\/waldkindergarten-berglen.de\/wp-content\/uploads\/2024\/02\/Alles-bunt-geschmueckt.jpg 2048w\" sizes=\"auto, (max-width: 1024px) 100vw, 1024px\" \/><\/figure>\n\n\n\n<figure class=\"wp-block-image size-large\"><img loading=\"lazy\" decoding=\"async\" width=\"768\" height=\"1024\" src=\"https:\/\/waldkindergarten-berglen.de\/wp-content\/uploads\/2024\/02\/IMG-20240210-WA0014-768x1024.jpg\" alt=\"\" class=\"wp-image-8400\" srcset=\"https:\/\/waldkindergarten-berglen.de\/wp-content\/uploads\/2024\/02\/IMG-20240210-WA0014-768x1024.jpg 768w, https:\/\/waldkindergarten-berglen.de\/wp-content\/uploads\/2024\/02\/IMG-20240210-WA0014-225x300.jpg 225w, https:\/\/waldkindergarten-berglen.de\/wp-content\/uploads\/2024\/02\/IMG-20240210-WA0014-1152x1536.jpg 1152w, https:\/\/waldkindergarten-berglen.de\/wp-content\/uploads\/2024\/02\/IMG-20240210-WA0014-982x1309.jpg 982w, https:\/\/waldkindergarten-berglen.de\/wp-content\/uploads\/2024\/02\/IMG-20240210-WA0014-300x400.jpg 300w, https:\/\/waldkindergarten-berglen.de\/wp-content\/uploads\/2024\/02\/IMG-20240210-WA0014.jpg 1500w\" sizes=\"auto, (max-width: 768px) 100vw, 768px\" \/><\/figure>\n\n\n\n<figure class=\"wp-block-image size-large\"><img loading=\"lazy\" decoding=\"async\" width=\"1024\" height=\"768\" src=\"https:\/\/waldkindergarten-berglen.de\/wp-content\/uploads\/2024\/02\/IMG-20240210-WA0016-1024x768.jpg\" alt=\"\" class=\"wp-image-8401\" srcset=\"https:\/\/waldkindergarten-berglen.de\/wp-content\/uploads\/2024\/02\/IMG-20240210-WA0016-1024x768.jpg 1024w, https:\/\/waldkindergarten-berglen.de\/wp-content\/uploads\/2024\/02\/IMG-20240210-WA0016-300x225.jpg 300w, https:\/\/waldkindergarten-berglen.de\/wp-content\/uploads\/2024\/02\/IMG-20240210-WA0016-768x576.jpg 768w, https:\/\/waldkindergarten-berglen.de\/wp-content\/uploads\/2024\/02\/IMG-20240210-WA0016-1536x1152.jpg 1536w, https:\/\/waldkindergarten-berglen.de\/wp-content\/uploads\/2024\/02\/IMG-20240210-WA0016-982x737.jpg 982w, https:\/\/waldkindergarten-berglen.de\/wp-content\/uploads\/2024\/02\/IMG-20240210-WA0016-400x300.jpg 400w, https:\/\/waldkindergarten-berglen.de\/wp-content\/uploads\/2024\/02\/IMG-20240210-WA0016.jpg 2000w\" sizes=\"auto, (max-width: 1024px) 100vw, 1024px\" \/><\/figure>\n\n\n\n<figure class=\"wp-block-image size-large\"><img loading=\"lazy\" decoding=\"async\" width=\"768\" height=\"1024\" src=\"https:\/\/waldkindergarten-berglen.de\/wp-content\/uploads\/2024\/02\/IMG-20240210-WA0017-768x1024.jpg\" alt=\"\" class=\"wp-image-8402\" srcset=\"https:\/\/waldkindergarten-berglen.de\/wp-content\/uploads\/2024\/02\/IMG-20240210-WA0017-768x1024.jpg 768w, https:\/\/waldkindergarten-berglen.de\/wp-content\/uploads\/2024\/02\/IMG-20240210-WA0017-225x300.jpg 225w, https:\/\/waldkindergarten-berglen.de\/wp-content\/uploads\/2024\/02\/IMG-20240210-WA0017-1152x1536.jpg 1152w, https:\/\/waldkindergarten-berglen.de\/wp-content\/uploads\/2024\/02\/IMG-20240210-WA0017-982x1309.jpg 982w, https:\/\/waldkindergarten-berglen.de\/wp-content\/uploads\/2024\/02\/IMG-20240210-WA0017-300x400.jpg 300w, https:\/\/waldkindergarten-berglen.de\/wp-content\/uploads\/2024\/02\/IMG-20240210-WA0017.jpg 1536w\" sizes=\"auto, (max-width: 768px) 100vw, 768px\" \/><\/figure>\n\n\n\n<p><strong>Wussten Sie schon?<\/strong><\/p>\n\n\n\n<p><em>Wenn es im Winter so warm ist, wie in den letzten Wochen und deutliche Plusgrade hat, kann bei manchen Tieren der Biorhythmus durcheinander kommen. Manche Winterschl\u00e4fer wie der Igel wachen auf und fangen an, nach Futter zu suchen. Wenn es dann doch nochmal k\u00e4lter wird, setzt er seinen Winterschlaf dann einfach fort.<\/em><\/p>\n","protected":false},"excerpt":{"rendered":"<p>Am Donnerstag vor der Ferienwoche war es endlich wieder Zeit f\u00fcr die Faschingsfeier im Waldkindergarten! Die Kinder freuten sich gleich am Morgen, dass nun endlich die von ihnen selbst gen\u00e4hten und gefilzten Verkleidungen als Zwerglein Frost zum Einsatz kommen w\u00fcrde. Da konnte auch der str\u00f6mende Regen kein Kind schrecken. Nun begaben sich also ganz wie&hellip; <a href=\"https:\/\/waldkindergarten-berglen.de\/?p=8396\" class=\"more-link\">Weiterlesen <span class=\"screen-reader-text\">Lauter Zwerglein Frost auf der Suche nach Farben<\/span><\/a><\/p>\n","protected":false},"author":11,"featured_media":0,"comment_status":"closed","ping_status":"closed","sticky":false,"template":"","format":"standard","meta":{"ngg_post_thumbnail":0,"_jetpack_memberships_contains_paid_content":false,"footnotes":""},"categories":[3],"tags":[],"class_list":["post-8396","post","type-post","status-publish","format-standard","hentry","category-berichte"],"jetpack_featured_media_url":"","jetpack_sharing_enabled":true,"_links":{"self":[{"href":"https:\/\/waldkindergarten-berglen.de\/index.php?rest_route=\/wp\/v2\/posts\/8396","targetHints":{"allow":["GET"]}}],"collection":[{"href":"https:\/\/waldkindergarten-berglen.de\/index.php?rest_route=\/wp\/v2\/posts"}],"about":[{"href":"https:\/\/waldkindergarten-berglen.de\/index.php?rest_route=\/wp\/v2\/types\/post"}],"author":[{"embeddable":true,"href":"https:\/\/waldkindergarten-berglen.de\/index.php?rest_route=\/wp\/v2\/users\/11"}],"replies":[{"embeddable":true,"href":"https:\/\/waldkindergarten-berglen.de\/index.php?rest_route=%2Fwp%2Fv2%2Fcomments&post=8396"}],"version-history":[{"count":1,"href":"https:\/\/waldkindergarten-berglen.de\/index.php?rest_route=\/wp\/v2\/posts\/8396\/revisions"}],"predecessor-version":[{"id":8403,"href":"https:\/\/waldkindergarten-berglen.de\/index.php?rest_route=\/wp\/v2\/posts\/8396\/revisions\/8403"}],"wp:attachment":[{"href":"https:\/\/waldkindergarten-berglen.de\/index.php?rest_route=%2Fwp%2Fv2%2Fmedia&parent=8396"}],"wp:term":[{"taxonomy":"category","embeddable":true,"href":"https:\/\/waldkindergarten-berglen.de\/index.php?rest_route=%2Fwp%2Fv2%2Fcategories&post=8396"},{"taxonomy":"post_tag","embeddable":true,"href":"https:\/\/waldkindergarten-berglen.de\/index.php?rest_route=%2Fwp%2Fv2%2Ftags&post=8396"}],"curies":[{"name":"wp","href":"https:\/\/api.w.org\/{rel}","templated":true}]}}