{"id":8406,"date":"2024-02-19T08:05:00","date_gmt":"2024-02-19T07:05:00","guid":{"rendered":"https:\/\/waldkindergarten-berglen.de\/?p=8406"},"modified":"2024-02-17T15:42:56","modified_gmt":"2024-02-17T14:42:56","slug":"erste-hilfe","status":"publish","type":"post","link":"https:\/\/waldkindergarten-berglen.de\/?p=8406","title":{"rendered":"Erste Hilfe"},"content":{"rendered":"\n<p>Vor den Ferien haben unsere Erzieherinnen eine Fortbildung zum Thema erste Hilfe gemacht: Ein zweit\u00e4giges Training der Outdoorschule S\u00fcd. Eine Besonderheit war, dass das Training nicht in einem vorbereiteten Raum stattfand, sondern auf dem St\u00fcckle und im Wald des Kindergartens. Die Trainer haben das Gel\u00e4nde und hierdurch gegebene Gefahrenschwerpunkte also mitber\u00fccksichtigt und es wurde in echter Umgebung gelernt. So kam es, dass die Erzieherinnen beispielsweise in str\u00f6mendem Regen die Herz-Lungen-Massage ge\u00fcbt haben.<\/p>\n\n\n\n<figure class=\"wp-block-gallery has-nested-images columns-default is-cropped wp-block-gallery-1 is-layout-flex wp-block-gallery-is-layout-flex\">\n<figure class=\"wp-block-image size-large\"><img loading=\"lazy\" decoding=\"async\" width=\"1024\" height=\"768\" data-id=\"8407\" src=\"https:\/\/waldkindergarten-berglen.de\/wp-content\/uploads\/2024\/02\/Regen-1024x768.jpg\" alt=\"\" class=\"wp-image-8407\" srcset=\"https:\/\/waldkindergarten-berglen.de\/wp-content\/uploads\/2024\/02\/Regen-1024x768.jpg 1024w, https:\/\/waldkindergarten-berglen.de\/wp-content\/uploads\/2024\/02\/Regen-300x225.jpg 300w, https:\/\/waldkindergarten-berglen.de\/wp-content\/uploads\/2024\/02\/Regen-768x576.jpg 768w, https:\/\/waldkindergarten-berglen.de\/wp-content\/uploads\/2024\/02\/Regen-1536x1152.jpg 1536w, https:\/\/waldkindergarten-berglen.de\/wp-content\/uploads\/2024\/02\/Regen-982x737.jpg 982w, https:\/\/waldkindergarten-berglen.de\/wp-content\/uploads\/2024\/02\/Regen-400x300.jpg 400w, https:\/\/waldkindergarten-berglen.de\/wp-content\/uploads\/2024\/02\/Regen.jpg 2048w\" sizes=\"auto, (max-width: 1024px) 100vw, 1024px\" \/><\/figure>\n<\/figure>\n\n\n\n<p>Das Training war zudem besonders eindr\u00fccklich und lehrreich, da zwischendurch sehr echt wirkende Unf\u00e4lle inszeniert wurden, die f\u00fcr die Teilnehmer \u00fcberraschend kamen. W\u00e4hrend zum Beispiel jeder Teilnehmer mit einem Partner die stabile Seitenlage ge\u00fcbt hat, war pl\u00f6tzlich ein lautes Schreien zu h\u00f6ren. Jemand (vom Trainerteam) hat sich eine schwere &nbsp;Verbrennung am Arm zugezogen (nat\u00fcrlich inszeniert). <\/p>\n\n\n\n<figure class=\"wp-block-gallery has-nested-images columns-default is-cropped wp-block-gallery-2 is-layout-flex wp-block-gallery-is-layout-flex\">\n<figure class=\"wp-block-image size-large\"><img loading=\"lazy\" decoding=\"async\" width=\"590\" height=\"787\" data-id=\"8410\" src=\"https:\/\/waldkindergarten-berglen.de\/wp-content\/uploads\/2024\/02\/Verbrennung.jpg\" alt=\"\" class=\"wp-image-8410\" srcset=\"https:\/\/waldkindergarten-berglen.de\/wp-content\/uploads\/2024\/02\/Verbrennung.jpg 590w, https:\/\/waldkindergarten-berglen.de\/wp-content\/uploads\/2024\/02\/Verbrennung-225x300.jpg 225w, https:\/\/waldkindergarten-berglen.de\/wp-content\/uploads\/2024\/02\/Verbrennung-300x400.jpg 300w\" sizes=\"auto, (max-width: 590px) 100vw, 590px\" \/><\/figure>\n<\/figure>\n\n\n\n<p>Oder in einem anderen Fall hat eine Person einen epileptischen Anfall erlitten, der sehr echt nachgespielt wurde. Blut und Schaum traten aus dem Mund (inszeniert). Die Teilnehmer mussten mit diesen unerwarteten Situationen zurechtkommen, die Lage analysieren, richtig einsch\u00e4tzen, Risiken aus dem Weg r\u00e4umen und entsprechend erste Hilfe leisten.<\/p>\n\n\n\n<figure class=\"wp-block-gallery has-nested-images columns-default is-cropped wp-block-gallery-3 is-layout-flex wp-block-gallery-is-layout-flex\">\n<figure class=\"wp-block-image size-large\"><img loading=\"lazy\" decoding=\"async\" width=\"1024\" height=\"768\" data-id=\"8411\" src=\"https:\/\/waldkindergarten-berglen.de\/wp-content\/uploads\/2024\/02\/Anfall-1024x768.jpg\" alt=\"\" class=\"wp-image-8411\" srcset=\"https:\/\/waldkindergarten-berglen.de\/wp-content\/uploads\/2024\/02\/Anfall-1024x768.jpg 1024w, https:\/\/waldkindergarten-berglen.de\/wp-content\/uploads\/2024\/02\/Anfall-300x225.jpg 300w, https:\/\/waldkindergarten-berglen.de\/wp-content\/uploads\/2024\/02\/Anfall-768x576.jpg 768w, https:\/\/waldkindergarten-berglen.de\/wp-content\/uploads\/2024\/02\/Anfall-1536x1152.jpg 1536w, https:\/\/waldkindergarten-berglen.de\/wp-content\/uploads\/2024\/02\/Anfall-982x737.jpg 982w, https:\/\/waldkindergarten-berglen.de\/wp-content\/uploads\/2024\/02\/Anfall-400x300.jpg 400w, https:\/\/waldkindergarten-berglen.de\/wp-content\/uploads\/2024\/02\/Anfall.jpg 2048w\" sizes=\"auto, (max-width: 1024px) 100vw, 1024px\" \/><\/figure>\n<\/figure>\n\n\n\n<p>Auch das Team, das sich schon einige Zeit kennt, hat sich hierdurch noch besser kennen gelernt. Jeder hat seine St\u00e4rken und seine Schw\u00e4chen. Wenn man es schafft diese einzubauen, kann man besonders effektiv helfen. Der eine beh\u00e4lt beispielsweise den \u00dcberblick und kann gut organisieren, ein anderer ist vielleicht durch den Wind, macht aber genau was man ihm sagt. Dieses Wissen hilft entsprechend bei der Organisation. Auch hierf\u00fcr war das Training sehr hilfreich.<\/p>\n\n\n\n<p><strong>Wussten Sie schon?<\/strong><\/p>\n\n\n\n<p>Egal, wie lange Ihr Erste-Hilfe-Kurs her ist: Im Ernstfall ist sofortiger Einsatz gefordert. Nichtprofis wird daher empfohlen, sp\u00e4testens alle drei Jahre einen Kurs zur Auffrischung zu absolvieren.<\/p>\n","protected":false},"excerpt":{"rendered":"<p>Vor den Ferien haben unsere Erzieherinnen eine Fortbildung zum Thema erste Hilfe gemacht: Ein zweit\u00e4giges Training der Outdoorschule S\u00fcd. Eine Besonderheit war, dass das Training nicht in einem vorbereiteten Raum stattfand, sondern auf dem St\u00fcckle und im Wald des Kindergartens. Die Trainer haben das Gel\u00e4nde und hierdurch gegebene Gefahrenschwerpunkte also mitber\u00fccksichtigt und es wurde in&hellip; <a href=\"https:\/\/waldkindergarten-berglen.de\/?p=8406\" class=\"more-link\">Weiterlesen <span class=\"screen-reader-text\">Erste Hilfe<\/span><\/a><\/p>\n","protected":false},"author":10,"featured_media":0,"comment_status":"closed","ping_status":"closed","sticky":false,"template":"","format":"standard","meta":{"ngg_post_thumbnail":0,"_jetpack_memberships_contains_paid_content":false,"footnotes":""},"categories":[3],"tags":[],"class_list":["post-8406","post","type-post","status-publish","format-standard","hentry","category-berichte"],"jetpack_featured_media_url":"","jetpack_sharing_enabled":true,"_links":{"self":[{"href":"https:\/\/waldkindergarten-berglen.de\/index.php?rest_route=\/wp\/v2\/posts\/8406","targetHints":{"allow":["GET"]}}],"collection":[{"href":"https:\/\/waldkindergarten-berglen.de\/index.php?rest_route=\/wp\/v2\/posts"}],"about":[{"href":"https:\/\/waldkindergarten-berglen.de\/index.php?rest_route=\/wp\/v2\/types\/post"}],"author":[{"embeddable":true,"href":"https:\/\/waldkindergarten-berglen.de\/index.php?rest_route=\/wp\/v2\/users\/10"}],"replies":[{"embeddable":true,"href":"https:\/\/waldkindergarten-berglen.de\/index.php?rest_route=%2Fwp%2Fv2%2Fcomments&post=8406"}],"version-history":[{"count":2,"href":"https:\/\/waldkindergarten-berglen.de\/index.php?rest_route=\/wp\/v2\/posts\/8406\/revisions"}],"predecessor-version":[{"id":8414,"href":"https:\/\/waldkindergarten-berglen.de\/index.php?rest_route=\/wp\/v2\/posts\/8406\/revisions\/8414"}],"wp:attachment":[{"href":"https:\/\/waldkindergarten-berglen.de\/index.php?rest_route=%2Fwp%2Fv2%2Fmedia&parent=8406"}],"wp:term":[{"taxonomy":"category","embeddable":true,"href":"https:\/\/waldkindergarten-berglen.de\/index.php?rest_route=%2Fwp%2Fv2%2Fcategories&post=8406"},{"taxonomy":"post_tag","embeddable":true,"href":"https:\/\/waldkindergarten-berglen.de\/index.php?rest_route=%2Fwp%2Fv2%2Ftags&post=8406"}],"curies":[{"name":"wp","href":"https:\/\/api.w.org\/{rel}","templated":true}]}}