{"id":8417,"date":"2024-02-26T08:05:00","date_gmt":"2024-02-26T07:05:00","guid":{"rendered":"https:\/\/waldkindergarten-berglen.de\/?p=8417"},"modified":"2024-02-25T20:23:58","modified_gmt":"2024-02-25T19:23:58","slug":"busfahrt-ins-phoenix-theater","status":"publish","type":"post","link":"https:\/\/waldkindergarten-berglen.de\/?p=8417","title":{"rendered":"Busfahrt ins Phoenix-Theater"},"content":{"rendered":"\n<p>Gro\u00dfe Aufregung am Dienstag letzter Woche: abweichender Treffpunkt am Spielplatz Ameisenstra\u00dfe in H\u00f6\u00dflinswart, p\u00fcnktliches Erscheinen sp\u00e4testens um 8.25 Uhr erforderlich. Was hat die Kinder derart aus ihrem gew\u00f6hnlichen Kindergartenalltag entf\u00fchrt? Die Fahrt ins Phoenix-Theater in Schorndorf! Der Bus nahm alle mit und brachte sie in die Stadt. Dort angekommen schloss sich ein kleiner Fu\u00dfweg zum Theater Richtung K\u00fcnkelinhalle an. Vor dem Theater st\u00e4rkten sich die Kinder erstmal im Freien an ihrem Vesper und vor Aufregung aufgestaute Energie wurde noch bei einer kleinen Bewegungspause abgebaut. Dann ging es auch schon ins Theater rein.<\/p>\n\n\n\n<figure class=\"wp-block-image size-large\"><img loading=\"lazy\" decoding=\"async\" width=\"1024\" height=\"768\" src=\"https:\/\/waldkindergarten-berglen.de\/wp-content\/uploads\/2024\/02\/Phoenix-Theater-1024x768.jpg\" alt=\"\" class=\"wp-image-8418\" srcset=\"https:\/\/waldkindergarten-berglen.de\/wp-content\/uploads\/2024\/02\/Phoenix-Theater-1024x768.jpg 1024w, https:\/\/waldkindergarten-berglen.de\/wp-content\/uploads\/2024\/02\/Phoenix-Theater-300x225.jpg 300w, https:\/\/waldkindergarten-berglen.de\/wp-content\/uploads\/2024\/02\/Phoenix-Theater-768x576.jpg 768w, https:\/\/waldkindergarten-berglen.de\/wp-content\/uploads\/2024\/02\/Phoenix-Theater-1536x1152.jpg 1536w, https:\/\/waldkindergarten-berglen.de\/wp-content\/uploads\/2024\/02\/Phoenix-Theater-982x737.jpg 982w, https:\/\/waldkindergarten-berglen.de\/wp-content\/uploads\/2024\/02\/Phoenix-Theater-400x300.jpg 400w, https:\/\/waldkindergarten-berglen.de\/wp-content\/uploads\/2024\/02\/Phoenix-Theater.jpg 1600w\" sizes=\"auto, (max-width: 1024px) 100vw, 1024px\" \/><\/figure>\n\n\n\n<p>Auf dem Spielplan stand \u201eEs klopft bei Wanja in der Nacht\u201c, ein Theaterst\u00fcck nach dem gleichnamigen Buch. Bei Wanja, der in einem H\u00e4uschen im Wald lebt, klopfen in einer st\u00fcrmischen Winternacht nacheinander die eigentlich verfeindeten Tiere Hase, Fuchs und B\u00e4r an und begehren Einlass. Aus Angst vor dem Schneesturm geloben sie, ihren Feinden in dieser Nacht nichts zu tun und sind am n\u00e4chsten Morgen wieder verschwunden, wobei die drei Tierspuren in verschiedene Richtungen wegf\u00fchren.<\/p>\n\n\n\n<p>Wie immer war das St\u00fcck vom Phoenix Theater ganz toll und mit viel Liebe zum Detail umgesetzt. Die Kinder kamen aus dem Staunen und Gucken nicht mehr raus und waren so fasziniert und gebannt, dass sie gar nicht merkten, wie diese 45 Minuten verflogen sind.<\/p>\n\n\n\n<p>Im Anschluss gingen wieder alle zur\u00fcck zur Bushaltestelle, wo sie zum Gl\u00fcck nicht lange auf den n\u00e4chsten Bus warten mussten, der sie wieder zur\u00fcck nach H\u00f6\u00dflinswart brachte. Dort hatten sie nun gen\u00fcgend Zeit, alle Spiel- und Kletterger\u00e4te am dortigen Spielplatz auszuprobieren.<\/p>\n\n\n\n<figure class=\"wp-block-image size-large\"><img loading=\"lazy\" decoding=\"async\" width=\"1024\" height=\"768\" src=\"https:\/\/waldkindergarten-berglen.de\/wp-content\/uploads\/2024\/02\/Kulissennachbau-in-der-Sturmhoehle-1024x768.jpg\" alt=\"\" class=\"wp-image-8419\" srcset=\"https:\/\/waldkindergarten-berglen.de\/wp-content\/uploads\/2024\/02\/Kulissennachbau-in-der-Sturmhoehle-1024x768.jpg 1024w, https:\/\/waldkindergarten-berglen.de\/wp-content\/uploads\/2024\/02\/Kulissennachbau-in-der-Sturmhoehle-300x225.jpg 300w, https:\/\/waldkindergarten-berglen.de\/wp-content\/uploads\/2024\/02\/Kulissennachbau-in-der-Sturmhoehle-768x576.jpg 768w, https:\/\/waldkindergarten-berglen.de\/wp-content\/uploads\/2024\/02\/Kulissennachbau-in-der-Sturmhoehle-1536x1152.jpg 1536w, https:\/\/waldkindergarten-berglen.de\/wp-content\/uploads\/2024\/02\/Kulissennachbau-in-der-Sturmhoehle-982x737.jpg 982w, https:\/\/waldkindergarten-berglen.de\/wp-content\/uploads\/2024\/02\/Kulissennachbau-in-der-Sturmhoehle-400x300.jpg 400w, https:\/\/waldkindergarten-berglen.de\/wp-content\/uploads\/2024\/02\/Kulissennachbau-in-der-Sturmhoehle.jpg 2000w\" sizes=\"auto, (max-width: 1024px) 100vw, 1024px\" \/><\/figure>\n\n\n\n<p>An den folgenden Tagen begleitete Wanja die Kinder weiter. Im Morgenkreis wurde das Buch vorgelesen, das komplett in Reimen geschrieben ist, eine Form, die Kinder stets besonders fasziniert. Sie ordneten den Tieren die passenden Spuren zu, die sie in der Geschichte im Schnee hinterlassen haben. Der B\u00e4r war noch der Aufh\u00e4nger daf\u00fcr, zu \u00fcberlegen, welche Tiere wie er einen Winterschlaf halten und welche eine Winterruhe.<\/p>\n\n\n\n<p>In der Sturmh\u00f6hle bauten sie als Kulisse das H\u00e4uschen im Wald des Wanja nach. Alle Kinder durften \u00fcberlegen, was war denn da so alles? Sie brachten dann zusammen die verschiedenen Einrichtungsgegenst\u00e4nde an und stellten so das Holzh\u00e4uschen selbst nach.<\/p>\n\n\n\n<figure class=\"wp-block-image size-full\"><img loading=\"lazy\" decoding=\"async\" width=\"768\" height=\"1024\" src=\"https:\/\/waldkindergarten-berglen.de\/wp-content\/uploads\/2024\/02\/Matschrutsche.jpg\" alt=\"\" class=\"wp-image-8420\" srcset=\"https:\/\/waldkindergarten-berglen.de\/wp-content\/uploads\/2024\/02\/Matschrutsche.jpg 768w, https:\/\/waldkindergarten-berglen.de\/wp-content\/uploads\/2024\/02\/Matschrutsche-225x300.jpg 225w, https:\/\/waldkindergarten-berglen.de\/wp-content\/uploads\/2024\/02\/Matschrutsche-300x400.jpg 300w\" sizes=\"auto, (max-width: 768px) 100vw, 768px\" \/><\/figure>\n\n\n\n<p>Der unmittelbare Einfluss des Wetters auf das Spiel im Waldkindergarten war auch mal wieder deutlich zu sp\u00fcren. Am Donnerstag regnete es ununterbrochen in Str\u00f6men. Mal wieder Zeit auf den \u201eMatschrutschen\u201c den Berg hinunterrutschen, was wirklich richtig gut funktionierte. Die Matschrutschen stehen \u201enormalen\u201c Spielplatzrutschen in nichts nach, was die Geschwindigkeit und den Spa\u00df betrifft. Einzig der nicht mehr ganz saubere Zustand der Kleidung k\u00f6nnte das Gl\u00fcck der Eltern eventuell etwas tr\u00fcben, aber diese g\u00f6nnen ihren Kindern selbstverst\u00e4ndlich die gro\u00dfe Freude.<\/p>\n\n\n\n<p><strong>Wussten Sie schon?<\/strong><\/p>\n\n\n\n<p><em>Murmeltiere halten mit bis zu sieben Monaten den l\u00e4ngsten Winterschlaf. Davor fressen sie sich einen ordentlichen Winterspeck an, um diese lange Zeit ohne Nahrung zu \u00fcberstehen. Dann kuscheln sich bis zu 20 Murmeltiere zusammen in unterirdische G\u00e4nge, bis der Fr\u00fchling wieder kommt.<\/em><\/p>\n","protected":false},"excerpt":{"rendered":"<p>Gro\u00dfe Aufregung am Dienstag letzter Woche: abweichender Treffpunkt am Spielplatz Ameisenstra\u00dfe in H\u00f6\u00dflinswart, p\u00fcnktliches Erscheinen sp\u00e4testens um 8.25 Uhr erforderlich. Was hat die Kinder derart aus ihrem gew\u00f6hnlichen Kindergartenalltag entf\u00fchrt? Die Fahrt ins Phoenix-Theater in Schorndorf! Der Bus nahm alle mit und brachte sie in die Stadt. Dort angekommen schloss sich ein kleiner Fu\u00dfweg zum&hellip; <a href=\"https:\/\/waldkindergarten-berglen.de\/?p=8417\" class=\"more-link\">Weiterlesen <span class=\"screen-reader-text\">Busfahrt ins Phoenix-Theater<\/span><\/a><\/p>\n","protected":false},"author":11,"featured_media":0,"comment_status":"closed","ping_status":"closed","sticky":false,"template":"","format":"standard","meta":{"ngg_post_thumbnail":0,"_jetpack_memberships_contains_paid_content":false,"footnotes":""},"categories":[3],"tags":[],"class_list":["post-8417","post","type-post","status-publish","format-standard","hentry","category-berichte"],"jetpack_featured_media_url":"","jetpack_sharing_enabled":true,"_links":{"self":[{"href":"https:\/\/waldkindergarten-berglen.de\/index.php?rest_route=\/wp\/v2\/posts\/8417","targetHints":{"allow":["GET"]}}],"collection":[{"href":"https:\/\/waldkindergarten-berglen.de\/index.php?rest_route=\/wp\/v2\/posts"}],"about":[{"href":"https:\/\/waldkindergarten-berglen.de\/index.php?rest_route=\/wp\/v2\/types\/post"}],"author":[{"embeddable":true,"href":"https:\/\/waldkindergarten-berglen.de\/index.php?rest_route=\/wp\/v2\/users\/11"}],"replies":[{"embeddable":true,"href":"https:\/\/waldkindergarten-berglen.de\/index.php?rest_route=%2Fwp%2Fv2%2Fcomments&post=8417"}],"version-history":[{"count":1,"href":"https:\/\/waldkindergarten-berglen.de\/index.php?rest_route=\/wp\/v2\/posts\/8417\/revisions"}],"predecessor-version":[{"id":8421,"href":"https:\/\/waldkindergarten-berglen.de\/index.php?rest_route=\/wp\/v2\/posts\/8417\/revisions\/8421"}],"wp:attachment":[{"href":"https:\/\/waldkindergarten-berglen.de\/index.php?rest_route=%2Fwp%2Fv2%2Fmedia&parent=8417"}],"wp:term":[{"taxonomy":"category","embeddable":true,"href":"https:\/\/waldkindergarten-berglen.de\/index.php?rest_route=%2Fwp%2Fv2%2Fcategories&post=8417"},{"taxonomy":"post_tag","embeddable":true,"href":"https:\/\/waldkindergarten-berglen.de\/index.php?rest_route=%2Fwp%2Fv2%2Ftags&post=8417"}],"curies":[{"name":"wp","href":"https:\/\/api.w.org\/{rel}","templated":true}]}}