{"id":8423,"date":"2024-03-04T08:05:00","date_gmt":"2024-03-04T07:05:00","guid":{"rendered":"https:\/\/waldkindergarten-berglen.de\/?p=8423"},"modified":"2024-03-02T20:53:46","modified_gmt":"2024-03-02T19:53:46","slug":"herzlichen-dank","status":"publish","type":"post","link":"https:\/\/waldkindergarten-berglen.de\/?p=8423","title":{"rendered":"Herzlichen Dank!"},"content":{"rendered":"\n<p>Vergangenen Freitag hatten wir spontanen Besuch im Waldkindergarten. Georg von Sporschill, der Organisator des Mahnfeuers der Landwirte aus Schorndorf und Umgebung, brachte unseren Kindern im Rahmen einer Spendenaktion Kinderschubkarren und Gartenger\u00e4te. Wie bereits in den regionalen Zeitungen berichtet wurde, veranstalteten Landwirte aus Schorndorf und Umgebung am 15.01.2024 ein Mahnfeuer am Tuscaloosa-Kreisel in Schorndorf. Dieses war mit einer Spendenaktion f\u00fcr Kinderspielsachen verbunden, denn die Landwirte gingen daf\u00fcr auf die Stra\u00dfe, dass der Beruf des Landwirts auch f\u00fcr die k\u00fcnftigen Generationen noch m\u00f6glich bleibt. Insgesamt 12 Kinderg\u00e4rten in Schorndorf und Umgebung profitierten von dieser Aktion, einer davon war unser Waldkindergarten. Nominiert wurden wir durch Familie Ziegler aus Streich, die sich an der angemeldeten Aktion im Januar tatkr\u00e4ftig mit einbrachte, zur Bewirtung grillte und die 600 Roten W\u00fcrste spendete. Herzlichen Dank, liebe Familie Ziegler, dass ihr unseren Waldkindergarten f\u00fcr die Spendenaktion vorgeschlagen habt. Wir haben uns wahnsinnig dar\u00fcber gefreut!<\/p>\n\n\n\n<figure class=\"wp-block-gallery has-nested-images columns-default is-cropped wp-block-gallery-1 is-layout-flex wp-block-gallery-is-layout-flex\">\n<figure class=\"wp-block-image size-large\"><img loading=\"lazy\" decoding=\"async\" width=\"1024\" height=\"768\" data-id=\"8424\" src=\"https:\/\/waldkindergarten-berglen.de\/wp-content\/uploads\/2024\/03\/Danke-1024x768.jpg\" alt=\"\" class=\"wp-image-8424\" srcset=\"https:\/\/waldkindergarten-berglen.de\/wp-content\/uploads\/2024\/03\/Danke-1024x768.jpg 1024w, https:\/\/waldkindergarten-berglen.de\/wp-content\/uploads\/2024\/03\/Danke-300x225.jpg 300w, https:\/\/waldkindergarten-berglen.de\/wp-content\/uploads\/2024\/03\/Danke-768x576.jpg 768w, https:\/\/waldkindergarten-berglen.de\/wp-content\/uploads\/2024\/03\/Danke-1536x1152.jpg 1536w, https:\/\/waldkindergarten-berglen.de\/wp-content\/uploads\/2024\/03\/Danke-982x737.jpg 982w, https:\/\/waldkindergarten-berglen.de\/wp-content\/uploads\/2024\/03\/Danke-400x300.jpg 400w, https:\/\/waldkindergarten-berglen.de\/wp-content\/uploads\/2024\/03\/Danke.jpg 2048w\" sizes=\"auto, (max-width: 1024px) 100vw, 1024px\" \/><\/figure>\n<\/figure>\n\n\n\n<p>Ein weiteres Highlight in dieser Woche war das Vesper mit frischem Stockbrot. Gemeinsam mit den Erzieherinnen haben die Kinder Feuer gemacht, St\u00f6cke geschnitzt und anschlie\u00dfend gemeinsam ihr Stockbrot zubereitet. Hier war Geduld gefragt, denn nicht alle Kinder hatten gleichzeitig Platz ums Feuer herum. Zudem dauerte es seine Zeit, bis das Brot fertig war. <\/p>\n\n\n\n<figure class=\"wp-block-gallery has-nested-images columns-default is-cropped wp-block-gallery-2 is-layout-flex wp-block-gallery-is-layout-flex\">\n<figure class=\"wp-block-image size-large\"><img loading=\"lazy\" decoding=\"async\" width=\"1024\" height=\"768\" data-id=\"8426\" src=\"https:\/\/waldkindergarten-berglen.de\/wp-content\/uploads\/2024\/03\/Stockbrot-1024x768.jpg\" alt=\"\" class=\"wp-image-8426\" srcset=\"https:\/\/waldkindergarten-berglen.de\/wp-content\/uploads\/2024\/03\/Stockbrot-1024x768.jpg 1024w, https:\/\/waldkindergarten-berglen.de\/wp-content\/uploads\/2024\/03\/Stockbrot-300x225.jpg 300w, https:\/\/waldkindergarten-berglen.de\/wp-content\/uploads\/2024\/03\/Stockbrot-768x576.jpg 768w, https:\/\/waldkindergarten-berglen.de\/wp-content\/uploads\/2024\/03\/Stockbrot-1536x1152.jpg 1536w, https:\/\/waldkindergarten-berglen.de\/wp-content\/uploads\/2024\/03\/Stockbrot-982x737.jpg 982w, https:\/\/waldkindergarten-berglen.de\/wp-content\/uploads\/2024\/03\/Stockbrot-400x300.jpg 400w, https:\/\/waldkindergarten-berglen.de\/wp-content\/uploads\/2024\/03\/Stockbrot.jpg 1600w\" sizes=\"auto, (max-width: 1024px) 100vw, 1024px\" \/><\/figure>\n<\/figure>\n\n\n\n<p>Aber es hat gro\u00dfen Spa\u00df gemacht und war sehr lecker. Es gab sogar Kr\u00e4uterbutter dazu, was wirklich hervorragend geschmeckt hat. Vor allem, weil die Kr\u00e4uterbutter ebenfalls ein Geschenk f\u00fcr die Waldkinder war. Die beiden Umweltp\u00fcppchen Paula und Pelle waren n\u00e4mlich unterwegs und haben bereits die ersten Kr\u00e4uter gesammelt. Daraus haben sie die wunderbare Kr\u00e4uterbutter f\u00fcr unsere Waldkinder zubereitet. Vielen Dank, das war sehr lecker!<\/p>\n\n\n\n<p><strong>Wussten Sie schon?<\/strong><\/p>\n\n\n\n<p>Im Februar kann man bereits fr\u00fche Wildkr\u00e4uter in der Natur finden. Sie l\u00e4uten das Kr\u00e4uterjahr ein und sind Vorboten des Fr\u00fchlings. Dazu geh\u00f6ren zum Beispiel L\u00f6wenzahn und Spitzwegerich.<\/p>\n","protected":false},"excerpt":{"rendered":"<p>Vergangenen Freitag hatten wir spontanen Besuch im Waldkindergarten. Georg von Sporschill, der Organisator des Mahnfeuers der Landwirte aus Schorndorf und Umgebung, brachte unseren Kindern im Rahmen einer Spendenaktion Kinderschubkarren und Gartenger\u00e4te. Wie bereits in den regionalen Zeitungen berichtet wurde, veranstalteten Landwirte aus Schorndorf und Umgebung am 15.01.2024 ein Mahnfeuer am Tuscaloosa-Kreisel in Schorndorf. Dieses war&hellip; <a href=\"https:\/\/waldkindergarten-berglen.de\/?p=8423\" class=\"more-link\">Weiterlesen <span class=\"screen-reader-text\">Herzlichen Dank!<\/span><\/a><\/p>\n","protected":false},"author":10,"featured_media":0,"comment_status":"closed","ping_status":"closed","sticky":false,"template":"","format":"standard","meta":{"ngg_post_thumbnail":0,"_jetpack_memberships_contains_paid_content":false,"footnotes":""},"categories":[3],"tags":[],"class_list":["post-8423","post","type-post","status-publish","format-standard","hentry","category-berichte"],"jetpack_featured_media_url":"","jetpack_sharing_enabled":true,"_links":{"self":[{"href":"https:\/\/waldkindergarten-berglen.de\/index.php?rest_route=\/wp\/v2\/posts\/8423","targetHints":{"allow":["GET"]}}],"collection":[{"href":"https:\/\/waldkindergarten-berglen.de\/index.php?rest_route=\/wp\/v2\/posts"}],"about":[{"href":"https:\/\/waldkindergarten-berglen.de\/index.php?rest_route=\/wp\/v2\/types\/post"}],"author":[{"embeddable":true,"href":"https:\/\/waldkindergarten-berglen.de\/index.php?rest_route=\/wp\/v2\/users\/10"}],"replies":[{"embeddable":true,"href":"https:\/\/waldkindergarten-berglen.de\/index.php?rest_route=%2Fwp%2Fv2%2Fcomments&post=8423"}],"version-history":[{"count":2,"href":"https:\/\/waldkindergarten-berglen.de\/index.php?rest_route=\/wp\/v2\/posts\/8423\/revisions"}],"predecessor-version":[{"id":8429,"href":"https:\/\/waldkindergarten-berglen.de\/index.php?rest_route=\/wp\/v2\/posts\/8423\/revisions\/8429"}],"wp:attachment":[{"href":"https:\/\/waldkindergarten-berglen.de\/index.php?rest_route=%2Fwp%2Fv2%2Fmedia&parent=8423"}],"wp:term":[{"taxonomy":"category","embeddable":true,"href":"https:\/\/waldkindergarten-berglen.de\/index.php?rest_route=%2Fwp%2Fv2%2Fcategories&post=8423"},{"taxonomy":"post_tag","embeddable":true,"href":"https:\/\/waldkindergarten-berglen.de\/index.php?rest_route=%2Fwp%2Fv2%2Ftags&post=8423"}],"curies":[{"name":"wp","href":"https:\/\/api.w.org\/{rel}","templated":true}]}}