{"id":8457,"date":"2024-03-25T08:05:00","date_gmt":"2024-03-25T07:05:00","guid":{"rendered":"https:\/\/waldkindergarten-berglen.de\/?p=8457"},"modified":"2024-03-24T20:17:17","modified_gmt":"2024-03-24T19:17:17","slug":"eine-woche-voller-h-ei-l-ei-ghts","status":"publish","type":"post","link":"https:\/\/waldkindergarten-berglen.de\/?p=8457","title":{"rendered":"Eine Woche voller H-EI-L-EI-ghts"},"content":{"rendered":"\n<p>Zugegeben, das Wortspiel in der \u00dcberschrift eiert etwas. Aber dass es in der Woche vor den Osterferien rund (oder besser: oval) ums Ei geht, kommt nicht \u00fcberraschend.<\/p>\n\n\n\n<p>Vier H\u00fchner gackerten aufgeregt, waren sie doch von Kindergartenleiterin Sandra von daheim zu einem Ausflug in den Kindergarten mitgebracht worden. Auf dem St\u00fcckle war extra ein kleiner Bereich f\u00fcr die gefiederten Besucher eingez\u00e4unt worden. F\u00fcr die Kinder ging es erst mal ums Thema Huhn: Was wissen wir schon alles \u00fcber H\u00fchner? Nat\u00fcrlich, dass es Hahn und Henne gibt und die Babys K\u00fcken hei\u00dfen. Sie fragten sich, wie viele Eier H\u00fchner pro Tag legen, wie lange sie die Eier ausbr\u00fcten und was so ein Huhn am liebsten frisst. Die Besuchsh\u00fchner sind au\u00dferdem ganz zahm und lie\u00dfen sich von den Kindern streicheln und sogar auf den Arm nehmen. Ein Hahn war auch dabei und gab sein \u201eKikeriki\u201c zum Besten.<\/p>\n\n\n\n<figure class=\"wp-block-image size-large\"><img loading=\"lazy\" decoding=\"async\" width=\"768\" height=\"1024\" src=\"https:\/\/waldkindergarten-berglen.de\/wp-content\/uploads\/2024\/03\/Huehner-zu-Besuch-768x1024.jpg\" alt=\"\" class=\"wp-image-8458\" srcset=\"https:\/\/waldkindergarten-berglen.de\/wp-content\/uploads\/2024\/03\/Huehner-zu-Besuch-768x1024.jpg 768w, https:\/\/waldkindergarten-berglen.de\/wp-content\/uploads\/2024\/03\/Huehner-zu-Besuch-225x300.jpg 225w, https:\/\/waldkindergarten-berglen.de\/wp-content\/uploads\/2024\/03\/Huehner-zu-Besuch-1152x1536.jpg 1152w, https:\/\/waldkindergarten-berglen.de\/wp-content\/uploads\/2024\/03\/Huehner-zu-Besuch-982x1309.jpg 982w, https:\/\/waldkindergarten-berglen.de\/wp-content\/uploads\/2024\/03\/Huehner-zu-Besuch-300x400.jpg 300w, https:\/\/waldkindergarten-berglen.de\/wp-content\/uploads\/2024\/03\/Huehner-zu-Besuch.jpg 1200w\" sizes=\"auto, (max-width: 768px) 100vw, 768px\" \/><\/figure>\n\n\n\n<p>Im Morgenkreis betrachteten die Kinder ganz viele v\u00f6llig unterschiedliche Eier: Winzige Meiseneier, gro\u00dfe Enteneier, noch gr\u00f6\u00dfere G\u00e4nseeier. H\u00fchnereier in verschiedenen Gr\u00f6\u00dfen und Farben. Am allergr\u00f6\u00dften das Strau\u00dfenei. Und es staunten alle, dass sogar ein Krokodilei dabei war.<\/p>\n\n\n\n<figure class=\"wp-block-image size-large\"><img loading=\"lazy\" decoding=\"async\" width=\"768\" height=\"1024\" src=\"https:\/\/waldkindergarten-berglen.de\/wp-content\/uploads\/2024\/03\/Verschiedene-Eier-768x1024.jpg\" alt=\"\" class=\"wp-image-8459\" srcset=\"https:\/\/waldkindergarten-berglen.de\/wp-content\/uploads\/2024\/03\/Verschiedene-Eier-768x1024.jpg 768w, https:\/\/waldkindergarten-berglen.de\/wp-content\/uploads\/2024\/03\/Verschiedene-Eier-225x300.jpg 225w, https:\/\/waldkindergarten-berglen.de\/wp-content\/uploads\/2024\/03\/Verschiedene-Eier-1152x1536.jpg 1152w, https:\/\/waldkindergarten-berglen.de\/wp-content\/uploads\/2024\/03\/Verschiedene-Eier-982x1309.jpg 982w, https:\/\/waldkindergarten-berglen.de\/wp-content\/uploads\/2024\/03\/Verschiedene-Eier-300x400.jpg 300w, https:\/\/waldkindergarten-berglen.de\/wp-content\/uploads\/2024\/03\/Verschiedene-Eier.jpg 1200w\" sizes=\"auto, (max-width: 768px) 100vw, 768px\" \/><\/figure>\n\n\n\n<p>Bei fr\u00fchlingshaften Temperaturen und Sonnenschein wurde im Waldkindergarten das Osterfest gefeiert. Vielen Dank an alle Eltern, die hierf\u00fcr ein Osterbuffet vorbereitet hatten. Es wurden auch verschiedene Osterspiele gespielt. In einem Quiz mussten Fragen \u00fcber H\u00fchner beantwortet werden und dann wurde das Spiel Eiertrudeln gespielt.<\/p>\n\n\n\n<p>Nat\u00fcrlich wurde auch die Ostergeschichte erz\u00e4hlt, damit den Kindern auch wieder bewusst wird, warum wir gemeinsam das Osterfest feiern.<\/p>\n\n\n\n<figure class=\"wp-block-image size-large\"><img loading=\"lazy\" decoding=\"async\" width=\"1024\" height=\"768\" src=\"https:\/\/waldkindergarten-berglen.de\/wp-content\/uploads\/2024\/03\/Osternestchen-1024x768.jpg\" alt=\"\" class=\"wp-image-8460\" srcset=\"https:\/\/waldkindergarten-berglen.de\/wp-content\/uploads\/2024\/03\/Osternestchen-1024x768.jpg 1024w, https:\/\/waldkindergarten-berglen.de\/wp-content\/uploads\/2024\/03\/Osternestchen-300x225.jpg 300w, https:\/\/waldkindergarten-berglen.de\/wp-content\/uploads\/2024\/03\/Osternestchen-768x576.jpg 768w, https:\/\/waldkindergarten-berglen.de\/wp-content\/uploads\/2024\/03\/Osternestchen-1536x1152.jpg 1536w, https:\/\/waldkindergarten-berglen.de\/wp-content\/uploads\/2024\/03\/Osternestchen-982x737.jpg 982w, https:\/\/waldkindergarten-berglen.de\/wp-content\/uploads\/2024\/03\/Osternestchen-400x300.jpg 400w, https:\/\/waldkindergarten-berglen.de\/wp-content\/uploads\/2024\/03\/Osternestchen.jpg 1600w\" sizes=\"auto, (max-width: 1024px) 100vw, 1024px\" \/><\/figure>\n\n\n\n<p>Dann ging es zum Osterplatz, wo die Kinder tags zuvor schon kleine G\u00e4rtchen vorbereitet hatten. Anhand kleiner Z\u00e4unchen und D\u00e4chern war f\u00fcr den Osterhasen klar erkennbar, wo er die Osternester abstellen darf. Die Nester hatten die Kinder zuvor schon vorbereitet, indem sie in fr\u00fchlingshaft bemalten Obstpappschalen Grassamen ausges\u00e4t und diese gegossen hatten. Der Osterhase hatte die Nestchen nun mit Wachteleiern und Ostergutsle bef\u00fcllt und mit einer Bl\u00fcte verziert. Wie gro\u00df war da die Freude f\u00fcr die Kinder, als jedes ein tolles Osternest mit nach Hause nehmen durfte!<\/p>\n\n\n\n<p><strong>Wussten Sie schon?<\/strong><\/p>\n\n\n\n<p><em>Die kleinsten Eier der Welt legt der Bienenkolibri. Seine Eier sind nur einen halben Zentimeter gro\u00df und wiegen etwa 0,2 Gramm.<\/em><\/p>\n","protected":false},"excerpt":{"rendered":"<p>Zugegeben, das Wortspiel in der \u00dcberschrift eiert etwas. Aber dass es in der Woche vor den Osterferien rund (oder besser: oval) ums Ei geht, kommt nicht \u00fcberraschend. Vier H\u00fchner gackerten aufgeregt, waren sie doch von Kindergartenleiterin Sandra von daheim zu einem Ausflug in den Kindergarten mitgebracht worden. Auf dem St\u00fcckle war extra ein kleiner Bereich&hellip; <a href=\"https:\/\/waldkindergarten-berglen.de\/?p=8457\" class=\"more-link\">Weiterlesen <span class=\"screen-reader-text\">Eine Woche voller H-EI-L-EI-ghts<\/span><\/a><\/p>\n","protected":false},"author":11,"featured_media":0,"comment_status":"closed","ping_status":"closed","sticky":false,"template":"","format":"standard","meta":{"ngg_post_thumbnail":0,"_jetpack_memberships_contains_paid_content":false,"footnotes":""},"categories":[3],"tags":[],"class_list":["post-8457","post","type-post","status-publish","format-standard","hentry","category-berichte"],"jetpack_featured_media_url":"","jetpack_sharing_enabled":true,"_links":{"self":[{"href":"https:\/\/waldkindergarten-berglen.de\/index.php?rest_route=\/wp\/v2\/posts\/8457","targetHints":{"allow":["GET"]}}],"collection":[{"href":"https:\/\/waldkindergarten-berglen.de\/index.php?rest_route=\/wp\/v2\/posts"}],"about":[{"href":"https:\/\/waldkindergarten-berglen.de\/index.php?rest_route=\/wp\/v2\/types\/post"}],"author":[{"embeddable":true,"href":"https:\/\/waldkindergarten-berglen.de\/index.php?rest_route=\/wp\/v2\/users\/11"}],"replies":[{"embeddable":true,"href":"https:\/\/waldkindergarten-berglen.de\/index.php?rest_route=%2Fwp%2Fv2%2Fcomments&post=8457"}],"version-history":[{"count":1,"href":"https:\/\/waldkindergarten-berglen.de\/index.php?rest_route=\/wp\/v2\/posts\/8457\/revisions"}],"predecessor-version":[{"id":8461,"href":"https:\/\/waldkindergarten-berglen.de\/index.php?rest_route=\/wp\/v2\/posts\/8457\/revisions\/8461"}],"wp:attachment":[{"href":"https:\/\/waldkindergarten-berglen.de\/index.php?rest_route=%2Fwp%2Fv2%2Fmedia&parent=8457"}],"wp:term":[{"taxonomy":"category","embeddable":true,"href":"https:\/\/waldkindergarten-berglen.de\/index.php?rest_route=%2Fwp%2Fv2%2Fcategories&post=8457"},{"taxonomy":"post_tag","embeddable":true,"href":"https:\/\/waldkindergarten-berglen.de\/index.php?rest_route=%2Fwp%2Fv2%2Ftags&post=8457"}],"curies":[{"name":"wp","href":"https:\/\/api.w.org\/{rel}","templated":true}]}}