{"id":8481,"date":"2024-04-22T08:05:00","date_gmt":"2024-04-22T06:05:00","guid":{"rendered":"https:\/\/waldkindergarten-berglen.de\/?p=8481"},"modified":"2024-04-19T21:19:28","modified_gmt":"2024-04-19T19:19:28","slug":"neues-aus-der-waldspielgruppe-82","status":"publish","type":"post","link":"https:\/\/waldkindergarten-berglen.de\/?p=8481","title":{"rendered":"Neues aus der Waldspielgruppe"},"content":{"rendered":"\n<p>Wir starteten direkt an der Dicken Berta mit unserem Morgenkreis. Nachdem uns der kleine Igel Benjamin begr\u00fc\u00dft hatte, h\u00f6rten wir eine Geschichte von der Schnecke Alma die sich auf die Reise zu ihrer Freundin Trude begab.<\/p>\n\n\n\n<p>Anschlie\u00dfend machten auch wir uns auf die Reise zu unserem Vesperplatz. Auf dem Weg dorthin hielten wir Ausschau nach Almas Schnecken Freunde und fanden ein paar orangefarbene Nacktschnecken.<\/p>\n\n\n\n<p>Da es relativ kalt war beschlossen wir unser Vesper in der Sturmh\u00f6hle des Waldkindergartens zu uns zu nehmen und uns etwas aufzuw\u00e4rmen, bevor wir drau\u00dfen aus Lehm eigene Schnecken bastelten.<\/p>\n\n\n\n<figure class=\"wp-block-gallery has-nested-images columns-default is-cropped wp-block-gallery-1 is-layout-flex wp-block-gallery-is-layout-flex\">\n<figure class=\"wp-block-image size-large\"><img loading=\"lazy\" decoding=\"async\" width=\"768\" height=\"1024\" data-id=\"8483\" src=\"https:\/\/waldkindergarten-berglen.de\/wp-content\/uploads\/2024\/04\/Kind-1-768x1024.jpeg\" alt=\"\" class=\"wp-image-8483\" srcset=\"https:\/\/waldkindergarten-berglen.de\/wp-content\/uploads\/2024\/04\/Kind-1-768x1024.jpeg 768w, https:\/\/waldkindergarten-berglen.de\/wp-content\/uploads\/2024\/04\/Kind-1-225x300.jpeg 225w, https:\/\/waldkindergarten-berglen.de\/wp-content\/uploads\/2024\/04\/Kind-1-1152x1536.jpeg 1152w, https:\/\/waldkindergarten-berglen.de\/wp-content\/uploads\/2024\/04\/Kind-1-1536x2048.jpeg 1536w, https:\/\/waldkindergarten-berglen.de\/wp-content\/uploads\/2024\/04\/Kind-1-982x1309.jpeg 982w, https:\/\/waldkindergarten-berglen.de\/wp-content\/uploads\/2024\/04\/Kind-1-300x400.jpeg 300w, https:\/\/waldkindergarten-berglen.de\/wp-content\/uploads\/2024\/04\/Kind-1-scaled.jpeg 1920w\" sizes=\"auto, (max-width: 768px) 100vw, 768px\" \/><\/figure>\n<\/figure>\n\n\n\n<figure class=\"wp-block-gallery has-nested-images columns-default is-cropped wp-block-gallery-2 is-layout-flex wp-block-gallery-is-layout-flex\">\n<figure class=\"wp-block-image size-large\"><img loading=\"lazy\" decoding=\"async\" width=\"764\" height=\"1024\" data-id=\"8484\" src=\"https:\/\/waldkindergarten-berglen.de\/wp-content\/uploads\/2024\/04\/Schnecken-764x1024.jpeg\" alt=\"\" class=\"wp-image-8484\" srcset=\"https:\/\/waldkindergarten-berglen.de\/wp-content\/uploads\/2024\/04\/Schnecken-764x1024.jpeg 764w, https:\/\/waldkindergarten-berglen.de\/wp-content\/uploads\/2024\/04\/Schnecken-224x300.jpeg 224w, https:\/\/waldkindergarten-berglen.de\/wp-content\/uploads\/2024\/04\/Schnecken-768x1030.jpeg 768w, https:\/\/waldkindergarten-berglen.de\/wp-content\/uploads\/2024\/04\/Schnecken-1146x1536.jpeg 1146w, https:\/\/waldkindergarten-berglen.de\/wp-content\/uploads\/2024\/04\/Schnecken-1528x2048.jpeg 1528w, https:\/\/waldkindergarten-berglen.de\/wp-content\/uploads\/2024\/04\/Schnecken-982x1317.jpeg 982w, https:\/\/waldkindergarten-berglen.de\/wp-content\/uploads\/2024\/04\/Schnecken-298x400.jpeg 298w, https:\/\/waldkindergarten-berglen.de\/wp-content\/uploads\/2024\/04\/Schnecken.jpeg 1811w\" sizes=\"auto, (max-width: 764px) 100vw, 764px\" \/><\/figure>\n<\/figure>\n","protected":false},"excerpt":{"rendered":"<p>Wir starteten direkt an der Dicken Berta mit unserem Morgenkreis. Nachdem uns der kleine Igel Benjamin begr\u00fc\u00dft hatte, h\u00f6rten wir eine Geschichte von der Schnecke Alma die sich auf die Reise zu ihrer Freundin Trude begab. Anschlie\u00dfend machten auch wir uns auf die Reise zu unserem Vesperplatz. Auf dem Weg dorthin hielten wir Ausschau nach&hellip; <a href=\"https:\/\/waldkindergarten-berglen.de\/?p=8481\" class=\"more-link\">Weiterlesen <span class=\"screen-reader-text\">Neues aus der Waldspielgruppe<\/span><\/a><\/p>\n","protected":false},"author":10,"featured_media":0,"comment_status":"closed","ping_status":"closed","sticky":false,"template":"","format":"standard","meta":{"ngg_post_thumbnail":0,"_jetpack_memberships_contains_paid_content":false,"footnotes":""},"categories":[10],"tags":[],"class_list":["post-8481","post","type-post","status-publish","format-standard","hentry","category-waldspielgruppenberichte-aktuell"],"jetpack_featured_media_url":"","jetpack_sharing_enabled":true,"_links":{"self":[{"href":"https:\/\/waldkindergarten-berglen.de\/index.php?rest_route=\/wp\/v2\/posts\/8481","targetHints":{"allow":["GET"]}}],"collection":[{"href":"https:\/\/waldkindergarten-berglen.de\/index.php?rest_route=\/wp\/v2\/posts"}],"about":[{"href":"https:\/\/waldkindergarten-berglen.de\/index.php?rest_route=\/wp\/v2\/types\/post"}],"author":[{"embeddable":true,"href":"https:\/\/waldkindergarten-berglen.de\/index.php?rest_route=\/wp\/v2\/users\/10"}],"replies":[{"embeddable":true,"href":"https:\/\/waldkindergarten-berglen.de\/index.php?rest_route=%2Fwp%2Fv2%2Fcomments&post=8481"}],"version-history":[{"count":1,"href":"https:\/\/waldkindergarten-berglen.de\/index.php?rest_route=\/wp\/v2\/posts\/8481\/revisions"}],"predecessor-version":[{"id":8486,"href":"https:\/\/waldkindergarten-berglen.de\/index.php?rest_route=\/wp\/v2\/posts\/8481\/revisions\/8486"}],"wp:attachment":[{"href":"https:\/\/waldkindergarten-berglen.de\/index.php?rest_route=%2Fwp%2Fv2%2Fmedia&parent=8481"}],"wp:term":[{"taxonomy":"category","embeddable":true,"href":"https:\/\/waldkindergarten-berglen.de\/index.php?rest_route=%2Fwp%2Fv2%2Fcategories&post=8481"},{"taxonomy":"post_tag","embeddable":true,"href":"https:\/\/waldkindergarten-berglen.de\/index.php?rest_route=%2Fwp%2Fv2%2Ftags&post=8481"}],"curies":[{"name":"wp","href":"https:\/\/api.w.org\/{rel}","templated":true}]}}