{"id":8511,"date":"2024-05-27T08:05:00","date_gmt":"2024-05-27T06:05:00","guid":{"rendered":"https:\/\/waldkindergarten-berglen.de\/?p=8511"},"modified":"2024-05-03T11:08:15","modified_gmt":"2024-05-03T09:08:15","slug":"wir-haben-etwas-zu-feiern","status":"publish","type":"post","link":"https:\/\/waldkindergarten-berglen.de\/?p=8511","title":{"rendered":"Wir haben etwas zu feiern!"},"content":{"rendered":"\n<p>Im Jahr 1994 er\u00f6ffnete ein neuer Kindergarten mit einem besonderen Konzept in Berglen \u2013 unser Waldkindertgarten. Das bedeutet: <strong>\u00a0<\/strong>Wir feiern dieses Jahr unser <strong>30-j\u00e4hriges Jubil\u00e4um<\/strong> mit einem gro\u00dfen Fest. Am Samstag,<strong> den 8. Juni von 11 Uhr bis 18 Uhr<\/strong> ist es soweit und wir freuen uns auf zahlreiche G\u00e4ste! Unser Jubil\u00e4umsfest findet auf dem Waldspielplatz in Kottweil, dem St\u00fcckle des Kindergartens und im angrenzenden Waldgebiet statt. Die Kinder, die Erzieherinnen und die Eltern haben tolle Angebote vorbereitet. Vor allem unsere \u201eF\u00fcchse\u201c waren in der Vorschule flei\u00dfig und haben an einem besonderen Projekt f\u00fcr unser Fest gearbeitet. Lassen Sie sich \u00fcberraschen.<\/p>\n\n\n\n<p>Obwohl unsere Waldkinder gerade Ferien haben, m\u00f6chten wir Ihnen dennoch einen kleinen Einblick in eine Kindergartenwoche geben:<\/p>\n\n\n\n<p>Im Fr\u00fchjahr ist der L\u00f6wenzahn nicht zu \u00fcbersehen. Ganze Wiesen leuchten in kr\u00e4ftigem Gelb. Unsere Waldkinder pfl\u00fccken sch\u00f6ne Str\u00e4u\u00dfe und freuen sich \u00fcber die Pusteblumen, deren Samen an kleinen Fallschirmchen weit weg getragen werden. Aber wie wird aus dem gelben L\u00f6wenzahn eine Pusteblume? Auf den Wiesen findet man verschiedene Stadien der Entwicklung. So haben die Kinder Blumen gesammelt, gemeinsam&nbsp; die unterschiedlichen Schritte betrachtet und gestaunt, wie der L\u00f6wenzahn sich ver\u00e4ndert.<\/p>\n\n\n\n<p>Gestaunt haben sie auch bei den Experimenten, die sie gemeinsam gemacht haben. Hierzu wurden geschlossene Bl\u00fcten gesammelt und aufgef\u00e4delt, so dass eine Blumen-Girlande entstanden ist. Schon am n\u00e4chsten Tag hatten sich die Bl\u00fcten an der Girlande ge\u00f6ffnet und sahen richtig sch\u00f6n aus. Wow! Die Kinder waren begeistert. Bei einem anderen Experiment ging es um die St\u00e4ngel der Blume. Mit Scheren oder Messer haben sie diese eingeschnitten und ins Wasser gelegt. Was wohl passiert?<\/p>\n\n\n\n<figure class=\"wp-block-gallery has-nested-images columns-default is-cropped wp-block-gallery-1 is-layout-flex wp-block-gallery-is-layout-flex\">\n<figure class=\"wp-block-image size-large\"><img loading=\"lazy\" decoding=\"async\" width=\"768\" height=\"1024\" data-id=\"8512\" src=\"https:\/\/waldkindergarten-berglen.de\/wp-content\/uploads\/2024\/05\/Experiment-768x1024.jpg\" alt=\"\" class=\"wp-image-8512\" srcset=\"https:\/\/waldkindergarten-berglen.de\/wp-content\/uploads\/2024\/05\/Experiment-768x1024.jpg 768w, https:\/\/waldkindergarten-berglen.de\/wp-content\/uploads\/2024\/05\/Experiment-225x300.jpg 225w, https:\/\/waldkindergarten-berglen.de\/wp-content\/uploads\/2024\/05\/Experiment-1152x1536.jpg 1152w, https:\/\/waldkindergarten-berglen.de\/wp-content\/uploads\/2024\/05\/Experiment-982x1309.jpg 982w, https:\/\/waldkindergarten-berglen.de\/wp-content\/uploads\/2024\/05\/Experiment-300x400.jpg 300w, https:\/\/waldkindergarten-berglen.de\/wp-content\/uploads\/2024\/05\/Experiment.jpg 1200w\" sizes=\"auto, (max-width: 768px) 100vw, 768px\" \/><\/figure>\n<\/figure>\n\n\n\n<p>An einem besonders regnerischen und windigen Tag haben sich die Waldkinder in die Sturmh\u00f6hle zur\u00fcckgezogen und die Malsachen ausgepackt. Hier sind wundersch\u00f6ne Kunstwerke zum Thema L\u00f6wenzahn entstanden. Die Bl\u00e4tter und St\u00e4ngel haben sie mit Buntstiften gemalt, Pusteblumenschirmchen aufgeklebt und die gelbe Farbe mit einem Bl\u00fctenkopf aufs Papier gebracht.<\/p>\n\n\n\n<figure class=\"wp-block-gallery has-nested-images columns-default is-cropped wp-block-gallery-2 is-layout-flex wp-block-gallery-is-layout-flex\">\n<figure class=\"wp-block-image size-large\"><img loading=\"lazy\" decoding=\"async\" width=\"768\" height=\"1024\" data-id=\"8515\" src=\"https:\/\/waldkindergarten-berglen.de\/wp-content\/uploads\/2024\/05\/Malen-1-768x1024.jpg\" alt=\"\" class=\"wp-image-8515\" srcset=\"https:\/\/waldkindergarten-berglen.de\/wp-content\/uploads\/2024\/05\/Malen-1-768x1024.jpg 768w, https:\/\/waldkindergarten-berglen.de\/wp-content\/uploads\/2024\/05\/Malen-1-225x300.jpg 225w, https:\/\/waldkindergarten-berglen.de\/wp-content\/uploads\/2024\/05\/Malen-1-1152x1536.jpg 1152w, https:\/\/waldkindergarten-berglen.de\/wp-content\/uploads\/2024\/05\/Malen-1-982x1309.jpg 982w, https:\/\/waldkindergarten-berglen.de\/wp-content\/uploads\/2024\/05\/Malen-1-300x400.jpg 300w, https:\/\/waldkindergarten-berglen.de\/wp-content\/uploads\/2024\/05\/Malen-1.jpg 1200w\" sizes=\"auto, (max-width: 768px) 100vw, 768px\" \/><\/figure>\n<\/figure>\n\n\n\n<p>Zum Abschluss der Woche wurde gemeinsam eine leckere Suppe \u00fcber dem Feuer gekocht. Alle haben mitgeholfen und Gem\u00fcse geschnitten und die Suppe mit B\u00e4rlauch, G\u00e4nsebl\u00fcmchen und nat\u00fcrlich L\u00f6wenzahn verfeinert. Lecker!<\/p>\n\n\n\n<figure class=\"wp-block-gallery has-nested-images columns-default is-cropped wp-block-gallery-3 is-layout-flex wp-block-gallery-is-layout-flex\">\n<figure class=\"wp-block-image size-large\"><img loading=\"lazy\" decoding=\"async\" width=\"1024\" height=\"768\" data-id=\"8517\" src=\"https:\/\/waldkindergarten-berglen.de\/wp-content\/uploads\/2024\/05\/Kochen-1-1024x768.jpg\" alt=\"\" class=\"wp-image-8517\" srcset=\"https:\/\/waldkindergarten-berglen.de\/wp-content\/uploads\/2024\/05\/Kochen-1-1024x768.jpg 1024w, https:\/\/waldkindergarten-berglen.de\/wp-content\/uploads\/2024\/05\/Kochen-1-300x225.jpg 300w, https:\/\/waldkindergarten-berglen.de\/wp-content\/uploads\/2024\/05\/Kochen-1-768x576.jpg 768w, https:\/\/waldkindergarten-berglen.de\/wp-content\/uploads\/2024\/05\/Kochen-1-1536x1152.jpg 1536w, https:\/\/waldkindergarten-berglen.de\/wp-content\/uploads\/2024\/05\/Kochen-1-982x737.jpg 982w, https:\/\/waldkindergarten-berglen.de\/wp-content\/uploads\/2024\/05\/Kochen-1-400x300.jpg 400w, https:\/\/waldkindergarten-berglen.de\/wp-content\/uploads\/2024\/05\/Kochen-1.jpg 1600w\" sizes=\"auto, (max-width: 1024px) 100vw, 1024px\" \/><\/figure>\n<\/figure>\n\n\n\n<p><strong>Wussten Sie schon?<\/strong><\/p>\n\n\n\n<p>Mehr Informationen zum Waldkindergarten, den Anf\u00e4ngen, den Vorteilen f\u00fcr die Kinder und weitere Berichte aus dem Kindergarten-Alltag finden Sie auf unserer homepage: <a href=\"http:\/\/www.waldkindergarten-berglen.de\">www.waldkindergarten-berglen.de<\/a><\/p>\n\n\n\n<p>Wir freuen uns \u00fcber Ihr Interesse!<\/p>\n","protected":false},"excerpt":{"rendered":"<p>Im Jahr 1994 er\u00f6ffnete ein neuer Kindergarten mit einem besonderen Konzept in Berglen \u2013 unser Waldkindertgarten. Das bedeutet: \u00a0Wir feiern dieses Jahr unser 30-j\u00e4hriges Jubil\u00e4um mit einem gro\u00dfen Fest. Am Samstag, den 8. Juni von 11 Uhr bis 18 Uhr ist es soweit und wir freuen uns auf zahlreiche G\u00e4ste! Unser Jubil\u00e4umsfest findet auf dem&hellip; <a href=\"https:\/\/waldkindergarten-berglen.de\/?p=8511\" class=\"more-link\">Weiterlesen <span class=\"screen-reader-text\">Wir haben etwas zu feiern!<\/span><\/a><\/p>\n","protected":false},"author":10,"featured_media":0,"comment_status":"closed","ping_status":"closed","sticky":false,"template":"","format":"standard","meta":{"ngg_post_thumbnail":0,"_jetpack_memberships_contains_paid_content":false,"footnotes":""},"categories":[3],"tags":[],"class_list":["post-8511","post","type-post","status-publish","format-standard","hentry","category-berichte"],"jetpack_featured_media_url":"","jetpack_sharing_enabled":true,"_links":{"self":[{"href":"https:\/\/waldkindergarten-berglen.de\/index.php?rest_route=\/wp\/v2\/posts\/8511","targetHints":{"allow":["GET"]}}],"collection":[{"href":"https:\/\/waldkindergarten-berglen.de\/index.php?rest_route=\/wp\/v2\/posts"}],"about":[{"href":"https:\/\/waldkindergarten-berglen.de\/index.php?rest_route=\/wp\/v2\/types\/post"}],"author":[{"embeddable":true,"href":"https:\/\/waldkindergarten-berglen.de\/index.php?rest_route=\/wp\/v2\/users\/10"}],"replies":[{"embeddable":true,"href":"https:\/\/waldkindergarten-berglen.de\/index.php?rest_route=%2Fwp%2Fv2%2Fcomments&post=8511"}],"version-history":[{"count":1,"href":"https:\/\/waldkindergarten-berglen.de\/index.php?rest_route=\/wp\/v2\/posts\/8511\/revisions"}],"predecessor-version":[{"id":8518,"href":"https:\/\/waldkindergarten-berglen.de\/index.php?rest_route=\/wp\/v2\/posts\/8511\/revisions\/8518"}],"wp:attachment":[{"href":"https:\/\/waldkindergarten-berglen.de\/index.php?rest_route=%2Fwp%2Fv2%2Fmedia&parent=8511"}],"wp:term":[{"taxonomy":"category","embeddable":true,"href":"https:\/\/waldkindergarten-berglen.de\/index.php?rest_route=%2Fwp%2Fv2%2Fcategories&post=8511"},{"taxonomy":"post_tag","embeddable":true,"href":"https:\/\/waldkindergarten-berglen.de\/index.php?rest_route=%2Fwp%2Fv2%2Ftags&post=8511"}],"curies":[{"name":"wp","href":"https:\/\/api.w.org\/{rel}","templated":true}]}}