{"id":8520,"date":"2024-05-27T08:05:00","date_gmt":"2024-05-27T06:05:00","guid":{"rendered":"https:\/\/waldkindergarten-berglen.de\/?p=8520"},"modified":"2024-05-03T11:47:28","modified_gmt":"2024-05-03T09:47:28","slug":"neues-aus-der-waldspielgruppe-84","status":"publish","type":"post","link":"https:\/\/waldkindergarten-berglen.de\/?p=8520","title":{"rendered":"Neues aus der Waldspielgruppe"},"content":{"rendered":"\n<p>In der Waldspielgruppe haben j\u00fcngere Kinder von 2 Jahren bis 3,5 Jahren die M\u00f6glichkeit einen Vormittag mit einer Betreuungsperson in der Natur zu verbringen und zu klettern, zu buddeln, zu rutschen, gemeinsam zu singen, Fingerspiele zu machen, zu basteln und kleine Abenteuer zu erleben. Auch die Waldspielgruppe pausiert in den Ferien. Dennoch m\u00f6chten wir Ihnen auch hier einen kleinen Einblick in einen Vormittag aus dem Fr\u00fchjahr geben:<\/p>\n\n\n\n<p>Passend zu unserer Geschichte im Morgenkreis wurden wir erstmal leise und lauschten welche Tiere wir h\u00f6ren k\u00f6nnen. Ganz eindeutig konnten wir verschiedene V\u00f6gel zwitschern h\u00f6ren. Wie sch\u00f6n das doch klingt. Passend dazu h\u00f6rten wir eine Klanggeschichte von dem Vogeljungen \u201eNisse\u201c, das fliegen lernte.<\/p>\n\n\n\n<figure class=\"wp-block-gallery has-nested-images columns-default is-cropped wp-block-gallery-1 is-layout-flex wp-block-gallery-is-layout-flex\">\n<figure class=\"wp-block-image size-large\"><img loading=\"lazy\" decoding=\"async\" width=\"1024\" height=\"768\" data-id=\"8522\" src=\"https:\/\/waldkindergarten-berglen.de\/wp-content\/uploads\/2024\/05\/Morgenkreis-1-1024x768.jpeg\" alt=\"\" class=\"wp-image-8522\" srcset=\"https:\/\/waldkindergarten-berglen.de\/wp-content\/uploads\/2024\/05\/Morgenkreis-1-1024x768.jpeg 1024w, https:\/\/waldkindergarten-berglen.de\/wp-content\/uploads\/2024\/05\/Morgenkreis-1-300x225.jpeg 300w, https:\/\/waldkindergarten-berglen.de\/wp-content\/uploads\/2024\/05\/Morgenkreis-1-768x576.jpeg 768w, https:\/\/waldkindergarten-berglen.de\/wp-content\/uploads\/2024\/05\/Morgenkreis-1-1536x1152.jpeg 1536w, https:\/\/waldkindergarten-berglen.de\/wp-content\/uploads\/2024\/05\/Morgenkreis-1-982x737.jpeg 982w, https:\/\/waldkindergarten-berglen.de\/wp-content\/uploads\/2024\/05\/Morgenkreis-1-400x300.jpeg 400w, https:\/\/waldkindergarten-berglen.de\/wp-content\/uploads\/2024\/05\/Morgenkreis-1.jpeg 1600w\" sizes=\"auto, (max-width: 1024px) 100vw, 1024px\" \/><\/figure>\n<\/figure>\n\n\n\n<p>Dann wurde alles zusammengepackt und es ging los zur Sturmh\u00f6hle. Unterwegs wurde am<br>Kletterberg gestoppt, um zu klettern und zu rutschen. An der Sturmh\u00f6hle angekommen, vesperten wir erstmal in der H\u00fctte und w\u00e4rmten uns etwas auf. Frisch gest\u00e4rkt durfte jedes Kind sich noch einen eigenen kleinen Vogel aus einer Baumscheibe basteln und anschlie\u00dfend wurden die Matschk\u00fcchen und H\u00fctten auf dem St\u00fcckle bespielt.<\/p>\n\n\n\n<figure class=\"wp-block-gallery has-nested-images columns-default is-cropped wp-block-gallery-2 is-layout-flex wp-block-gallery-is-layout-flex\">\n<figure class=\"wp-block-image size-large\"><img loading=\"lazy\" decoding=\"async\" width=\"768\" height=\"1024\" data-id=\"8524\" src=\"https:\/\/waldkindergarten-berglen.de\/wp-content\/uploads\/2024\/05\/Haengematte-1-768x1024.jpeg\" alt=\"\" class=\"wp-image-8524\" srcset=\"https:\/\/waldkindergarten-berglen.de\/wp-content\/uploads\/2024\/05\/Haengematte-1-768x1024.jpeg 768w, https:\/\/waldkindergarten-berglen.de\/wp-content\/uploads\/2024\/05\/Haengematte-1-225x300.jpeg 225w, https:\/\/waldkindergarten-berglen.de\/wp-content\/uploads\/2024\/05\/Haengematte-1-1152x1536.jpeg 1152w, https:\/\/waldkindergarten-berglen.de\/wp-content\/uploads\/2024\/05\/Haengematte-1-982x1309.jpeg 982w, https:\/\/waldkindergarten-berglen.de\/wp-content\/uploads\/2024\/05\/Haengematte-1-300x400.jpeg 300w, https:\/\/waldkindergarten-berglen.de\/wp-content\/uploads\/2024\/05\/Haengematte-1.jpeg 1200w\" sizes=\"auto, (max-width: 768px) 100vw, 768px\" \/><\/figure>\n<\/figure>\n","protected":false},"excerpt":{"rendered":"<p>In der Waldspielgruppe haben j\u00fcngere Kinder von 2 Jahren bis 3,5 Jahren die M\u00f6glichkeit einen Vormittag mit einer Betreuungsperson in der Natur zu verbringen und zu klettern, zu buddeln, zu rutschen, gemeinsam zu singen, Fingerspiele zu machen, zu basteln und kleine Abenteuer zu erleben. Auch die Waldspielgruppe pausiert in den Ferien. Dennoch m\u00f6chten wir Ihnen&hellip; <a href=\"https:\/\/waldkindergarten-berglen.de\/?p=8520\" class=\"more-link\">Weiterlesen <span class=\"screen-reader-text\">Neues aus der Waldspielgruppe<\/span><\/a><\/p>\n","protected":false},"author":10,"featured_media":0,"comment_status":"closed","ping_status":"closed","sticky":false,"template":"","format":"standard","meta":{"ngg_post_thumbnail":0,"_jetpack_memberships_contains_paid_content":false,"footnotes":""},"categories":[10],"tags":[],"class_list":["post-8520","post","type-post","status-publish","format-standard","hentry","category-waldspielgruppenberichte-aktuell"],"jetpack_featured_media_url":"","jetpack_sharing_enabled":true,"_links":{"self":[{"href":"https:\/\/waldkindergarten-berglen.de\/index.php?rest_route=\/wp\/v2\/posts\/8520","targetHints":{"allow":["GET"]}}],"collection":[{"href":"https:\/\/waldkindergarten-berglen.de\/index.php?rest_route=\/wp\/v2\/posts"}],"about":[{"href":"https:\/\/waldkindergarten-berglen.de\/index.php?rest_route=\/wp\/v2\/types\/post"}],"author":[{"embeddable":true,"href":"https:\/\/waldkindergarten-berglen.de\/index.php?rest_route=\/wp\/v2\/users\/10"}],"replies":[{"embeddable":true,"href":"https:\/\/waldkindergarten-berglen.de\/index.php?rest_route=%2Fwp%2Fv2%2Fcomments&post=8520"}],"version-history":[{"count":1,"href":"https:\/\/waldkindergarten-berglen.de\/index.php?rest_route=\/wp\/v2\/posts\/8520\/revisions"}],"predecessor-version":[{"id":8525,"href":"https:\/\/waldkindergarten-berglen.de\/index.php?rest_route=\/wp\/v2\/posts\/8520\/revisions\/8525"}],"wp:attachment":[{"href":"https:\/\/waldkindergarten-berglen.de\/index.php?rest_route=%2Fwp%2Fv2%2Fmedia&parent=8520"}],"wp:term":[{"taxonomy":"category","embeddable":true,"href":"https:\/\/waldkindergarten-berglen.de\/index.php?rest_route=%2Fwp%2Fv2%2Fcategories&post=8520"},{"taxonomy":"post_tag","embeddable":true,"href":"https:\/\/waldkindergarten-berglen.de\/index.php?rest_route=%2Fwp%2Fv2%2Ftags&post=8520"}],"curies":[{"name":"wp","href":"https:\/\/api.w.org\/{rel}","templated":true}]}}