{"id":8543,"date":"2024-05-13T08:05:00","date_gmt":"2024-05-13T06:05:00","guid":{"rendered":"https:\/\/waldkindergarten-berglen.de\/?p=8543"},"modified":"2024-05-08T12:07:07","modified_gmt":"2024-05-08T10:07:07","slug":"muttertag-3","status":"publish","type":"post","link":"https:\/\/waldkindergarten-berglen.de\/?p=8543","title":{"rendered":"Muttertag"},"content":{"rendered":"\n<p>Schon vor Tagen h\u00f6rte man im Wald ein fr\u00f6hliches Kichern und Tuscheln. Die Kinder haben etwas vorbereitet und wollten nichts verraten. Sie waren voller Vorfreude und sehr gespannt. Endlich war es soweit und die Mamas haben eine Einladung zur Muttertags-\u00dcberraschung bekommen. Mittags beim Abholen wurden sie von ihren aufgeregten Kindern in Empfang genommen und zum Morgenkreis gef\u00fchrt. Passend zum Thema der letzten Wochen wurde der Morgenkreis liebevoll zu einem L\u00f6wenzahn dekoriert. Der Stiel wurde aus L\u00f6wenzahn-Stielen gelegt, die Bl\u00e4tter aus L\u00f6wenzahnbl\u00e4ttern und die Bl\u00fcte stellte der Steinkreis mit gelbem Sonnenschirm dar. Wow! Um sich das besser vorstellen zu k\u00f6nnen zeigen wir am besten ein Foto:<\/p>\n\n\n\n<figure class=\"wp-block-gallery has-nested-images columns-default is-cropped wp-block-gallery-1 is-layout-flex wp-block-gallery-is-layout-flex\">\n<figure class=\"wp-block-image size-large\"><img loading=\"lazy\" decoding=\"async\" width=\"1024\" height=\"768\" data-id=\"8545\" src=\"https:\/\/waldkindergarten-berglen.de\/wp-content\/uploads\/2024\/05\/Morgenkreis-1-1024x768.jpg\" alt=\"\" class=\"wp-image-8545\" srcset=\"https:\/\/waldkindergarten-berglen.de\/wp-content\/uploads\/2024\/05\/Morgenkreis-1-1024x768.jpg 1024w, https:\/\/waldkindergarten-berglen.de\/wp-content\/uploads\/2024\/05\/Morgenkreis-1-300x225.jpg 300w, https:\/\/waldkindergarten-berglen.de\/wp-content\/uploads\/2024\/05\/Morgenkreis-1-768x576.jpg 768w, https:\/\/waldkindergarten-berglen.de\/wp-content\/uploads\/2024\/05\/Morgenkreis-1-1536x1152.jpg 1536w, https:\/\/waldkindergarten-berglen.de\/wp-content\/uploads\/2024\/05\/Morgenkreis-1-982x737.jpg 982w, https:\/\/waldkindergarten-berglen.de\/wp-content\/uploads\/2024\/05\/Morgenkreis-1-400x300.jpg 400w, https:\/\/waldkindergarten-berglen.de\/wp-content\/uploads\/2024\/05\/Morgenkreis-1.jpg 1600w\" sizes=\"auto, (max-width: 1024px) 100vw, 1024px\" \/><\/figure>\n<\/figure>\n\n\n\n<p>Dazu erklang leise Musik und kleine Kinderh\u00e4nde f\u00fchrten die Mamas zur Mitte des Kreises, wo viele h\u00fcbsch verpackte Gl\u00e4schen standen. Jede Mama hat selbst gemachten L\u00f6wenzahn-Honig von ihrem Kind bekommen. Was f\u00fcr ein sch\u00f6nes und leckeres Geschenk, das in der Herstellung \u00fcbrigens viel Ausdauer von den Kindern gefordert hat. Zuerst waren sie auf den umliegenden Wiesen unterwegs um L\u00f6wenzahnbl\u00fcten zu sammeln. Es wurden wirklich viele ben\u00f6tigt. \u201eEinen ganzen Haufen!\u201c haben die Kinder hinterher erkl\u00e4rt. Anschlie\u00dfend mussten die gelben Bl\u00e4ttchen aus den ganzen Bl\u00fcten gezupft werden, um sie in Wasser \u00fcber dem Feuer aufzukochen.&nbsp;<\/p>\n\n\n\n<figure class=\"wp-block-gallery has-nested-images columns-default is-cropped wp-block-gallery-2 is-layout-flex wp-block-gallery-is-layout-flex\">\n<figure class=\"wp-block-image size-large\"><img loading=\"lazy\" decoding=\"async\" width=\"1024\" height=\"768\" data-id=\"8546\" src=\"https:\/\/waldkindergarten-berglen.de\/wp-content\/uploads\/2024\/05\/Zupfen-1024x768.jpg\" alt=\"\" class=\"wp-image-8546\" srcset=\"https:\/\/waldkindergarten-berglen.de\/wp-content\/uploads\/2024\/05\/Zupfen-1024x768.jpg 1024w, https:\/\/waldkindergarten-berglen.de\/wp-content\/uploads\/2024\/05\/Zupfen-300x225.jpg 300w, https:\/\/waldkindergarten-berglen.de\/wp-content\/uploads\/2024\/05\/Zupfen-768x576.jpg 768w, https:\/\/waldkindergarten-berglen.de\/wp-content\/uploads\/2024\/05\/Zupfen-1536x1152.jpg 1536w, https:\/\/waldkindergarten-berglen.de\/wp-content\/uploads\/2024\/05\/Zupfen-982x737.jpg 982w, https:\/\/waldkindergarten-berglen.de\/wp-content\/uploads\/2024\/05\/Zupfen-400x300.jpg 400w, https:\/\/waldkindergarten-berglen.de\/wp-content\/uploads\/2024\/05\/Zupfen.jpg 1600w\" sizes=\"auto, (max-width: 1024px) 100vw, 1024px\" \/><\/figure>\n<\/figure>\n\n\n\n<p>Am n\u00e4chsten Tag wurde der Inhalt des Topfes abgeseiht und die Fl\u00fcssigkeit mit Zitronensaft und Zucker weiter gekocht. Das war mal wieder ein tolles Geschenk zum Muttertag und die Kinder waren &nbsp;sehr stolz auf das, was sie selbst hergestellt hatten und wof\u00fcr sie sich viel M\u00fche gegeben haben.&nbsp;<\/p>\n\n\n\n<p>Viel M\u00fche geben sie sich auch mit den Vorbereitungen f\u00fcr unser Jubil\u00e4umsfest am 8. Juni. Denn hier soll nicht nur gefeiert und geschlemmt werden, es soll an verschiedenen Stationen auch Einblicke in das geben, was im Waldkindergarten gemacht wird und was ihn besonders macht. Hierf\u00fcr wird schon flei\u00dfig gebaut, geflochten, gemalt, und so weiter.&nbsp;<\/p>\n\n\n\n<figure class=\"wp-block-gallery has-nested-images columns-default is-cropped wp-block-gallery-3 is-layout-flex wp-block-gallery-is-layout-flex\">\n<figure class=\"wp-block-image size-large\"><img loading=\"lazy\" decoding=\"async\" width=\"768\" height=\"1024\" data-id=\"8549\" src=\"https:\/\/waldkindergarten-berglen.de\/wp-content\/uploads\/2024\/05\/Flechten-1-768x1024.jpg\" alt=\"\" class=\"wp-image-8549\" srcset=\"https:\/\/waldkindergarten-berglen.de\/wp-content\/uploads\/2024\/05\/Flechten-1-768x1024.jpg 768w, https:\/\/waldkindergarten-berglen.de\/wp-content\/uploads\/2024\/05\/Flechten-1-225x300.jpg 225w, https:\/\/waldkindergarten-berglen.de\/wp-content\/uploads\/2024\/05\/Flechten-1-1152x1536.jpg 1152w, https:\/\/waldkindergarten-berglen.de\/wp-content\/uploads\/2024\/05\/Flechten-1-982x1309.jpg 982w, https:\/\/waldkindergarten-berglen.de\/wp-content\/uploads\/2024\/05\/Flechten-1-300x400.jpg 300w, https:\/\/waldkindergarten-berglen.de\/wp-content\/uploads\/2024\/05\/Flechten-1.jpg 1200w\" sizes=\"auto, (max-width: 768px) 100vw, 768px\" \/><\/figure>\n<\/figure>\n\n\n\n<p>Alle Kinder helfen mit,&nbsp;von den kleinen \u201eM\u00e4uschen\u201c bis zu den gro\u00dfen \u201eF\u00fcchsen\u201c, die sich speziell in der Vorschule mit den Vorbereitungen besch\u00e4ftigen. Hier wird geplant, gebaut, ausprobiert und nebenbei werden viele Fertigkeiten gef\u00f6rdert.<\/p>\n\n\n\n<p><strong>Wussten Sie schon?<\/strong><\/p>\n\n\n\n<p>Der L\u00f6wenzahn hat seinen Namen wegen seiner Bl\u00e4tter. Diese sind gezackt und erinnern mit etwas Fantasie an die Z\u00e4hne von L\u00f6wen.&nbsp;<\/p>\n","protected":false},"excerpt":{"rendered":"<p>Schon vor Tagen h\u00f6rte man im Wald ein fr\u00f6hliches Kichern und Tuscheln. Die Kinder haben etwas vorbereitet und wollten nichts verraten. Sie waren voller Vorfreude und sehr gespannt. Endlich war es soweit und die Mamas haben eine Einladung zur Muttertags-\u00dcberraschung bekommen. Mittags beim Abholen wurden sie von ihren aufgeregten Kindern in Empfang genommen und zum&hellip; <a href=\"https:\/\/waldkindergarten-berglen.de\/?p=8543\" class=\"more-link\">Weiterlesen <span class=\"screen-reader-text\">Muttertag<\/span><\/a><\/p>\n","protected":false},"author":10,"featured_media":0,"comment_status":"closed","ping_status":"closed","sticky":false,"template":"","format":"standard","meta":{"ngg_post_thumbnail":0,"_jetpack_memberships_contains_paid_content":false,"footnotes":""},"categories":[3],"tags":[],"class_list":["post-8543","post","type-post","status-publish","format-standard","hentry","category-berichte"],"jetpack_featured_media_url":"","jetpack_sharing_enabled":true,"_links":{"self":[{"href":"https:\/\/waldkindergarten-berglen.de\/index.php?rest_route=\/wp\/v2\/posts\/8543","targetHints":{"allow":["GET"]}}],"collection":[{"href":"https:\/\/waldkindergarten-berglen.de\/index.php?rest_route=\/wp\/v2\/posts"}],"about":[{"href":"https:\/\/waldkindergarten-berglen.de\/index.php?rest_route=\/wp\/v2\/types\/post"}],"author":[{"embeddable":true,"href":"https:\/\/waldkindergarten-berglen.de\/index.php?rest_route=\/wp\/v2\/users\/10"}],"replies":[{"embeddable":true,"href":"https:\/\/waldkindergarten-berglen.de\/index.php?rest_route=%2Fwp%2Fv2%2Fcomments&post=8543"}],"version-history":[{"count":1,"href":"https:\/\/waldkindergarten-berglen.de\/index.php?rest_route=\/wp\/v2\/posts\/8543\/revisions"}],"predecessor-version":[{"id":8550,"href":"https:\/\/waldkindergarten-berglen.de\/index.php?rest_route=\/wp\/v2\/posts\/8543\/revisions\/8550"}],"wp:attachment":[{"href":"https:\/\/waldkindergarten-berglen.de\/index.php?rest_route=%2Fwp%2Fv2%2Fmedia&parent=8543"}],"wp:term":[{"taxonomy":"category","embeddable":true,"href":"https:\/\/waldkindergarten-berglen.de\/index.php?rest_route=%2Fwp%2Fv2%2Fcategories&post=8543"},{"taxonomy":"post_tag","embeddable":true,"href":"https:\/\/waldkindergarten-berglen.de\/index.php?rest_route=%2Fwp%2Fv2%2Ftags&post=8543"}],"curies":[{"name":"wp","href":"https:\/\/api.w.org\/{rel}","templated":true}]}}