{"id":8552,"date":"2024-05-20T08:05:00","date_gmt":"2024-05-20T06:05:00","guid":{"rendered":"https:\/\/waldkindergarten-berglen.de\/?p=8552"},"modified":"2024-05-15T11:19:12","modified_gmt":"2024-05-15T09:19:12","slug":"spielen-im-wald","status":"publish","type":"post","link":"https:\/\/waldkindergarten-berglen.de\/?p=8552","title":{"rendered":"Spielen im Wald"},"content":{"rendered":"\n<p>Bei sch\u00f6nstem Fr\u00fchlingswetter sind die Waldkinder in die letzte Woche vor den Pfingstferien gestartet. Es ist wirklich herrlich im Wald: Die Sonne scheint durch die saftig gr\u00fcnen Bl\u00e4tter der B\u00e4ume, die V\u00f6gel zwitschern und es gibt allerhand zu beobachten.<\/p>\n\n\n\n<figure class=\"wp-block-gallery has-nested-images columns-default is-cropped wp-block-gallery-1 is-layout-flex wp-block-gallery-is-layout-flex\">\n<figure class=\"wp-block-image size-large\"><img loading=\"lazy\" decoding=\"async\" width=\"768\" height=\"1024\" data-id=\"8553\" src=\"https:\/\/waldkindergarten-berglen.de\/wp-content\/uploads\/2024\/05\/Vesper-768x1024.jpg\" alt=\"\" class=\"wp-image-8553\" srcset=\"https:\/\/waldkindergarten-berglen.de\/wp-content\/uploads\/2024\/05\/Vesper-768x1024.jpg 768w, https:\/\/waldkindergarten-berglen.de\/wp-content\/uploads\/2024\/05\/Vesper-225x300.jpg 225w, https:\/\/waldkindergarten-berglen.de\/wp-content\/uploads\/2024\/05\/Vesper-1152x1536.jpg 1152w, https:\/\/waldkindergarten-berglen.de\/wp-content\/uploads\/2024\/05\/Vesper-982x1309.jpg 982w, https:\/\/waldkindergarten-berglen.de\/wp-content\/uploads\/2024\/05\/Vesper-300x400.jpg 300w, https:\/\/waldkindergarten-berglen.de\/wp-content\/uploads\/2024\/05\/Vesper.jpg 1200w\" sizes=\"auto, (max-width: 768px) 100vw, 768px\" \/><\/figure>\n<\/figure>\n\n\n\n<p>Die Natur ist in stetigem Wandel und jede Jahreszeit bringt wechselnde Eindr\u00fccke mit sich. Die Kinder werden dadurch st\u00e4ndig angeregt Neues zu entdecken. Der Fantasie sind keine Grenzen gesetzt und \u00c4ste sind mal Schaufel, mal Schwert oder Zauberstab. Die Kinder spielen mit allem, was der Wald hergibt. In letzter Zeit fallen vermehrt Zapfen von den B\u00e4umen. Man h\u00f6rt, wenn sie auf den Boden purzeln. Also haben die Kinder angefangen viele viele Zapfen zu sammeln und einen Verkaufsstand zu bauen. Sp\u00e4ter wurde aus dem Kaufladen ein Stand mit Eintrittskarten, denn die Kinder hatten eine super Idee: Sie haben aus den Zapfen einen Barfu\u00dfpfad angelegt. Nat\u00fcrlich haben die Erzieherinnen gerne eine Eintrittskarte gekauft, mit ein paar Bl\u00e4ttern bezahlt, ihre Schuhe ausgezogen und den Pfad getestet. Immer mehr Kinder sind dazugekommen und haben den Pfad ebenfalls ausprobiert und gemeinsam erweitert. Rindenst\u00fcckchen, S\u00e4gemehl, ein Ast zum Balancieren und so weiter. Wie f\u00fchlt sich das an? Erst die stupfigen, harten Zapfen, dann weicher und k\u00fchler Waldboden, der wackelige Ast \u2013 eine tolle Erfahrung.<\/p>\n\n\n\n<p>Andere Kinder haben w\u00e4hrenddessen eine Auff\u00fchrung einstudiert und wieder andere haben \u201eBiber\u201c gespielt und aus \u00c4sten, Zweigen und Steinen einen Biberdamm gebaut. Der Fantasie sind keine Grenzen gesetzt und die Kinder haben im t\u00e4glichen Freispiel viele Ideen. Es wird getobt, gerannt, geklettert, gebaut, in kleinen oder in gro\u00dfen Gruppen gespielt, die Natur beobachtet und auch mal vor sich hin getr\u00e4umt.<\/p>\n\n\n\n<figure class=\"wp-block-gallery has-nested-images columns-default is-cropped wp-block-gallery-2 is-layout-flex wp-block-gallery-is-layout-flex\">\n<figure class=\"wp-block-image size-large\"><img loading=\"lazy\" decoding=\"async\" width=\"768\" height=\"1024\" data-id=\"8555\" src=\"https:\/\/waldkindergarten-berglen.de\/wp-content\/uploads\/2024\/05\/Freispiel-768x1024.jpg\" alt=\"\" class=\"wp-image-8555\" srcset=\"https:\/\/waldkindergarten-berglen.de\/wp-content\/uploads\/2024\/05\/Freispiel-768x1024.jpg 768w, https:\/\/waldkindergarten-berglen.de\/wp-content\/uploads\/2024\/05\/Freispiel-225x300.jpg 225w, https:\/\/waldkindergarten-berglen.de\/wp-content\/uploads\/2024\/05\/Freispiel-1152x1536.jpg 1152w, https:\/\/waldkindergarten-berglen.de\/wp-content\/uploads\/2024\/05\/Freispiel-982x1309.jpg 982w, https:\/\/waldkindergarten-berglen.de\/wp-content\/uploads\/2024\/05\/Freispiel-300x400.jpg 300w, https:\/\/waldkindergarten-berglen.de\/wp-content\/uploads\/2024\/05\/Freispiel.jpg 1200w\" sizes=\"auto, (max-width: 768px) 100vw, 768px\" \/><\/figure>\n<\/figure>\n\n\n\n<p>Damit Erinnerungen an diese Zeit geschaffen werden, legen die Erzieherinnen individuelle Portfolios mit Fotos und Berichten f\u00fcr jedes Kind an. Und diese Woche war noch eine Fotografin da, um Fotos von den Kindern und der Gruppe zu machen. Auch das ist eine tolle Erinnerung. Wer wollte durfte nachmittags auch Geschwister \u2013 oder Familienfotos machen.<\/p>\n\n\n\n<p><strong>Wussten Sie schon?<\/strong><\/p>\n\n\n\n<p>Die Zapfen der Kiefer \u00f6ffnen sich im Sp\u00e4twinter bzw. im Fr\u00fchjahr und die Samen fallen heraus. Danach fallen die Zapfen ab. Ein Tannenzapfen hingegen f\u00e4llt nicht ganz vom Baum, sondern wirft nur einzelne Schuppen ab.<\/p>\n","protected":false},"excerpt":{"rendered":"<p>Bei sch\u00f6nstem Fr\u00fchlingswetter sind die Waldkinder in die letzte Woche vor den Pfingstferien gestartet. Es ist wirklich herrlich im Wald: Die Sonne scheint durch die saftig gr\u00fcnen Bl\u00e4tter der B\u00e4ume, die V\u00f6gel zwitschern und es gibt allerhand zu beobachten. Die Natur ist in stetigem Wandel und jede Jahreszeit bringt wechselnde Eindr\u00fccke mit sich. Die Kinder&hellip; <a href=\"https:\/\/waldkindergarten-berglen.de\/?p=8552\" class=\"more-link\">Weiterlesen <span class=\"screen-reader-text\">Spielen im Wald<\/span><\/a><\/p>\n","protected":false},"author":10,"featured_media":0,"comment_status":"closed","ping_status":"closed","sticky":false,"template":"","format":"standard","meta":{"ngg_post_thumbnail":0,"_jetpack_memberships_contains_paid_content":false,"footnotes":""},"categories":[3],"tags":[],"class_list":["post-8552","post","type-post","status-publish","format-standard","hentry","category-berichte"],"jetpack_featured_media_url":"","jetpack_sharing_enabled":true,"_links":{"self":[{"href":"https:\/\/waldkindergarten-berglen.de\/index.php?rest_route=\/wp\/v2\/posts\/8552","targetHints":{"allow":["GET"]}}],"collection":[{"href":"https:\/\/waldkindergarten-berglen.de\/index.php?rest_route=\/wp\/v2\/posts"}],"about":[{"href":"https:\/\/waldkindergarten-berglen.de\/index.php?rest_route=\/wp\/v2\/types\/post"}],"author":[{"embeddable":true,"href":"https:\/\/waldkindergarten-berglen.de\/index.php?rest_route=\/wp\/v2\/users\/10"}],"replies":[{"embeddable":true,"href":"https:\/\/waldkindergarten-berglen.de\/index.php?rest_route=%2Fwp%2Fv2%2Fcomments&post=8552"}],"version-history":[{"count":1,"href":"https:\/\/waldkindergarten-berglen.de\/index.php?rest_route=\/wp\/v2\/posts\/8552\/revisions"}],"predecessor-version":[{"id":8557,"href":"https:\/\/waldkindergarten-berglen.de\/index.php?rest_route=\/wp\/v2\/posts\/8552\/revisions\/8557"}],"wp:attachment":[{"href":"https:\/\/waldkindergarten-berglen.de\/index.php?rest_route=%2Fwp%2Fv2%2Fmedia&parent=8552"}],"wp:term":[{"taxonomy":"category","embeddable":true,"href":"https:\/\/waldkindergarten-berglen.de\/index.php?rest_route=%2Fwp%2Fv2%2Fcategories&post=8552"},{"taxonomy":"post_tag","embeddable":true,"href":"https:\/\/waldkindergarten-berglen.de\/index.php?rest_route=%2Fwp%2Fv2%2Ftags&post=8552"}],"curies":[{"name":"wp","href":"https:\/\/api.w.org\/{rel}","templated":true}]}}