{"id":8578,"date":"2024-06-17T08:05:00","date_gmt":"2024-06-17T06:05:00","guid":{"rendered":"https:\/\/waldkindergarten-berglen.de\/?p=8578"},"modified":"2024-06-16T20:27:54","modified_gmt":"2024-06-16T18:27:54","slug":"kirschenernte-und-begegnung-mit-dem-siebenschlaefer","status":"publish","type":"post","link":"https:\/\/waldkindergarten-berglen.de\/?p=8578","title":{"rendered":"Kirschenernte und Begegnung mit dem Siebenschl\u00e4fer"},"content":{"rendered":"\n<p>Leider k\u00f6nnen die Kinder nach dem Starkregen immer noch nicht in den Wald. Aber zum Gl\u00fcck gibt es auf den umliegenden Wiesen auch so viele neue Pl\u00e4tze zu entdecken und viel zu erleben. Gerade bl\u00fcht unter anderem der Mohn wundersch\u00f6n und die Kinder bastelten aus Mohnblumen kleine Feen, die sie den Rest des Tages begleiteten.<\/p>\n\n\n\n<figure class=\"wp-block-image size-large\"><img loading=\"lazy\" decoding=\"async\" width=\"768\" height=\"1024\" src=\"https:\/\/waldkindergarten-berglen.de\/wp-content\/uploads\/2024\/06\/Feen-aus-Mohnblumen-768x1024.jpg\" alt=\"\" class=\"wp-image-8579\" srcset=\"https:\/\/waldkindergarten-berglen.de\/wp-content\/uploads\/2024\/06\/Feen-aus-Mohnblumen-768x1024.jpg 768w, https:\/\/waldkindergarten-berglen.de\/wp-content\/uploads\/2024\/06\/Feen-aus-Mohnblumen-225x300.jpg 225w, https:\/\/waldkindergarten-berglen.de\/wp-content\/uploads\/2024\/06\/Feen-aus-Mohnblumen-1152x1536.jpg 1152w, https:\/\/waldkindergarten-berglen.de\/wp-content\/uploads\/2024\/06\/Feen-aus-Mohnblumen-982x1309.jpg 982w, https:\/\/waldkindergarten-berglen.de\/wp-content\/uploads\/2024\/06\/Feen-aus-Mohnblumen-300x400.jpg 300w, https:\/\/waldkindergarten-berglen.de\/wp-content\/uploads\/2024\/06\/Feen-aus-Mohnblumen.jpg 1200w\" sizes=\"auto, (max-width: 768px) 100vw, 768px\" \/><figcaption class=\"wp-element-caption\">Feen aus Mohnblumen<\/figcaption><\/figure>\n\n\n\n<p>Nicht nur Mohn, sondern auch die vielen Kirschb\u00e4ume sind zur Zeit knallrot: Sie h\u00e4ngen voller reifer Kirschen, was bei den Kindern nat\u00fcrlich gleich einen Appetit auf diese anregte. Da man aber nat\u00fcrlich nicht fremder Leute B\u00e4ume abernten darf, gingen alle zusammen zum St\u00fcckle des Waldkindergartens, wo der eigene Kirschbaum ebenfalls schon erntebereit war. Zusammen holten sie zwei \u00c4ste herunter und es fanden sich gleich viele helfende H\u00e4nde zum Abpfl\u00fccken, sodass sich der Snack aus Kirschen schnell verdient war.<\/p>\n\n\n\n<figure class=\"wp-block-image size-large\"><img loading=\"lazy\" decoding=\"async\" width=\"768\" height=\"1024\" src=\"https:\/\/waldkindergarten-berglen.de\/wp-content\/uploads\/2024\/06\/Kirschenernte-768x1024.jpg\" alt=\"\" class=\"wp-image-8580\" srcset=\"https:\/\/waldkindergarten-berglen.de\/wp-content\/uploads\/2024\/06\/Kirschenernte-768x1024.jpg 768w, https:\/\/waldkindergarten-berglen.de\/wp-content\/uploads\/2024\/06\/Kirschenernte-225x300.jpg 225w, https:\/\/waldkindergarten-berglen.de\/wp-content\/uploads\/2024\/06\/Kirschenernte-1152x1536.jpg 1152w, https:\/\/waldkindergarten-berglen.de\/wp-content\/uploads\/2024\/06\/Kirschenernte-982x1309.jpg 982w, https:\/\/waldkindergarten-berglen.de\/wp-content\/uploads\/2024\/06\/Kirschenernte-300x400.jpg 300w, https:\/\/waldkindergarten-berglen.de\/wp-content\/uploads\/2024\/06\/Kirschenernte.jpg 1200w\" sizes=\"auto, (max-width: 768px) 100vw, 768px\" \/><figcaption class=\"wp-element-caption\">Kirschenernte<\/figcaption><\/figure>\n\n\n\n<p>Einen Tag sp\u00e4ter wollten sie die Kirschenernte gleich wiederholen, aber oben im Baum entdeckten die Kinder ein kleines, schlafendes Tier. Schnell stellte sich heraus, dass es sich ein Siebenschl\u00e4fer dort oben gem\u00fctlich gemacht hatte. Zun\u00e4chst gab es etwas Verwirrung darum, ob er \u00fcberhaupt noch lebte, denn er r\u00fchrte sich \u00fcberhaupt gar nicht und war auch nicht wach zu kriegen. Das nachtaktive Tier befand sich wohl gerade im Tiefschlaf\u2026 Schlie\u00dflich erwachte er aber doch und krabbelte am Baum auf und ab, genehmigte sich auch noch eine Kirsche zum Fr\u00fchst\u00fcck. Er war jedoch sehr durch den Wind, mitten im Schlaf geweckt zu werden von einer Horde neugieriger Kinder entsprach wohl nicht so ganz dem, was er sich beim Schlafenlegen vorgestellt hatte. Als er aus einem Meter H\u00f6he auf den Boden plumpste, setzten ihn die Erzieherinnen auf eine Rinde und brachten ihn schnell zur Dicken Berta, dem dicken Baum am Rande des Waldes, damit er sich dort von seinem Schreck erholen und seinen Schlaf an einem ruhigeren Ort hoffentlich fortsetzen konnte.<\/p>\n\n\n\n<figure class=\"wp-block-image size-large\"><img loading=\"lazy\" decoding=\"async\" width=\"768\" height=\"1024\" src=\"https:\/\/waldkindergarten-berglen.de\/wp-content\/uploads\/2024\/06\/Siebenschlaefer-768x1024.jpg\" alt=\"\" class=\"wp-image-8581\" srcset=\"https:\/\/waldkindergarten-berglen.de\/wp-content\/uploads\/2024\/06\/Siebenschlaefer-768x1024.jpg 768w, https:\/\/waldkindergarten-berglen.de\/wp-content\/uploads\/2024\/06\/Siebenschlaefer-225x300.jpg 225w, https:\/\/waldkindergarten-berglen.de\/wp-content\/uploads\/2024\/06\/Siebenschlaefer-1152x1536.jpg 1152w, https:\/\/waldkindergarten-berglen.de\/wp-content\/uploads\/2024\/06\/Siebenschlaefer-982x1309.jpg 982w, https:\/\/waldkindergarten-berglen.de\/wp-content\/uploads\/2024\/06\/Siebenschlaefer-300x400.jpg 300w, https:\/\/waldkindergarten-berglen.de\/wp-content\/uploads\/2024\/06\/Siebenschlaefer.jpg 1536w\" sizes=\"auto, (max-width: 768px) 100vw, 768px\" \/><figcaption class=\"wp-element-caption\">Siebenschl\u00e4fer<\/figcaption><\/figure>\n\n\n\n<p>Am n\u00e4chsten Tag lernten die Kinder im Morgenkreis noch einiges \u00fcber den Siebenschl\u00e4fer. Warum er so hei\u00dft (weil er \u00fcber den Winter mindestens sieben Monate schl\u00e4ft), dass er seinen Winterschlaf unter der Erde macht, dass er nur ein mal im Leben Babys bekommt und was er so frisst (z. B. Knospen, Fr\u00fcchte, Pilze, Bucheckern, Kastanien).<\/p>\n\n\n\n<p><strong>Wussten Sie schon?<\/strong><\/p>\n\n\n\n<p><em>Der Siebenschl\u00e4fertag am 27. Juni hat gar nichts mit dem Siebenschl\u00e4fer zu tun. Dieser Gedenktag wurde nach den \u201eSieben Schl\u00e4fern von Ephesus\u201c benannt. Der Legende nach versteckten sich in der Zeit der Christenverfolgung im dritten Jahrhundert sieben junge Christen in einer H\u00f6hle, wo sie entdeckt und eingemauert wurden. Dort schliefen sie 195 Jahre lang und wachten bei einer zuf\u00e4lligen Entdeckung wieder auf.<\/em><\/p>\n","protected":false},"excerpt":{"rendered":"<p>Leider k\u00f6nnen die Kinder nach dem Starkregen immer noch nicht in den Wald. Aber zum Gl\u00fcck gibt es auf den umliegenden Wiesen auch so viele neue Pl\u00e4tze zu entdecken und viel zu erleben. Gerade bl\u00fcht unter anderem der Mohn wundersch\u00f6n und die Kinder bastelten aus Mohnblumen kleine Feen, die sie den Rest des Tages begleiteten.&hellip; <a href=\"https:\/\/waldkindergarten-berglen.de\/?p=8578\" class=\"more-link\">Weiterlesen <span class=\"screen-reader-text\">Kirschenernte und Begegnung mit dem Siebenschl\u00e4fer<\/span><\/a><\/p>\n","protected":false},"author":11,"featured_media":0,"comment_status":"closed","ping_status":"closed","sticky":false,"template":"","format":"standard","meta":{"ngg_post_thumbnail":0,"_jetpack_memberships_contains_paid_content":false,"footnotes":""},"categories":[3],"tags":[],"class_list":["post-8578","post","type-post","status-publish","format-standard","hentry","category-berichte"],"jetpack_featured_media_url":"","jetpack_sharing_enabled":true,"_links":{"self":[{"href":"https:\/\/waldkindergarten-berglen.de\/index.php?rest_route=\/wp\/v2\/posts\/8578","targetHints":{"allow":["GET"]}}],"collection":[{"href":"https:\/\/waldkindergarten-berglen.de\/index.php?rest_route=\/wp\/v2\/posts"}],"about":[{"href":"https:\/\/waldkindergarten-berglen.de\/index.php?rest_route=\/wp\/v2\/types\/post"}],"author":[{"embeddable":true,"href":"https:\/\/waldkindergarten-berglen.de\/index.php?rest_route=\/wp\/v2\/users\/11"}],"replies":[{"embeddable":true,"href":"https:\/\/waldkindergarten-berglen.de\/index.php?rest_route=%2Fwp%2Fv2%2Fcomments&post=8578"}],"version-history":[{"count":1,"href":"https:\/\/waldkindergarten-berglen.de\/index.php?rest_route=\/wp\/v2\/posts\/8578\/revisions"}],"predecessor-version":[{"id":8582,"href":"https:\/\/waldkindergarten-berglen.de\/index.php?rest_route=\/wp\/v2\/posts\/8578\/revisions\/8582"}],"wp:attachment":[{"href":"https:\/\/waldkindergarten-berglen.de\/index.php?rest_route=%2Fwp%2Fv2%2Fmedia&parent=8578"}],"wp:term":[{"taxonomy":"category","embeddable":true,"href":"https:\/\/waldkindergarten-berglen.de\/index.php?rest_route=%2Fwp%2Fv2%2Fcategories&post=8578"},{"taxonomy":"post_tag","embeddable":true,"href":"https:\/\/waldkindergarten-berglen.de\/index.php?rest_route=%2Fwp%2Fv2%2Ftags&post=8578"}],"curies":[{"name":"wp","href":"https:\/\/api.w.org\/{rel}","templated":true}]}}