{"id":8586,"date":"2024-06-24T08:05:00","date_gmt":"2024-06-24T06:05:00","guid":{"rendered":"https:\/\/waldkindergarten-berglen.de\/?p=8586"},"modified":"2024-06-22T13:55:34","modified_gmt":"2024-06-22T11:55:34","slug":"auf-in-den-wald","status":"publish","type":"post","link":"https:\/\/waldkindergarten-berglen.de\/?p=8586","title":{"rendered":"Auf in den Wald"},"content":{"rendered":"\n<p>F\u00fcr unsere \u201eF\u00fcchse\u201c sind die letzten Kindi-Wochen angebrochen, bevor sie bald vom \u201eFuchs\u201c zum Schulkind werden. Sie sind nun schon sehr erfahrene Waldkinder und kennen sich bestens aus. Deshalb darf jedes Vorschulkind einmal die Leitung und Gestaltung des Morgenkreises \u00fcbernehmen. Wie spannend! Sie \u00fcberlegen sich Themen, dekorieren den Kreis, bereiten Spiele vor \u2013 ganz wie die Erzieherinnen es sonst tun. Besonders stolz sind sie, dass sie an diesem Morgen auf einem gro\u00dfen \u201eErzieherinnen-Stein\u201c sitzen d\u00fcrfen. Nebenbei ist das nat\u00fcrlich auch eine tolle Vorbereitung f\u00fcr die bevorstehende Schulzeit.<\/p>\n\n\n\n<p>Nach dem Morgenkreis haben sich die Kinder diese Woche besonders auf das Freispiel gefreut, denn sie d\u00fcrfen wieder in den Wald. Nach dem Starkregen war dieser aus Sicherheitsgr\u00fcnden gesperrt und die Kinder waren auf dem St\u00fcckle und den umliegenden Wiesen unterwegs. Dort l\u00e4sst es sich auch herrlich spielen, aber \u201eihren\u201c Wald haben sie trotzdem vermisst. Umso mehr haben die Kinder nun das Freispiel genossen und gl\u00fccklich mit den Sch\u00e4tzen gespielt, die der Wald zu bieten hat. <\/p>\n\n\n\n<figure class=\"wp-block-gallery has-nested-images columns-default is-cropped wp-block-gallery-1 is-layout-flex wp-block-gallery-is-layout-flex\">\n<figure class=\"wp-block-image size-large\"><img loading=\"lazy\" decoding=\"async\" width=\"1024\" height=\"768\" data-id=\"8587\" src=\"https:\/\/waldkindergarten-berglen.de\/wp-content\/uploads\/2024\/06\/Freispiel-1024x768.jpg\" alt=\"\" class=\"wp-image-8587\" srcset=\"https:\/\/waldkindergarten-berglen.de\/wp-content\/uploads\/2024\/06\/Freispiel-1024x768.jpg 1024w, https:\/\/waldkindergarten-berglen.de\/wp-content\/uploads\/2024\/06\/Freispiel-300x225.jpg 300w, https:\/\/waldkindergarten-berglen.de\/wp-content\/uploads\/2024\/06\/Freispiel-768x576.jpg 768w, https:\/\/waldkindergarten-berglen.de\/wp-content\/uploads\/2024\/06\/Freispiel-1536x1152.jpg 1536w, https:\/\/waldkindergarten-berglen.de\/wp-content\/uploads\/2024\/06\/Freispiel-982x737.jpg 982w, https:\/\/waldkindergarten-berglen.de\/wp-content\/uploads\/2024\/06\/Freispiel-400x300.jpg 400w, https:\/\/waldkindergarten-berglen.de\/wp-content\/uploads\/2024\/06\/Freispiel.jpg 1600w\" sizes=\"auto, (max-width: 1024px) 100vw, 1024px\" \/><\/figure>\n<\/figure>\n\n\n\n<p>Da es immer wieder geregnet hat, gab es zudem viele Schnecken zu beobachten, was sehr interessant war. Sogar eine Tigerschnecke haben sie gesehen. Eine Schnecke hat ein St\u00fcckchen Banane abbekommen. F\u00fcr andere Schnecken haben die Kinder ein Gehege gebaut und durften sie mit einem Farbtupfer am Schneckenhaus markieren. So konnten sie die Schnecken \u00fcber den ganzen Vormittag beobachten. Zwischendurch haben sie etwas anderes gespielt, sind aber schnell wieder zum Gehege geflitzt um nach den Schnecken zu sehen.<\/p>\n\n\n\n<figure class=\"wp-block-gallery has-nested-images columns-default is-cropped wp-block-gallery-2 is-layout-flex wp-block-gallery-is-layout-flex\">\n<figure class=\"wp-block-image size-large\"><img loading=\"lazy\" decoding=\"async\" width=\"767\" height=\"1024\" data-id=\"8589\" src=\"https:\/\/waldkindergarten-berglen.de\/wp-content\/uploads\/2024\/06\/Schnecken-767x1024.jpg\" alt=\"\" class=\"wp-image-8589\" srcset=\"https:\/\/waldkindergarten-berglen.de\/wp-content\/uploads\/2024\/06\/Schnecken-767x1024.jpg 767w, https:\/\/waldkindergarten-berglen.de\/wp-content\/uploads\/2024\/06\/Schnecken-225x300.jpg 225w, https:\/\/waldkindergarten-berglen.de\/wp-content\/uploads\/2024\/06\/Schnecken-768x1025.jpg 768w, https:\/\/waldkindergarten-berglen.de\/wp-content\/uploads\/2024\/06\/Schnecken-982x1310.jpg 982w, https:\/\/waldkindergarten-berglen.de\/wp-content\/uploads\/2024\/06\/Schnecken-300x400.jpg 300w, https:\/\/waldkindergarten-berglen.de\/wp-content\/uploads\/2024\/06\/Schnecken.jpg 1011w\" sizes=\"auto, (max-width: 767px) 100vw, 767px\" \/><\/figure>\n<\/figure>\n\n\n\n<p>Von unserem Jubil\u00e4umsfest war noch etwas Holundergelee \u00fcbrig, das die Kinder nun bekommen haben. Deshalb haben sie kurzerhand gemeinsam Pfannkuchen \u00fcber dem Feuer zubereitet und mit dem Holundergelee bestrichen. Sehr lecker! Beim Essen haben sie sich noch dar\u00fcber ausgetauscht, wie bei ihnen zu Hause Pfannkuchen gegessen werden.<\/p>\n\n\n\n<figure class=\"wp-block-gallery has-nested-images columns-default is-cropped wp-block-gallery-3 is-layout-flex wp-block-gallery-is-layout-flex\">\n<figure class=\"wp-block-image size-large\"><img loading=\"lazy\" decoding=\"async\" width=\"768\" height=\"1024\" data-id=\"8592\" src=\"https:\/\/waldkindergarten-berglen.de\/wp-content\/uploads\/2024\/06\/Pfannkuchen-1-768x1024.jpg\" alt=\"\" class=\"wp-image-8592\" srcset=\"https:\/\/waldkindergarten-berglen.de\/wp-content\/uploads\/2024\/06\/Pfannkuchen-1-768x1024.jpg 768w, https:\/\/waldkindergarten-berglen.de\/wp-content\/uploads\/2024\/06\/Pfannkuchen-1-225x300.jpg 225w, https:\/\/waldkindergarten-berglen.de\/wp-content\/uploads\/2024\/06\/Pfannkuchen-1-1152x1536.jpg 1152w, https:\/\/waldkindergarten-berglen.de\/wp-content\/uploads\/2024\/06\/Pfannkuchen-1-982x1309.jpg 982w, https:\/\/waldkindergarten-berglen.de\/wp-content\/uploads\/2024\/06\/Pfannkuchen-1-300x400.jpg 300w, https:\/\/waldkindergarten-berglen.de\/wp-content\/uploads\/2024\/06\/Pfannkuchen-1.jpg 1200w\" sizes=\"auto, (max-width: 768px) 100vw, 768px\" \/><\/figure>\n<\/figure>\n\n\n\n<p><strong>Wussten Sie schon?<\/strong><\/p>\n\n\n\n<p>Geh\u00e4useschnecken schl\u00fcpfen schon mit einem winzigen Haus aus dem Ei. So lange die Schnecke w\u00e4chst, w\u00e4chst auch das Haus mit. Bei manchen Arten h\u00f6rt es dann einfach auf zu wachsen, bei anderen wird zum Abschluss eine Lippe gebildet und bei der Weinbergschnecke werden im M\u00fcndungsbereich immer neue Schichten aufgelagert, sodass alte Tiere eine besonders dicke M\u00fcndung haben.<\/p>\n","protected":false},"excerpt":{"rendered":"<p>F\u00fcr unsere \u201eF\u00fcchse\u201c sind die letzten Kindi-Wochen angebrochen, bevor sie bald vom \u201eFuchs\u201c zum Schulkind werden. Sie sind nun schon sehr erfahrene Waldkinder und kennen sich bestens aus. Deshalb darf jedes Vorschulkind einmal die Leitung und Gestaltung des Morgenkreises \u00fcbernehmen. Wie spannend! Sie \u00fcberlegen sich Themen, dekorieren den Kreis, bereiten Spiele vor \u2013 ganz wie&hellip; <a href=\"https:\/\/waldkindergarten-berglen.de\/?p=8586\" class=\"more-link\">Weiterlesen <span class=\"screen-reader-text\">Auf in den Wald<\/span><\/a><\/p>\n","protected":false},"author":10,"featured_media":0,"comment_status":"closed","ping_status":"closed","sticky":false,"template":"","format":"standard","meta":{"ngg_post_thumbnail":0,"_jetpack_memberships_contains_paid_content":false,"footnotes":""},"categories":[3],"tags":[],"class_list":["post-8586","post","type-post","status-publish","format-standard","hentry","category-berichte"],"jetpack_featured_media_url":"","jetpack_sharing_enabled":true,"_links":{"self":[{"href":"https:\/\/waldkindergarten-berglen.de\/index.php?rest_route=\/wp\/v2\/posts\/8586","targetHints":{"allow":["GET"]}}],"collection":[{"href":"https:\/\/waldkindergarten-berglen.de\/index.php?rest_route=\/wp\/v2\/posts"}],"about":[{"href":"https:\/\/waldkindergarten-berglen.de\/index.php?rest_route=\/wp\/v2\/types\/post"}],"author":[{"embeddable":true,"href":"https:\/\/waldkindergarten-berglen.de\/index.php?rest_route=\/wp\/v2\/users\/10"}],"replies":[{"embeddable":true,"href":"https:\/\/waldkindergarten-berglen.de\/index.php?rest_route=%2Fwp%2Fv2%2Fcomments&post=8586"}],"version-history":[{"count":1,"href":"https:\/\/waldkindergarten-berglen.de\/index.php?rest_route=\/wp\/v2\/posts\/8586\/revisions"}],"predecessor-version":[{"id":8593,"href":"https:\/\/waldkindergarten-berglen.de\/index.php?rest_route=\/wp\/v2\/posts\/8586\/revisions\/8593"}],"wp:attachment":[{"href":"https:\/\/waldkindergarten-berglen.de\/index.php?rest_route=%2Fwp%2Fv2%2Fmedia&parent=8586"}],"wp:term":[{"taxonomy":"category","embeddable":true,"href":"https:\/\/waldkindergarten-berglen.de\/index.php?rest_route=%2Fwp%2Fv2%2Fcategories&post=8586"},{"taxonomy":"post_tag","embeddable":true,"href":"https:\/\/waldkindergarten-berglen.de\/index.php?rest_route=%2Fwp%2Fv2%2Ftags&post=8586"}],"curies":[{"name":"wp","href":"https:\/\/api.w.org\/{rel}","templated":true}]}}