{"id":8633,"date":"2024-07-15T08:05:00","date_gmt":"2024-07-15T06:05:00","guid":{"rendered":"https:\/\/waldkindergarten-berglen.de\/?p=8633"},"modified":"2024-07-14T20:22:09","modified_gmt":"2024-07-14T18:22:09","slug":"schnecken-ueberall","status":"publish","type":"post","link":"https:\/\/waldkindergarten-berglen.de\/?p=8633","title":{"rendered":"Schnecken \u00fcberall"},"content":{"rendered":"\n<p>Die Hobbyg\u00e4rtner treibt es in den Wahnsinn, wenn sie sich den m\u00fchsam herangez\u00fcchteten Salat schmecken lassen. Die Kinder freut es dagegen sehr, dass sie zur Zeit \u00fcberall so zahlreich unterwegs sind. Bei diesem nassen Wetter f\u00fchlen sie sich richtig pudelwohl \u2013 die Schnecken! Sie lassen sich auch wunderbar beobachten, schlie\u00dflich k\u00f6nnen sie auch nicht so schnell abhauen.<\/p>\n\n\n\n<p>Mit einer Bewegungs- und Entspannungsgeschichte f\u00fchlten die Kinder nach, wie sich die Schnecke bewegt und sich zur\u00fcckzieht in ihr sicheres H\u00e4uschen. Danach bauten sie lauter kleine G\u00e4rtchen f\u00fcr die Schnecken mit Z\u00e4unchen und f\u00fcllten Wasser in L\u00f6cher als kleine Badewannen, damit diese darin herumkriechen und baden k\u00f6nnen.<\/p>\n\n\n\n<figure class=\"wp-block-image size-large\"><img loading=\"lazy\" decoding=\"async\" width=\"768\" height=\"1024\" src=\"https:\/\/waldkindergarten-berglen.de\/wp-content\/uploads\/2024\/07\/Eine-der-vielen-Schnecken-768x1024.jpg\" alt=\"\" class=\"wp-image-8634\" srcset=\"https:\/\/waldkindergarten-berglen.de\/wp-content\/uploads\/2024\/07\/Eine-der-vielen-Schnecken-768x1024.jpg 768w, https:\/\/waldkindergarten-berglen.de\/wp-content\/uploads\/2024\/07\/Eine-der-vielen-Schnecken-225x300.jpg 225w, https:\/\/waldkindergarten-berglen.de\/wp-content\/uploads\/2024\/07\/Eine-der-vielen-Schnecken-1152x1536.jpg 1152w, https:\/\/waldkindergarten-berglen.de\/wp-content\/uploads\/2024\/07\/Eine-der-vielen-Schnecken-982x1309.jpg 982w, https:\/\/waldkindergarten-berglen.de\/wp-content\/uploads\/2024\/07\/Eine-der-vielen-Schnecken-300x400.jpg 300w, https:\/\/waldkindergarten-berglen.de\/wp-content\/uploads\/2024\/07\/Eine-der-vielen-Schnecken.jpg 1200w\" sizes=\"auto, (max-width: 768px) 100vw, 768px\" \/><figcaption class=\"wp-element-caption\">Eine der vielen Schnecken<\/figcaption><\/figure>\n\n\n\n<p>Das durchwachsene Wetter, eine Mischung aus starken Schauern und d\u00e4mpfiger Hitze, sorgte letzte Woche f\u00fcr \u00dcberraschungen und spontane Aktionen. So sch\u00fcttete es einmal direkt nach dem Morgenkreis pl\u00f6tzlich stark los und alle zogen schnell in den Wald. Dort war durch den Regen ein B\u00e4chlein entstanden und da nun alle eh schon nass waren, blieben sie gerade dort, um zu spielen. Die Kinder bauten Staud\u00e4mme, lie\u00dfen Boote fahren und nat\u00fcrlich fanden sie auch wieder viele Schnecken, die sich die N\u00e4sse auch nicht entgehen lassen wollten. Das sind eben diese Gelegenheiten, die Natur und Wetter den Kindern im Waldkindergarten bieten und die dann abweichend von den eigentlichen Pl\u00e4nen f\u00fcr diesen Tag auch genutzt werden.<\/p>\n\n\n\n<figure class=\"wp-block-image size-large\"><img loading=\"lazy\" decoding=\"async\" width=\"768\" height=\"1024\" src=\"https:\/\/waldkindergarten-berglen.de\/wp-content\/uploads\/2024\/07\/Der-Regen-schuf-spontan-ein-Baechlein-768x1024.jpg\" alt=\"\" class=\"wp-image-8635\" srcset=\"https:\/\/waldkindergarten-berglen.de\/wp-content\/uploads\/2024\/07\/Der-Regen-schuf-spontan-ein-Baechlein-768x1024.jpg 768w, https:\/\/waldkindergarten-berglen.de\/wp-content\/uploads\/2024\/07\/Der-Regen-schuf-spontan-ein-Baechlein-225x300.jpg 225w, https:\/\/waldkindergarten-berglen.de\/wp-content\/uploads\/2024\/07\/Der-Regen-schuf-spontan-ein-Baechlein-1152x1536.jpg 1152w, https:\/\/waldkindergarten-berglen.de\/wp-content\/uploads\/2024\/07\/Der-Regen-schuf-spontan-ein-Baechlein-982x1309.jpg 982w, https:\/\/waldkindergarten-berglen.de\/wp-content\/uploads\/2024\/07\/Der-Regen-schuf-spontan-ein-Baechlein-300x400.jpg 300w, https:\/\/waldkindergarten-berglen.de\/wp-content\/uploads\/2024\/07\/Der-Regen-schuf-spontan-ein-Baechlein.jpg 1200w\" sizes=\"auto, (max-width: 768px) 100vw, 768px\" \/><figcaption class=\"wp-element-caption\">Der Regen schuf spontan ein B\u00e4chlein<\/figcaption><\/figure>\n\n\n\n<p>In den letzten Wochen im Kindergarten d\u00fcrfen die Vorsch\u00fcler, die F\u00fcchse, an einem Tag den Ablauf im Morgenkreis alleine vorbereiten und durchf\u00fchren. Letzte Woche waren bei den Wichteln zwei der F\u00fcchse an der Reihe. Einmal erfuhren die Kinder alles \u00fcber Greifv\u00f6gel wie Adler und Falken, die sehr gerne M\u00e4use essen. Eine s\u00fc\u00dfe \u00dcberraschung gab es auch, wei\u00dfe M\u00e4use aus Schaumzucker.<\/p>\n\n\n\n<p>Ein anderes Mal ging es um ein Monsterbuch und die vielen bunten Farben, die das ehemals bunte Monster aus der Geschichte verlor. Die Farben standen hier f\u00fcr verschiedene Gef\u00fchle, gelb f\u00fcr gl\u00fccklich, gr\u00fcn f\u00fcr entspannt, rot f\u00fcr w\u00fctend.<\/p>\n\n\n\n<figure class=\"wp-block-image size-large\"><img loading=\"lazy\" decoding=\"async\" width=\"768\" height=\"1024\" src=\"https:\/\/waldkindergarten-berglen.de\/wp-content\/uploads\/2024\/07\/Bunter-Morgenkreis-einer-Fuechsin-768x1024.jpg\" alt=\"\" class=\"wp-image-8636\" srcset=\"https:\/\/waldkindergarten-berglen.de\/wp-content\/uploads\/2024\/07\/Bunter-Morgenkreis-einer-Fuechsin-768x1024.jpg 768w, https:\/\/waldkindergarten-berglen.de\/wp-content\/uploads\/2024\/07\/Bunter-Morgenkreis-einer-Fuechsin-225x300.jpg 225w, https:\/\/waldkindergarten-berglen.de\/wp-content\/uploads\/2024\/07\/Bunter-Morgenkreis-einer-Fuechsin-1152x1536.jpg 1152w, https:\/\/waldkindergarten-berglen.de\/wp-content\/uploads\/2024\/07\/Bunter-Morgenkreis-einer-Fuechsin-982x1309.jpg 982w, https:\/\/waldkindergarten-berglen.de\/wp-content\/uploads\/2024\/07\/Bunter-Morgenkreis-einer-Fuechsin-300x400.jpg 300w, https:\/\/waldkindergarten-berglen.de\/wp-content\/uploads\/2024\/07\/Bunter-Morgenkreis-einer-Fuechsin.jpg 1200w\" sizes=\"auto, (max-width: 768px) 100vw, 768px\" \/><figcaption class=\"wp-element-caption\">Bunter Morgenkreis einer F\u00fcchsin<\/figcaption><\/figure>\n\n\n\n<p><strong>Wussten Sie schon?<\/strong><\/p>\n\n\n\n<p><em>Schnecken bewegen sich bekanntlich sehr langsam, im Schneckentempo. Die Weinbergschnecke schafft es, etwa 7 Zentimeter pro Minute zur\u00fcckzulegen.<\/em><\/p>\n","protected":false},"excerpt":{"rendered":"<p>Die Hobbyg\u00e4rtner treibt es in den Wahnsinn, wenn sie sich den m\u00fchsam herangez\u00fcchteten Salat schmecken lassen. Die Kinder freut es dagegen sehr, dass sie zur Zeit \u00fcberall so zahlreich unterwegs sind. Bei diesem nassen Wetter f\u00fchlen sie sich richtig pudelwohl \u2013 die Schnecken! Sie lassen sich auch wunderbar beobachten, schlie\u00dflich k\u00f6nnen sie auch nicht so&hellip; <a href=\"https:\/\/waldkindergarten-berglen.de\/?p=8633\" class=\"more-link\">Weiterlesen <span class=\"screen-reader-text\">Schnecken \u00fcberall<\/span><\/a><\/p>\n","protected":false},"author":11,"featured_media":0,"comment_status":"closed","ping_status":"closed","sticky":false,"template":"","format":"standard","meta":{"ngg_post_thumbnail":0,"_jetpack_memberships_contains_paid_content":false,"footnotes":""},"categories":[3],"tags":[],"class_list":["post-8633","post","type-post","status-publish","format-standard","hentry","category-berichte"],"jetpack_featured_media_url":"","jetpack_sharing_enabled":true,"_links":{"self":[{"href":"https:\/\/waldkindergarten-berglen.de\/index.php?rest_route=\/wp\/v2\/posts\/8633","targetHints":{"allow":["GET"]}}],"collection":[{"href":"https:\/\/waldkindergarten-berglen.de\/index.php?rest_route=\/wp\/v2\/posts"}],"about":[{"href":"https:\/\/waldkindergarten-berglen.de\/index.php?rest_route=\/wp\/v2\/types\/post"}],"author":[{"embeddable":true,"href":"https:\/\/waldkindergarten-berglen.de\/index.php?rest_route=\/wp\/v2\/users\/11"}],"replies":[{"embeddable":true,"href":"https:\/\/waldkindergarten-berglen.de\/index.php?rest_route=%2Fwp%2Fv2%2Fcomments&post=8633"}],"version-history":[{"count":1,"href":"https:\/\/waldkindergarten-berglen.de\/index.php?rest_route=\/wp\/v2\/posts\/8633\/revisions"}],"predecessor-version":[{"id":8637,"href":"https:\/\/waldkindergarten-berglen.de\/index.php?rest_route=\/wp\/v2\/posts\/8633\/revisions\/8637"}],"wp:attachment":[{"href":"https:\/\/waldkindergarten-berglen.de\/index.php?rest_route=%2Fwp%2Fv2%2Fmedia&parent=8633"}],"wp:term":[{"taxonomy":"category","embeddable":true,"href":"https:\/\/waldkindergarten-berglen.de\/index.php?rest_route=%2Fwp%2Fv2%2Fcategories&post=8633"},{"taxonomy":"post_tag","embeddable":true,"href":"https:\/\/waldkindergarten-berglen.de\/index.php?rest_route=%2Fwp%2Fv2%2Ftags&post=8633"}],"curies":[{"name":"wp","href":"https:\/\/api.w.org\/{rel}","templated":true}]}}