{"id":8642,"date":"2024-07-22T08:05:00","date_gmt":"2024-07-22T06:05:00","guid":{"rendered":"https:\/\/waldkindergarten-berglen.de\/?p=8642"},"modified":"2024-07-21T12:17:40","modified_gmt":"2024-07-21T10:17:40","slug":"abenteuer-und-abschied","status":"publish","type":"post","link":"https:\/\/waldkindergarten-berglen.de\/?p=8642","title":{"rendered":"Abenteuer und Abschied"},"content":{"rendered":"\n<p>Die Schult\u00fcten sind fertig, der \u201eFuchsausflug\u201c liegt schon einige Wochen zur\u00fcck und die Vorsch\u00fcler durften an einem Tag die Leitung des Morgenkreises \u00fcbernehmen. Aufgeregt fieberten sie nun ihrem letzten gro\u00dfen Kindergarten-Abenteuer entgegen: Der Fuchs\u00fcbernachtung. Diese Woche war es soweit und die Vorsch\u00fcler trafen sich bei sch\u00f6nstem Sommerwetter abends auf dem St\u00fcckle am Waldrand, um gemeinsam mit den Erzieherinnen dort zu zelten. Freudig gespannt, teilweise mit einem mulmigen Gef\u00fchl im Bauch und gleichzeitig voller Vorfreude starten sie mit einem gemeinsamen Abendessen unter freiem Himmel. Anschlie\u00dfend machten sie sich auf den Weg zur Nachtwanderung in \u201eihren\u201c Wald.&nbsp;<\/p>\n\n\n\n<figure class=\"wp-block-gallery has-nested-images columns-default is-cropped wp-block-gallery-1 is-layout-flex wp-block-gallery-is-layout-flex\">\n<figure class=\"wp-block-image size-large\"><img loading=\"lazy\" decoding=\"async\" width=\"1024\" height=\"768\" data-id=\"8643\" src=\"https:\/\/waldkindergarten-berglen.de\/wp-content\/uploads\/2024\/07\/Nachtwanderung-1024x768.jpg\" alt=\"\" class=\"wp-image-8643\" srcset=\"https:\/\/waldkindergarten-berglen.de\/wp-content\/uploads\/2024\/07\/Nachtwanderung-1024x768.jpg 1024w, https:\/\/waldkindergarten-berglen.de\/wp-content\/uploads\/2024\/07\/Nachtwanderung-300x225.jpg 300w, https:\/\/waldkindergarten-berglen.de\/wp-content\/uploads\/2024\/07\/Nachtwanderung-768x576.jpg 768w, https:\/\/waldkindergarten-berglen.de\/wp-content\/uploads\/2024\/07\/Nachtwanderung-1536x1152.jpg 1536w, https:\/\/waldkindergarten-berglen.de\/wp-content\/uploads\/2024\/07\/Nachtwanderung-982x737.jpg 982w, https:\/\/waldkindergarten-berglen.de\/wp-content\/uploads\/2024\/07\/Nachtwanderung-400x300.jpg 400w, https:\/\/waldkindergarten-berglen.de\/wp-content\/uploads\/2024\/07\/Nachtwanderung.jpg 1600w\" sizes=\"auto, (max-width: 1024px) 100vw, 1024px\" \/><\/figure>\n<\/figure>\n\n\n\n<p>Die Aufregung war gro\u00df: Wie lange werden wir unterwegs sein? Was werden wir alles sehen und erleben? Gespannt machten sie sich also auf den Weg zur Hutzelh\u00fctte. Unterwegs erwarteten sie verschiedene Aufgaben und Mutproben. Zum Beispiel durften sie durch einen Tunnel kriechen und sich b\u00e4uchlings eine Slackline \u00fcber eine \u201eSchlucht\u201c entlang ziehen. Zwischendurch lauschten sie bewusst den Ger\u00e4uschen des n\u00e4chtlichen Waldes, schauten sich die Sterne an und bestaunten den silbrigen, kugelrunden Mond. In der Hutzelh\u00fctte angekommen h\u00f6rten sie eine Geschichte und durften nebenher die (vielen) mitgebrachten S\u00fc\u00dfigkeiten naschen. Inzwischen war es richtig dunkel geworden und der gewohnte Wald sah ganz anders aus als sie ihn sonst kennen. Reichlich sp\u00e4t und nach viel Getuschel sind die mutigen Vorsch\u00fcler schlie\u00dflich in ihren Zelten eingeschlafen. Mit einem gemeinsamen Fr\u00fchst\u00fcck haben die \u201eF\u00fcchse\u201c ihr Abenteuer am n\u00e4chsten Morgen ausklingen lassen. Stolz (und etwas m\u00fcde) wurden sie von ihren Eltern abgeholt. Was f\u00fcr ein tolles Erlebnis, an das sie sich sicher noch lange erinnern werden.<\/p>\n\n\n\n<p>Da die Tage bis zu den Sommerferien nun wirklich gez\u00e4hlt sind, hat auch ihre Abschiedsfeier im Kindergarten stattgefunden. Zusammen mit den \u201eFuchseltern\u201c durften alle Kinder ein Kaspertheater im Wald besuchen.<\/p>\n\n\n\n<figure class=\"wp-block-gallery has-nested-images columns-default is-cropped wp-block-gallery-2 is-layout-flex wp-block-gallery-is-layout-flex\">\n<figure class=\"wp-block-image size-large\"><img loading=\"lazy\" decoding=\"async\" width=\"1024\" height=\"768\" data-id=\"8646\" src=\"https:\/\/waldkindergarten-berglen.de\/wp-content\/uploads\/2024\/07\/Kaspertheater-1-1024x768.jpg\" alt=\"\" class=\"wp-image-8646\" srcset=\"https:\/\/waldkindergarten-berglen.de\/wp-content\/uploads\/2024\/07\/Kaspertheater-1-1024x768.jpg 1024w, https:\/\/waldkindergarten-berglen.de\/wp-content\/uploads\/2024\/07\/Kaspertheater-1-300x225.jpg 300w, https:\/\/waldkindergarten-berglen.de\/wp-content\/uploads\/2024\/07\/Kaspertheater-1-768x576.jpg 768w, https:\/\/waldkindergarten-berglen.de\/wp-content\/uploads\/2024\/07\/Kaspertheater-1-982x736.jpg 982w, https:\/\/waldkindergarten-berglen.de\/wp-content\/uploads\/2024\/07\/Kaspertheater-1-400x300.jpg 400w, https:\/\/waldkindergarten-berglen.de\/wp-content\/uploads\/2024\/07\/Kaspertheater-1.jpg 1146w\" sizes=\"auto, (max-width: 1024px) 100vw, 1024px\" \/><\/figure>\n<\/figure>\n\n\n\n<p>Die b\u00f6se Hexe hat die Schult\u00fcte der Prinzessin verschwinden lassen und der Kasper hat ihr geholfen sie wieder zu bekommen. Nur mit der tatkr\u00e4ftigen Unterst\u00fctzung der Kinder hat der Kasper die Hexe letztendlich gefunden und die Schult\u00fcte f\u00fcr die Prinzessin zur\u00fcckgeholt.&nbsp;<\/p>\n\n\n\n<p>Anschlie\u00dfend hat jedes Vorschulkind seine (inzwischen gef\u00fcllte) Schult\u00fcte, einen liebevoll gestalteten Ordner voller Erinnerungen und seine Wald-Schatzkiste \u00fcberreicht bekommen. Mit pers\u00f6nlichen Worten und vielen guten W\u00fcnschen wurden die \u201eF\u00fcchse\u201c schlie\u00dflich verabschiedet. Zu guter Letzt hat der Waldkindergarten von den \u201eFuchsfamilien\u201c noch ein Abschiedsgeschenk erhalten: Zwei wundersch\u00f6ne Wagentaschen. Selbst geh\u00e4kelt und gefilzt, leuchtend bunt und mit den Namen aller Vorsch\u00fcler versehen.&nbsp;<\/p>\n\n\n\n<figure class=\"wp-block-gallery has-nested-images columns-default is-cropped wp-block-gallery-3 is-layout-flex wp-block-gallery-is-layout-flex\">\n<figure class=\"wp-block-image size-large\"><img loading=\"lazy\" decoding=\"async\" width=\"1024\" height=\"768\" data-id=\"8647\" src=\"https:\/\/waldkindergarten-berglen.de\/wp-content\/uploads\/2024\/07\/Wagentaschen-1024x768.jpg\" alt=\"\" class=\"wp-image-8647\" srcset=\"https:\/\/waldkindergarten-berglen.de\/wp-content\/uploads\/2024\/07\/Wagentaschen-1024x768.jpg 1024w, https:\/\/waldkindergarten-berglen.de\/wp-content\/uploads\/2024\/07\/Wagentaschen-300x225.jpg 300w, https:\/\/waldkindergarten-berglen.de\/wp-content\/uploads\/2024\/07\/Wagentaschen-768x576.jpg 768w, https:\/\/waldkindergarten-berglen.de\/wp-content\/uploads\/2024\/07\/Wagentaschen-1536x1152.jpg 1536w, https:\/\/waldkindergarten-berglen.de\/wp-content\/uploads\/2024\/07\/Wagentaschen-982x737.jpg 982w, https:\/\/waldkindergarten-berglen.de\/wp-content\/uploads\/2024\/07\/Wagentaschen-400x300.jpg 400w, https:\/\/waldkindergarten-berglen.de\/wp-content\/uploads\/2024\/07\/Wagentaschen.jpg 1600w\" sizes=\"auto, (max-width: 1024px) 100vw, 1024px\" \/><\/figure>\n<\/figure>\n\n\n\n<p>Herzlichen Dank f\u00fcr dieses tolle Geschenk, das ab sofort an jedem Kindergartentag mit im Wald dabei ist.<\/p>\n\n\n\n<p><strong>Wussten Sie schon?<\/strong><\/p>\n\n\n\n<p>Der Stamm von B\u00e4umen w\u00e4chst vor allem am sp\u00e4ten Abend oder in den fr\u00fchen Morgenstunden. Tags\u00fcber findet kaum nennenswertes Wachstum statt.<\/p>\n","protected":false},"excerpt":{"rendered":"<p>Die Schult\u00fcten sind fertig, der \u201eFuchsausflug\u201c liegt schon einige Wochen zur\u00fcck und die Vorsch\u00fcler durften an einem Tag die Leitung des Morgenkreises \u00fcbernehmen. Aufgeregt fieberten sie nun ihrem letzten gro\u00dfen Kindergarten-Abenteuer entgegen: Der Fuchs\u00fcbernachtung. Diese Woche war es soweit und die Vorsch\u00fcler trafen sich bei sch\u00f6nstem Sommerwetter abends auf dem St\u00fcckle am Waldrand, um gemeinsam&hellip; <a href=\"https:\/\/waldkindergarten-berglen.de\/?p=8642\" class=\"more-link\">Weiterlesen <span class=\"screen-reader-text\">Abenteuer und Abschied<\/span><\/a><\/p>\n","protected":false},"author":10,"featured_media":0,"comment_status":"closed","ping_status":"closed","sticky":false,"template":"","format":"standard","meta":{"ngg_post_thumbnail":0,"_jetpack_memberships_contains_paid_content":false,"footnotes":""},"categories":[3],"tags":[],"class_list":["post-8642","post","type-post","status-publish","format-standard","hentry","category-berichte"],"jetpack_featured_media_url":"","jetpack_sharing_enabled":true,"_links":{"self":[{"href":"https:\/\/waldkindergarten-berglen.de\/index.php?rest_route=\/wp\/v2\/posts\/8642","targetHints":{"allow":["GET"]}}],"collection":[{"href":"https:\/\/waldkindergarten-berglen.de\/index.php?rest_route=\/wp\/v2\/posts"}],"about":[{"href":"https:\/\/waldkindergarten-berglen.de\/index.php?rest_route=\/wp\/v2\/types\/post"}],"author":[{"embeddable":true,"href":"https:\/\/waldkindergarten-berglen.de\/index.php?rest_route=\/wp\/v2\/users\/10"}],"replies":[{"embeddable":true,"href":"https:\/\/waldkindergarten-berglen.de\/index.php?rest_route=%2Fwp%2Fv2%2Fcomments&post=8642"}],"version-history":[{"count":1,"href":"https:\/\/waldkindergarten-berglen.de\/index.php?rest_route=\/wp\/v2\/posts\/8642\/revisions"}],"predecessor-version":[{"id":8649,"href":"https:\/\/waldkindergarten-berglen.de\/index.php?rest_route=\/wp\/v2\/posts\/8642\/revisions\/8649"}],"wp:attachment":[{"href":"https:\/\/waldkindergarten-berglen.de\/index.php?rest_route=%2Fwp%2Fv2%2Fmedia&parent=8642"}],"wp:term":[{"taxonomy":"category","embeddable":true,"href":"https:\/\/waldkindergarten-berglen.de\/index.php?rest_route=%2Fwp%2Fv2%2Fcategories&post=8642"},{"taxonomy":"post_tag","embeddable":true,"href":"https:\/\/waldkindergarten-berglen.de\/index.php?rest_route=%2Fwp%2Fv2%2Ftags&post=8642"}],"curies":[{"name":"wp","href":"https:\/\/api.w.org\/{rel}","templated":true}]}}