{"id":8732,"date":"2024-09-23T08:05:00","date_gmt":"2024-09-23T06:05:00","guid":{"rendered":"https:\/\/waldkindergarten-berglen.de\/?p=8732"},"modified":"2024-09-21T21:33:52","modified_gmt":"2024-09-21T19:33:52","slug":"neues-aus-der-waldspielgruppe-92","status":"publish","type":"post","link":"https:\/\/waldkindergarten-berglen.de\/?p=8732","title":{"rendered":"Neues aus der Waldspielgruppe"},"content":{"rendered":"\n<p>Am Dienstag trafen wir uns bei herbstlichem Wetter direkt an der \u201eDicken Berta\u201c zu unserem Morgenkreis. Wir h\u00f6rten die Geschichte vom Hirten Benno und seinen Sch\u00e4fchen. Das kleine Sch\u00e4fchen Leni war verschwunden und alle zusammen machten sich auf die Suche nach ihr. Zum Gl\u00fcck wurde das Sch\u00e4fchen wieder gefunden.<\/p>\n\n\n\n<p>Anschlie\u00dfend packten wir unsere Sachen zusammen und liefen los, um echte Schafe suchen zu gehen. Ganz in der N\u00e4he vom Kottweiler Spielplatz fanden wir sie dann. Danach gab es Vesper im Morgenkreis der Zwerge.<\/p>\n\n\n\n<figure class=\"wp-block-gallery has-nested-images columns-default is-cropped wp-block-gallery-1 is-layout-flex wp-block-gallery-is-layout-flex\">\n<figure class=\"wp-block-image size-large\"><img loading=\"lazy\" decoding=\"async\" width=\"1024\" height=\"768\" data-id=\"8734\" src=\"https:\/\/waldkindergarten-berglen.de\/wp-content\/uploads\/2024\/09\/Kreis-1-1024x768.jpg\" alt=\"\" class=\"wp-image-8734\" srcset=\"https:\/\/waldkindergarten-berglen.de\/wp-content\/uploads\/2024\/09\/Kreis-1-1024x768.jpg 1024w, https:\/\/waldkindergarten-berglen.de\/wp-content\/uploads\/2024\/09\/Kreis-1-300x225.jpg 300w, https:\/\/waldkindergarten-berglen.de\/wp-content\/uploads\/2024\/09\/Kreis-1-768x576.jpg 768w, https:\/\/waldkindergarten-berglen.de\/wp-content\/uploads\/2024\/09\/Kreis-1-1536x1152.jpg 1536w, https:\/\/waldkindergarten-berglen.de\/wp-content\/uploads\/2024\/09\/Kreis-1-2048x1536.jpg 2048w, https:\/\/waldkindergarten-berglen.de\/wp-content\/uploads\/2024\/09\/Kreis-1-982x737.jpg 982w, https:\/\/waldkindergarten-berglen.de\/wp-content\/uploads\/2024\/09\/Kreis-1-400x300.jpg 400w\" sizes=\"auto, (max-width: 1024px) 100vw, 1024px\" \/><\/figure>\n<\/figure>\n\n\n\n<p>Nach der Pause durfte jeder aus Schafswolle kleine Eicheln filzen und diese mit nach Hause nehmen.<\/p>\n\n\n\n<figure class=\"wp-block-gallery has-nested-images columns-default is-cropped wp-block-gallery-2 is-layout-flex wp-block-gallery-is-layout-flex\">\n<figure class=\"wp-block-image size-large\"><img loading=\"lazy\" decoding=\"async\" width=\"768\" height=\"1024\" data-id=\"8736\" src=\"https:\/\/waldkindergarten-berglen.de\/wp-content\/uploads\/2024\/09\/Eicheln-1-768x1024.jpg\" alt=\"\" class=\"wp-image-8736\" srcset=\"https:\/\/waldkindergarten-berglen.de\/wp-content\/uploads\/2024\/09\/Eicheln-1-768x1024.jpg 768w, https:\/\/waldkindergarten-berglen.de\/wp-content\/uploads\/2024\/09\/Eicheln-1-225x300.jpg 225w, https:\/\/waldkindergarten-berglen.de\/wp-content\/uploads\/2024\/09\/Eicheln-1-1152x1536.jpg 1152w, https:\/\/waldkindergarten-berglen.de\/wp-content\/uploads\/2024\/09\/Eicheln-1-1536x2048.jpg 1536w, https:\/\/waldkindergarten-berglen.de\/wp-content\/uploads\/2024\/09\/Eicheln-1-982x1309.jpg 982w, https:\/\/waldkindergarten-berglen.de\/wp-content\/uploads\/2024\/09\/Eicheln-1-300x400.jpg 300w, https:\/\/waldkindergarten-berglen.de\/wp-content\/uploads\/2024\/09\/Eicheln-1-scaled.jpg 1920w\" sizes=\"auto, (max-width: 768px) 100vw, 768px\" \/><\/figure>\n<\/figure>\n","protected":false},"excerpt":{"rendered":"<p>Am Dienstag trafen wir uns bei herbstlichem Wetter direkt an der \u201eDicken Berta\u201c zu unserem Morgenkreis. Wir h\u00f6rten die Geschichte vom Hirten Benno und seinen Sch\u00e4fchen. Das kleine Sch\u00e4fchen Leni war verschwunden und alle zusammen machten sich auf die Suche nach ihr. Zum Gl\u00fcck wurde das Sch\u00e4fchen wieder gefunden. Anschlie\u00dfend packten wir unsere Sachen zusammen&hellip; <a href=\"https:\/\/waldkindergarten-berglen.de\/?p=8732\" class=\"more-link\">Weiterlesen <span class=\"screen-reader-text\">Neues aus der Waldspielgruppe<\/span><\/a><\/p>\n","protected":false},"author":10,"featured_media":0,"comment_status":"closed","ping_status":"closed","sticky":false,"template":"","format":"standard","meta":{"ngg_post_thumbnail":0,"_jetpack_memberships_contains_paid_content":false,"footnotes":""},"categories":[10],"tags":[],"class_list":["post-8732","post","type-post","status-publish","format-standard","hentry","category-waldspielgruppenberichte-aktuell"],"jetpack_featured_media_url":"","jetpack_sharing_enabled":true,"_links":{"self":[{"href":"https:\/\/waldkindergarten-berglen.de\/index.php?rest_route=\/wp\/v2\/posts\/8732","targetHints":{"allow":["GET"]}}],"collection":[{"href":"https:\/\/waldkindergarten-berglen.de\/index.php?rest_route=\/wp\/v2\/posts"}],"about":[{"href":"https:\/\/waldkindergarten-berglen.de\/index.php?rest_route=\/wp\/v2\/types\/post"}],"author":[{"embeddable":true,"href":"https:\/\/waldkindergarten-berglen.de\/index.php?rest_route=\/wp\/v2\/users\/10"}],"replies":[{"embeddable":true,"href":"https:\/\/waldkindergarten-berglen.de\/index.php?rest_route=%2Fwp%2Fv2%2Fcomments&post=8732"}],"version-history":[{"count":1,"href":"https:\/\/waldkindergarten-berglen.de\/index.php?rest_route=\/wp\/v2\/posts\/8732\/revisions"}],"predecessor-version":[{"id":8737,"href":"https:\/\/waldkindergarten-berglen.de\/index.php?rest_route=\/wp\/v2\/posts\/8732\/revisions\/8737"}],"wp:attachment":[{"href":"https:\/\/waldkindergarten-berglen.de\/index.php?rest_route=%2Fwp%2Fv2%2Fmedia&parent=8732"}],"wp:term":[{"taxonomy":"category","embeddable":true,"href":"https:\/\/waldkindergarten-berglen.de\/index.php?rest_route=%2Fwp%2Fv2%2Fcategories&post=8732"},{"taxonomy":"post_tag","embeddable":true,"href":"https:\/\/waldkindergarten-berglen.de\/index.php?rest_route=%2Fwp%2Fv2%2Ftags&post=8732"}],"curies":[{"name":"wp","href":"https:\/\/api.w.org\/{rel}","templated":true}]}}