{"id":8744,"date":"2024-09-30T08:05:00","date_gmt":"2024-09-30T06:05:00","guid":{"rendered":"https:\/\/waldkindergarten-berglen.de\/?p=8744"},"modified":"2024-09-26T21:34:46","modified_gmt":"2024-09-26T19:34:46","slug":"geburtstag-im-wald","status":"publish","type":"post","link":"https:\/\/waldkindergarten-berglen.de\/?p=8744","title":{"rendered":"Geburtstag im Wald"},"content":{"rendered":"\n<p>Der Morgenkreis ist besonders sch\u00f6n dekoriert, auf dem Stein in der Mitte stehen Kerzen, ein buntes Blumenkr\u00e4nzchen liegt bereit und ein Kind tr\u00e4gt eine Kuchenform voll leckerer Muffins zum Spielplatz. Das kann nur eines bedeuten: Es wird Geburtstag gefeiert.<\/p>\n\n\n\n<figure class=\"wp-block-gallery has-nested-images columns-default is-cropped wp-block-gallery-1 is-layout-flex wp-block-gallery-is-layout-flex\">\n<figure class=\"wp-block-image size-large\"><img loading=\"lazy\" decoding=\"async\" width=\"768\" height=\"1024\" data-id=\"8746\" src=\"https:\/\/waldkindergarten-berglen.de\/wp-content\/uploads\/2024\/09\/Geburtstag-1-768x1024.jpg\" alt=\"\" class=\"wp-image-8746\" srcset=\"https:\/\/waldkindergarten-berglen.de\/wp-content\/uploads\/2024\/09\/Geburtstag-1-768x1024.jpg 768w, https:\/\/waldkindergarten-berglen.de\/wp-content\/uploads\/2024\/09\/Geburtstag-1-225x300.jpg 225w, https:\/\/waldkindergarten-berglen.de\/wp-content\/uploads\/2024\/09\/Geburtstag-1-1152x1536.jpg 1152w, https:\/\/waldkindergarten-berglen.de\/wp-content\/uploads\/2024\/09\/Geburtstag-1-982x1309.jpg 982w, https:\/\/waldkindergarten-berglen.de\/wp-content\/uploads\/2024\/09\/Geburtstag-1-300x400.jpg 300w, https:\/\/waldkindergarten-berglen.de\/wp-content\/uploads\/2024\/09\/Geburtstag-1.jpg 1200w\" sizes=\"auto, (max-width: 768px) 100vw, 768px\" \/><\/figure>\n<\/figure>\n\n\n\n<p>Aufgeregt warten die Kinder bis eine der Erzieherinnen fl\u00f6tet, was den Beginn des Morgenkreises anzeigt. Die Kinder schnappen sich ihre Rucks\u00e4cke und st\u00fcrmen los zum Steinkreis. Dort l\u00e4uft es heute etwas anders ab als sonst, denn heute setzt sich nicht jedes Kind auf \u201eseinen\u201c Stein, sondern sie stellen sich auf und bilden einen Spalier f\u00fcr das Geburtstagskind. Was f\u00fcr ein sch\u00f6ner Empfang!<\/p>\n\n\n\n<figure class=\"wp-block-gallery has-nested-images columns-default is-cropped wp-block-gallery-2 is-layout-flex wp-block-gallery-is-layout-flex\">\n<figure class=\"wp-block-image size-large\"><img loading=\"lazy\" decoding=\"async\" width=\"768\" height=\"1024\" data-id=\"8747\" src=\"https:\/\/waldkindergarten-berglen.de\/wp-content\/uploads\/2024\/09\/Spalier-768x1024.jpg\" alt=\"\" class=\"wp-image-8747\" srcset=\"https:\/\/waldkindergarten-berglen.de\/wp-content\/uploads\/2024\/09\/Spalier-768x1024.jpg 768w, https:\/\/waldkindergarten-berglen.de\/wp-content\/uploads\/2024\/09\/Spalier-225x300.jpg 225w, https:\/\/waldkindergarten-berglen.de\/wp-content\/uploads\/2024\/09\/Spalier-1152x1536.jpg 1152w, https:\/\/waldkindergarten-berglen.de\/wp-content\/uploads\/2024\/09\/Spalier-982x1309.jpg 982w, https:\/\/waldkindergarten-berglen.de\/wp-content\/uploads\/2024\/09\/Spalier-300x400.jpg 300w, https:\/\/waldkindergarten-berglen.de\/wp-content\/uploads\/2024\/09\/Spalier.jpg 1200w\" sizes=\"auto, (max-width: 768px) 100vw, 768px\" \/><\/figure>\n<\/figure>\n\n\n\n<p>Nat\u00fcrlich wird auch gesungen und das Geburtstagskind bekommt das Blumenkr\u00e4nzchen aufgesetzt und darf die Kerzen auspusten. Zur Feier des Tages darf sich das Geburtstagskind zudem aussuchen, zu welchem Waldplatz es heute geht. Ein kleines Geschenk gibt es nat\u00fcrlich auch und beim Vesper werden gemeinsam die leckeren Muffins gegessen. Ein sch\u00f6ner und besonderer Tag im Kindergarten!<\/p>\n\n\n\n<p>An den anderen Tagen war \u201eder Herbst\u201c das Thema im Morgenkreis. Die Kinder haben Herbstlieder gesungen und Fingerspiele gemacht. An einem Morgen fanden sie kleine F\u00fchls\u00e4ckchen mit herbstlichen Sch\u00e4tzen vor. Was ist wohl darin? Es f\u00fchlt sich glatt und rund an. Richtig, Kastanien! Gemeinsam schauten sie sich auch die Bl\u00e4tter des Kastanienbaumes und die stachelige H\u00fclle der Kastanien an. Nach einer passenden Geschichte machten sie sich auf den Weg, um noch mehr Kastanien zu sammeln. Was sie wohl damit vorhaben?<\/p>\n\n\n\n<p>Unterwegs sind die vielen, vielen Pilze aufgefallen, die nun im Wald wachsen. Obwohl sich unsere Walkinder und die Erzieherinnen super in der Natur auskennen, gibt es eine wichtige Regel: Es d\u00fcrfen keine Pilze angefasst werden. Schlie\u00dflich sind sie keine Profis und Pilze k\u00f6nnen giftig sein. Das wurde bei der Gelegenheit gleich nochmals mit den Kindern besprochen. Unsere erfahrenen Waldkinder wissen das nat\u00fcrlich l\u00e4ngst und erkl\u00e4ren es auch selbst\u00e4ndig den neuen Kindern.<\/p>\n\n\n\n<p><strong>Wussten Sie schon?<\/strong><\/p>\n\n\n\n<p>Die Kastanie spielt in der Forstwirtschaft keine Rolle. Aufgrund ihrer geringen H\u00f6he und des kurzen Stammes findet man sie meist nur am Waldrand oder an Wegen. Zudem stellt sie hohe Anspr\u00fcche an die Lichtverh\u00e4ltnisse.<\/p>\n","protected":false},"excerpt":{"rendered":"<p>Der Morgenkreis ist besonders sch\u00f6n dekoriert, auf dem Stein in der Mitte stehen Kerzen, ein buntes Blumenkr\u00e4nzchen liegt bereit und ein Kind tr\u00e4gt eine Kuchenform voll leckerer Muffins zum Spielplatz. Das kann nur eines bedeuten: Es wird Geburtstag gefeiert. Aufgeregt warten die Kinder bis eine der Erzieherinnen fl\u00f6tet, was den Beginn des Morgenkreises anzeigt. Die&hellip; <a href=\"https:\/\/waldkindergarten-berglen.de\/?p=8744\" class=\"more-link\">Weiterlesen <span class=\"screen-reader-text\">Geburtstag im Wald<\/span><\/a><\/p>\n","protected":false},"author":10,"featured_media":0,"comment_status":"closed","ping_status":"closed","sticky":false,"template":"","format":"standard","meta":{"ngg_post_thumbnail":0,"_jetpack_memberships_contains_paid_content":false,"footnotes":""},"categories":[3],"tags":[],"class_list":["post-8744","post","type-post","status-publish","format-standard","hentry","category-berichte"],"jetpack_featured_media_url":"","jetpack_sharing_enabled":true,"_links":{"self":[{"href":"https:\/\/waldkindergarten-berglen.de\/index.php?rest_route=\/wp\/v2\/posts\/8744","targetHints":{"allow":["GET"]}}],"collection":[{"href":"https:\/\/waldkindergarten-berglen.de\/index.php?rest_route=\/wp\/v2\/posts"}],"about":[{"href":"https:\/\/waldkindergarten-berglen.de\/index.php?rest_route=\/wp\/v2\/types\/post"}],"author":[{"embeddable":true,"href":"https:\/\/waldkindergarten-berglen.de\/index.php?rest_route=\/wp\/v2\/users\/10"}],"replies":[{"embeddable":true,"href":"https:\/\/waldkindergarten-berglen.de\/index.php?rest_route=%2Fwp%2Fv2%2Fcomments&post=8744"}],"version-history":[{"count":1,"href":"https:\/\/waldkindergarten-berglen.de\/index.php?rest_route=\/wp\/v2\/posts\/8744\/revisions"}],"predecessor-version":[{"id":8749,"href":"https:\/\/waldkindergarten-berglen.de\/index.php?rest_route=\/wp\/v2\/posts\/8744\/revisions\/8749"}],"wp:attachment":[{"href":"https:\/\/waldkindergarten-berglen.de\/index.php?rest_route=%2Fwp%2Fv2%2Fmedia&parent=8744"}],"wp:term":[{"taxonomy":"category","embeddable":true,"href":"https:\/\/waldkindergarten-berglen.de\/index.php?rest_route=%2Fwp%2Fv2%2Fcategories&post=8744"},{"taxonomy":"post_tag","embeddable":true,"href":"https:\/\/waldkindergarten-berglen.de\/index.php?rest_route=%2Fwp%2Fv2%2Ftags&post=8744"}],"curies":[{"name":"wp","href":"https:\/\/api.w.org\/{rel}","templated":true}]}}