{"id":8794,"date":"2024-10-21T08:05:00","date_gmt":"2024-10-21T06:05:00","guid":{"rendered":"https:\/\/waldkindergarten-berglen.de\/?p=8794"},"modified":"2024-10-20T20:43:50","modified_gmt":"2024-10-20T18:43:50","slug":"hutzelmann-pilze-und-elternabend","status":"publish","type":"post","link":"https:\/\/waldkindergarten-berglen.de\/?p=8794","title":{"rendered":"Hutzelmann, Pilze und Elternabend"},"content":{"rendered":"\n<p>Gleich zwei Geburtstage konnten in der letzten Woche im Wald gefeiert werden, sodass der Hutzelmann, die Geburtstagsfigur in diesem Kindergartenjahr, auch gleich zwei Mal zu Besuch kam. Der Hutzelmann berichtete von seinen momentanen Aktivit\u00e4ten im Herbst. An einer Schnur hat er ein K\u00f6rbchen mit Pilzen aufgeh\u00e4ngt, damit gut Luft an sie herankommt zum Trocknen. Beim zweiten Besuch zeigte er seine gesammelten N\u00fcsse, die ebenfalls trocknen sollten. Da es regnete, hat er mit seinen Schn\u00fcren, die er immer dabei hat, ein Tuch als Regenschutz dar\u00fcber aufgeh\u00e4ngt.<\/p>\n\n\n\n<p>\u00dcbrigens bringt der Hutzelmann jedem Geburtstagskind auch einen seiner vielen langen Schn\u00fcre mit und die Fantasie der Kinder kennt kaum Grenzen, f\u00fcr was sie die Schn\u00fcre im Spiel alles einsetzen k\u00f6nnen.<\/p>\n\n\n\n<figure class=\"wp-block-image size-large\"><img loading=\"lazy\" decoding=\"async\" width=\"1024\" height=\"768\" src=\"https:\/\/waldkindergarten-berglen.de\/wp-content\/uploads\/2024\/10\/Der-Hutzelmann-trocknet-seine-Nuesse-1024x768.jpg\" alt=\"\" class=\"wp-image-8795\" srcset=\"https:\/\/waldkindergarten-berglen.de\/wp-content\/uploads\/2024\/10\/Der-Hutzelmann-trocknet-seine-Nuesse-1024x768.jpg 1024w, https:\/\/waldkindergarten-berglen.de\/wp-content\/uploads\/2024\/10\/Der-Hutzelmann-trocknet-seine-Nuesse-300x225.jpg 300w, https:\/\/waldkindergarten-berglen.de\/wp-content\/uploads\/2024\/10\/Der-Hutzelmann-trocknet-seine-Nuesse-768x576.jpg 768w, https:\/\/waldkindergarten-berglen.de\/wp-content\/uploads\/2024\/10\/Der-Hutzelmann-trocknet-seine-Nuesse-1536x1152.jpg 1536w, https:\/\/waldkindergarten-berglen.de\/wp-content\/uploads\/2024\/10\/Der-Hutzelmann-trocknet-seine-Nuesse-982x737.jpg 982w, https:\/\/waldkindergarten-berglen.de\/wp-content\/uploads\/2024\/10\/Der-Hutzelmann-trocknet-seine-Nuesse-400x300.jpg 400w, https:\/\/waldkindergarten-berglen.de\/wp-content\/uploads\/2024\/10\/Der-Hutzelmann-trocknet-seine-Nuesse.jpg 1600w\" sizes=\"auto, (max-width: 1024px) 100vw, 1024px\" \/><\/figure>\n\n\n\n<p>An den trockenen Tagen waren die Kinder viel auf den Wiesen unterwegs und fanden viele Pilze, unter anderem wundersch\u00f6n rot leuchtende Fliegenpilze. Pilze spielten auch eine Rolle in dem M\u00e4rchen, das die Kinder h\u00f6rten und anhand verschiedener Gegenst\u00e4nde, die aus dem M\u00e4rchenkoffer herausgeholt werden, anschaulich gestaltet wurde. In dem M\u00e4rchen ging ein M\u00e4dchen, das von anderen Kindern ausgeschlossen wurde, traurig in den Wald und h\u00f6rt dort bei den Pilzen eine Melodie. Dort traf sie ein Zwerglein, das ihr sagte, dass sie ein gutes M\u00e4dchen sei und immer lieb zu Tieren und Pflanzen und sie deshalb heute diese besondere Begegnung mit ihm, dem Zwerglein, habe. Es versprach ihr, dass wann immer sie traurig in den Wald gehen w\u00fcrde, sie immer bei den Pilzen die wundersch\u00f6ne, beruhigende Melodie h\u00f6ren w\u00fcrde und dann an das Zwerglein denken k\u00f6nne.<\/p>\n\n\n\n<figure class=\"wp-block-image size-large\"><img loading=\"lazy\" decoding=\"async\" width=\"1024\" height=\"768\" src=\"https:\/\/waldkindergarten-berglen.de\/wp-content\/uploads\/2024\/10\/Fliegenpilze-1024x768.jpg\" alt=\"\" class=\"wp-image-8796\" srcset=\"https:\/\/waldkindergarten-berglen.de\/wp-content\/uploads\/2024\/10\/Fliegenpilze-1024x768.jpg 1024w, https:\/\/waldkindergarten-berglen.de\/wp-content\/uploads\/2024\/10\/Fliegenpilze-300x225.jpg 300w, https:\/\/waldkindergarten-berglen.de\/wp-content\/uploads\/2024\/10\/Fliegenpilze-768x576.jpg 768w, https:\/\/waldkindergarten-berglen.de\/wp-content\/uploads\/2024\/10\/Fliegenpilze-1536x1152.jpg 1536w, https:\/\/waldkindergarten-berglen.de\/wp-content\/uploads\/2024\/10\/Fliegenpilze-982x737.jpg 982w, https:\/\/waldkindergarten-berglen.de\/wp-content\/uploads\/2024\/10\/Fliegenpilze-400x300.jpg 400w, https:\/\/waldkindergarten-berglen.de\/wp-content\/uploads\/2024\/10\/Fliegenpilze.jpg 1600w\" sizes=\"auto, (max-width: 1024px) 100vw, 1024px\" \/><\/figure>\n\n\n\n<p>Die Kindergartenkinder lauschten danach ganz gespannt an den vielen Pilzen, die zur Zeit im Wald und auf den Wiesen stehen und konnten ebenfalls die sch\u00f6ne Melodie h\u00f6ren.<\/p>\n\n\n\n<figure class=\"wp-block-image size-large\"><img loading=\"lazy\" decoding=\"async\" width=\"768\" height=\"1024\" src=\"https:\/\/waldkindergarten-berglen.de\/wp-content\/uploads\/2024\/10\/Melodie-bei-den-Pilzen-768x1024.jpg\" alt=\"\" class=\"wp-image-8797\" srcset=\"https:\/\/waldkindergarten-berglen.de\/wp-content\/uploads\/2024\/10\/Melodie-bei-den-Pilzen-768x1024.jpg 768w, https:\/\/waldkindergarten-berglen.de\/wp-content\/uploads\/2024\/10\/Melodie-bei-den-Pilzen-225x300.jpg 225w, https:\/\/waldkindergarten-berglen.de\/wp-content\/uploads\/2024\/10\/Melodie-bei-den-Pilzen-1152x1536.jpg 1152w, https:\/\/waldkindergarten-berglen.de\/wp-content\/uploads\/2024\/10\/Melodie-bei-den-Pilzen-982x1309.jpg 982w, https:\/\/waldkindergarten-berglen.de\/wp-content\/uploads\/2024\/10\/Melodie-bei-den-Pilzen-300x400.jpg 300w, https:\/\/waldkindergarten-berglen.de\/wp-content\/uploads\/2024\/10\/Melodie-bei-den-Pilzen.jpg 1200w\" sizes=\"auto, (max-width: 768px) 100vw, 768px\" \/><\/figure>\n\n\n\n<p>An einem der trockenen, sonnigen Tage konnten die Kinder noch au\u00dfergew\u00f6hnliche Burgen aus gro\u00dfen Asphaltbrocken bauen, die noch von einer vom Hochwasser untersp\u00fclten Stra\u00dfe an den Wiesen herumlagen.<\/p>\n\n\n\n<p>Auch die Eltern sollten letzte Woche die Gelegenheit bekommen, Zeit auf dem St\u00fcckle des Waldkindergartens zu verbringen, beim Elternabend. Die Erzieherinnen hatten wieder einiges vorbereitet und eine heimelige Atmosph\u00e4re geschaffen. Zu Beginn durften die Eltern kleine Kerzen in Walnussschalenh\u00e4lften entz\u00fcnden und mit einem Wunsch f\u00fcr dieses Kindergartenjahr ihres Kindes in eine mit Wasser gef\u00fcllte Wanne gleiten lassen. Neben allgemeinen Infos erfuhren sie dann auch, dass das Thema in diesem Kindergartenjahr M\u00e4rchen sind, und zwar gerade nicht (nur) bekannte Klassiker, sondern vor allem sch\u00f6ne und lehrreiche, kurze sowie l\u00e4ngere M\u00e4rchen, die anhand liebevoll gestalteter Gegenst\u00e4nde aus dem M\u00e4rchenkoffer erz\u00e4hlt werden.<\/p>\n\n\n\n<figure class=\"wp-block-image size-large\"><img loading=\"lazy\" decoding=\"async\" width=\"1024\" height=\"768\" src=\"https:\/\/waldkindergarten-berglen.de\/wp-content\/uploads\/2024\/10\/Schwimmende-Walnusskerzen-1024x768.jpg\" alt=\"\" class=\"wp-image-8798\" srcset=\"https:\/\/waldkindergarten-berglen.de\/wp-content\/uploads\/2024\/10\/Schwimmende-Walnusskerzen-1024x768.jpg 1024w, https:\/\/waldkindergarten-berglen.de\/wp-content\/uploads\/2024\/10\/Schwimmende-Walnusskerzen-300x225.jpg 300w, https:\/\/waldkindergarten-berglen.de\/wp-content\/uploads\/2024\/10\/Schwimmende-Walnusskerzen-768x576.jpg 768w, https:\/\/waldkindergarten-berglen.de\/wp-content\/uploads\/2024\/10\/Schwimmende-Walnusskerzen-1536x1152.jpg 1536w, https:\/\/waldkindergarten-berglen.de\/wp-content\/uploads\/2024\/10\/Schwimmende-Walnusskerzen-982x737.jpg 982w, https:\/\/waldkindergarten-berglen.de\/wp-content\/uploads\/2024\/10\/Schwimmende-Walnusskerzen-400x300.jpg 400w, https:\/\/waldkindergarten-berglen.de\/wp-content\/uploads\/2024\/10\/Schwimmende-Walnusskerzen.jpg 2048w\" sizes=\"auto, (max-width: 1024px) 100vw, 1024px\" \/><\/figure>\n\n\n\n<p><strong>Wussten Sie schon?<\/strong><\/p>\n\n\n\n<p><em>Der Fliegenpilz ist wahrscheinlich der bekannteste Pilz und jeder wei\u00df, dass er giftig ist. Die wei\u00dfen Punkte auf dem Hut sind die Reste der H\u00fclle, die junge Pilze noch umschlie\u00dft, beim Wachstum rei\u00dft und dann als Schuppen auf dem Hut verbleiben.<\/em><\/p>\n","protected":false},"excerpt":{"rendered":"<p>Gleich zwei Geburtstage konnten in der letzten Woche im Wald gefeiert werden, sodass der Hutzelmann, die Geburtstagsfigur in diesem Kindergartenjahr, auch gleich zwei Mal zu Besuch kam. Der Hutzelmann berichtete von seinen momentanen Aktivit\u00e4ten im Herbst. An einer Schnur hat er ein K\u00f6rbchen mit Pilzen aufgeh\u00e4ngt, damit gut Luft an sie herankommt zum Trocknen. Beim&hellip; <a href=\"https:\/\/waldkindergarten-berglen.de\/?p=8794\" class=\"more-link\">Weiterlesen <span class=\"screen-reader-text\">Hutzelmann, Pilze und Elternabend<\/span><\/a><\/p>\n","protected":false},"author":11,"featured_media":0,"comment_status":"closed","ping_status":"closed","sticky":false,"template":"","format":"standard","meta":{"ngg_post_thumbnail":0,"_jetpack_memberships_contains_paid_content":false,"footnotes":""},"categories":[3],"tags":[],"class_list":["post-8794","post","type-post","status-publish","format-standard","hentry","category-berichte"],"jetpack_featured_media_url":"","jetpack_sharing_enabled":true,"_links":{"self":[{"href":"https:\/\/waldkindergarten-berglen.de\/index.php?rest_route=\/wp\/v2\/posts\/8794","targetHints":{"allow":["GET"]}}],"collection":[{"href":"https:\/\/waldkindergarten-berglen.de\/index.php?rest_route=\/wp\/v2\/posts"}],"about":[{"href":"https:\/\/waldkindergarten-berglen.de\/index.php?rest_route=\/wp\/v2\/types\/post"}],"author":[{"embeddable":true,"href":"https:\/\/waldkindergarten-berglen.de\/index.php?rest_route=\/wp\/v2\/users\/11"}],"replies":[{"embeddable":true,"href":"https:\/\/waldkindergarten-berglen.de\/index.php?rest_route=%2Fwp%2Fv2%2Fcomments&post=8794"}],"version-history":[{"count":1,"href":"https:\/\/waldkindergarten-berglen.de\/index.php?rest_route=\/wp\/v2\/posts\/8794\/revisions"}],"predecessor-version":[{"id":8799,"href":"https:\/\/waldkindergarten-berglen.de\/index.php?rest_route=\/wp\/v2\/posts\/8794\/revisions\/8799"}],"wp:attachment":[{"href":"https:\/\/waldkindergarten-berglen.de\/index.php?rest_route=%2Fwp%2Fv2%2Fmedia&parent=8794"}],"wp:term":[{"taxonomy":"category","embeddable":true,"href":"https:\/\/waldkindergarten-berglen.de\/index.php?rest_route=%2Fwp%2Fv2%2Fcategories&post=8794"},{"taxonomy":"post_tag","embeddable":true,"href":"https:\/\/waldkindergarten-berglen.de\/index.php?rest_route=%2Fwp%2Fv2%2Ftags&post=8794"}],"curies":[{"name":"wp","href":"https:\/\/api.w.org\/{rel}","templated":true}]}}