{"id":8814,"date":"2024-10-28T08:05:00","date_gmt":"2024-10-28T07:05:00","guid":{"rendered":"https:\/\/waldkindergarten-berglen.de\/?p=8814"},"modified":"2024-10-26T22:20:24","modified_gmt":"2024-10-26T20:20:24","slug":"waldtaufe","status":"publish","type":"post","link":"https:\/\/waldkindergarten-berglen.de\/?p=8814","title":{"rendered":"Waldtaufe"},"content":{"rendered":"\n<p>Die im September neu in den Kindergarten gekommenen &nbsp;\u201eZwergenkinder\u201c sind mittlerweile bestens angekommen, f\u00fchlen sich wohl, spielen flei\u00dfig mit und kn\u00fcpfen erste Freundschaften. Nun war es an der Zeit ihre Waldtaufe zu feiern. Hierf\u00fcr wurde der Morgenkreis besonders sch\u00f6n hergerichtet und der Hutzelmann war zu Gast. Der Hutzelmann ist eine Handpuppe, die unsere Waldkinder in diesem Jahr begleitet und bei besonderen Anl\u00e4ssen stets mit dabei ist. Zur Feier des Tages hat er nicht nur eine Geschichte, sondern auch leckere Pfannkuchen mitgebracht. Da der Hutzelmann recht klein ist waren nat\u00fcrlich auch seine Pfannkuchen ziemlich klein. Daf\u00fcr aber sehr gut! Die neuen Kinder wurden durch die Waldtaufe nochmals willkommen gehei\u00dfen, nacheinander hochleben gelassen und sind nun \u201eechte\u201c Waldkinder. \u201eEchte\u201c Waldkinder haben alle einen Karabiner in ihrem Rucksack und den haben die neuen Kinder nun auch erhalten. Stolz durften sie sich je einen in ihrer Lieblingsfarbe aussuchen und k\u00f6nnen damit nun auch die verl\u00e4ngerten \u00d6ffnungszeiten nutzen. Denn wer \u201el\u00e4nger bleibt\u201c befestigt den Karabiner einfach au\u00dfen am Rucksack.<\/p>\n\n\n\n<figure class=\"wp-block-gallery has-nested-images columns-default is-cropped wp-block-gallery-1 is-layout-flex wp-block-gallery-is-layout-flex\">\n<figure class=\"wp-block-image size-large\"><img loading=\"lazy\" decoding=\"async\" width=\"768\" height=\"1024\" data-id=\"8815\" src=\"https:\/\/waldkindergarten-berglen.de\/wp-content\/uploads\/2024\/10\/Taufe-768x1024.jpg\" alt=\"\" class=\"wp-image-8815\" srcset=\"https:\/\/waldkindergarten-berglen.de\/wp-content\/uploads\/2024\/10\/Taufe-768x1024.jpg 768w, https:\/\/waldkindergarten-berglen.de\/wp-content\/uploads\/2024\/10\/Taufe-225x300.jpg 225w, https:\/\/waldkindergarten-berglen.de\/wp-content\/uploads\/2024\/10\/Taufe-1152x1536.jpg 1152w, https:\/\/waldkindergarten-berglen.de\/wp-content\/uploads\/2024\/10\/Taufe-982x1309.jpg 982w, https:\/\/waldkindergarten-berglen.de\/wp-content\/uploads\/2024\/10\/Taufe-300x400.jpg 300w, https:\/\/waldkindergarten-berglen.de\/wp-content\/uploads\/2024\/10\/Taufe.jpg 1200w\" sizes=\"auto, (max-width: 768px) 100vw, 768px\" \/><\/figure>\n<\/figure>\n\n\n\n<p>Im Laufe der Woche sind aus mitgerbachten leeren Konservendosen St\u00fcck f\u00fcr St\u00fcck sch\u00f6ne Laternen entstanden. Mit einem Licht darin leuchten nun Monde und Sterne auf den Dosen. Mit viel Ausdauer haben die Kinder hierzu mit Nagel und Hammer viele L\u00f6cher hinein geh\u00e4mmert. Das sieht toll aus und wir freuen uns schon auf das kommende Herbstfest, wo die Laternen in der Dunkelheit leuchten werden. Die passenden Laterne-Lieder werden auch schon flei\u00dfig ge\u00fcbt.<\/p>\n\n\n\n<figure class=\"wp-block-gallery has-nested-images columns-default is-cropped wp-block-gallery-2 is-layout-flex wp-block-gallery-is-layout-flex\">\n<figure class=\"wp-block-image size-large\"><img loading=\"lazy\" decoding=\"async\" width=\"768\" height=\"1024\" data-id=\"8818\" src=\"https:\/\/waldkindergarten-berglen.de\/wp-content\/uploads\/2024\/10\/Laterne-1-768x1024.jpg\" alt=\"\" class=\"wp-image-8818\" srcset=\"https:\/\/waldkindergarten-berglen.de\/wp-content\/uploads\/2024\/10\/Laterne-1-768x1024.jpg 768w, https:\/\/waldkindergarten-berglen.de\/wp-content\/uploads\/2024\/10\/Laterne-1-225x300.jpg 225w, https:\/\/waldkindergarten-berglen.de\/wp-content\/uploads\/2024\/10\/Laterne-1-1152x1536.jpg 1152w, https:\/\/waldkindergarten-berglen.de\/wp-content\/uploads\/2024\/10\/Laterne-1-982x1309.jpg 982w, https:\/\/waldkindergarten-berglen.de\/wp-content\/uploads\/2024\/10\/Laterne-1-300x400.jpg 300w, https:\/\/waldkindergarten-berglen.de\/wp-content\/uploads\/2024\/10\/Laterne-1.jpg 1200w\" sizes=\"auto, (max-width: 768px) 100vw, 768px\" \/><\/figure>\n<\/figure>\n\n\n\n<p>Ansonsten wurde in dieser Woche viel geschlemmt. Es gab frisch \u00fcber dem Feuer ger\u00f6stete Esskastanien, die die Kinder letzte Woche gesammelt hatten. Und da noch einige Herbstgaben vom Erntedank-Fr\u00fchst\u00fcck \u00fcbrig waren, wurden auch die noch verarbeitet: \u00c4pfel, Rote Bete und selbst gemachtes Pflaumen- sowie Apfelmus. Kurzerhand haben die Waldkinder gemeinsam einen Teig zubereitet (Handr\u00fchrger\u00e4t mit Kurbel, da es in der Natur nat\u00fcrlich keinen Strom gibt), \u00c4pfel hinein gerieben und \u00fcber dem Feuer Pfannkuchen gebacken. Dazu gab es Rote-Bete-Salat und auf die Pfannkuchen Apfel \u2013 und Pflaumenmus. Lecker!<\/p>\n\n\n\n<figure class=\"wp-block-gallery has-nested-images columns-default is-cropped wp-block-gallery-3 is-layout-flex wp-block-gallery-is-layout-flex\">\n<figure class=\"wp-block-image size-large\"><img loading=\"lazy\" decoding=\"async\" width=\"1024\" height=\"768\" data-id=\"8819\" src=\"https:\/\/waldkindergarten-berglen.de\/wp-content\/uploads\/2024\/10\/Teig-1024x768.jpg\" alt=\"\" class=\"wp-image-8819\" srcset=\"https:\/\/waldkindergarten-berglen.de\/wp-content\/uploads\/2024\/10\/Teig-1024x768.jpg 1024w, https:\/\/waldkindergarten-berglen.de\/wp-content\/uploads\/2024\/10\/Teig-300x225.jpg 300w, https:\/\/waldkindergarten-berglen.de\/wp-content\/uploads\/2024\/10\/Teig-768x576.jpg 768w, https:\/\/waldkindergarten-berglen.de\/wp-content\/uploads\/2024\/10\/Teig-1536x1152.jpg 1536w, https:\/\/waldkindergarten-berglen.de\/wp-content\/uploads\/2024\/10\/Teig-982x737.jpg 982w, https:\/\/waldkindergarten-berglen.de\/wp-content\/uploads\/2024\/10\/Teig-400x300.jpg 400w, https:\/\/waldkindergarten-berglen.de\/wp-content\/uploads\/2024\/10\/Teig.jpg 1600w\" sizes=\"auto, (max-width: 1024px) 100vw, 1024px\" \/><\/figure>\n<\/figure>\n\n\n\n<p><strong>Wussten Sie schon?<\/strong><\/p>\n\n\n\n<p>Die Esskastanie wurde 2018 zum Baum des Jahres gew\u00e4hlt. Ausschlaggebend daf\u00fcr war unter anderem die Anpassungsf\u00e4higkeit der Pflanze an unterschiedliche Klimazonen.<\/p>\n","protected":false},"excerpt":{"rendered":"<p>Die im September neu in den Kindergarten gekommenen &nbsp;\u201eZwergenkinder\u201c sind mittlerweile bestens angekommen, f\u00fchlen sich wohl, spielen flei\u00dfig mit und kn\u00fcpfen erste Freundschaften. Nun war es an der Zeit ihre Waldtaufe zu feiern. Hierf\u00fcr wurde der Morgenkreis besonders sch\u00f6n hergerichtet und der Hutzelmann war zu Gast. Der Hutzelmann ist eine Handpuppe, die unsere Waldkinder in&hellip; <a href=\"https:\/\/waldkindergarten-berglen.de\/?p=8814\" class=\"more-link\">Weiterlesen <span class=\"screen-reader-text\">Waldtaufe<\/span><\/a><\/p>\n","protected":false},"author":10,"featured_media":0,"comment_status":"closed","ping_status":"closed","sticky":false,"template":"","format":"standard","meta":{"ngg_post_thumbnail":0,"_jetpack_memberships_contains_paid_content":false,"footnotes":""},"categories":[3],"tags":[],"class_list":["post-8814","post","type-post","status-publish","format-standard","hentry","category-berichte"],"jetpack_featured_media_url":"","jetpack_sharing_enabled":true,"_links":{"self":[{"href":"https:\/\/waldkindergarten-berglen.de\/index.php?rest_route=\/wp\/v2\/posts\/8814","targetHints":{"allow":["GET"]}}],"collection":[{"href":"https:\/\/waldkindergarten-berglen.de\/index.php?rest_route=\/wp\/v2\/posts"}],"about":[{"href":"https:\/\/waldkindergarten-berglen.de\/index.php?rest_route=\/wp\/v2\/types\/post"}],"author":[{"embeddable":true,"href":"https:\/\/waldkindergarten-berglen.de\/index.php?rest_route=\/wp\/v2\/users\/10"}],"replies":[{"embeddable":true,"href":"https:\/\/waldkindergarten-berglen.de\/index.php?rest_route=%2Fwp%2Fv2%2Fcomments&post=8814"}],"version-history":[{"count":1,"href":"https:\/\/waldkindergarten-berglen.de\/index.php?rest_route=\/wp\/v2\/posts\/8814\/revisions"}],"predecessor-version":[{"id":8821,"href":"https:\/\/waldkindergarten-berglen.de\/index.php?rest_route=\/wp\/v2\/posts\/8814\/revisions\/8821"}],"wp:attachment":[{"href":"https:\/\/waldkindergarten-berglen.de\/index.php?rest_route=%2Fwp%2Fv2%2Fmedia&parent=8814"}],"wp:term":[{"taxonomy":"category","embeddable":true,"href":"https:\/\/waldkindergarten-berglen.de\/index.php?rest_route=%2Fwp%2Fv2%2Fcategories&post=8814"},{"taxonomy":"post_tag","embeddable":true,"href":"https:\/\/waldkindergarten-berglen.de\/index.php?rest_route=%2Fwp%2Fv2%2Ftags&post=8814"}],"curies":[{"name":"wp","href":"https:\/\/api.w.org\/{rel}","templated":true}]}}