{"id":8833,"date":"2024-11-24T22:33:17","date_gmt":"2024-11-24T21:33:17","guid":{"rendered":"https:\/\/waldkindergarten-berglen.de\/?p=8833"},"modified":"2024-11-24T22:33:18","modified_gmt":"2024-11-24T21:33:18","slug":"arbeitseinsatz-licht-und-pantomime","status":"publish","type":"post","link":"https:\/\/waldkindergarten-berglen.de\/?p=8833","title":{"rendered":"Arbeitseinsatz, Licht und Pantomime"},"content":{"rendered":"\n<p>Letztes Wochenende haben sich bei strahlendem Sonnenschein viele \u201eWald-Familien\u201c am St\u00fcckle des Kindergartens eingefunden. Im Gep\u00e4ck Arbeitshandschuhe, Astscheren, Akkuschrauber und Hammer. Eine Familie kam mit ihrem Traktor nebst Anh\u00e4nger und auch eine Motors\u00e4ge durfte nicht fehlen. W\u00e4hrend die Waldkinder fr\u00f6hlich spielten haben die Erwachsenen beim gemeinsamen Arbeitseinsatz eine Menge f\u00fcr den Kindergarten geschafft. Im Wald wurden viele Stellen frei geschnitten, es wurde Holz gemacht und gestapelt und am Weihnachtsplatz der Zwergengruppe ist ein neues Waldsofa entstanden. Mittags sa\u00dfen alle gem\u00fctlich beisammen und haben sich mit Gulasch und Maultaschen gest\u00e4rkt, um danach nochmals tatkr\u00e4ftig anzupacken.<\/p>\n\n\n\n<figure class=\"wp-block-gallery has-nested-images columns-default is-cropped wp-block-gallery-1 is-layout-flex wp-block-gallery-is-layout-flex\">\n<figure class=\"wp-block-image size-large\"><img loading=\"lazy\" decoding=\"async\" width=\"1024\" height=\"768\" data-id=\"8835\" src=\"https:\/\/waldkindergarten-berglen.de\/wp-content\/uploads\/2024\/11\/Essen-1-1024x768.jpg\" alt=\"\" class=\"wp-image-8835\" srcset=\"https:\/\/waldkindergarten-berglen.de\/wp-content\/uploads\/2024\/11\/Essen-1-1024x768.jpg 1024w, https:\/\/waldkindergarten-berglen.de\/wp-content\/uploads\/2024\/11\/Essen-1-300x225.jpg 300w, https:\/\/waldkindergarten-berglen.de\/wp-content\/uploads\/2024\/11\/Essen-1-768x576.jpg 768w, https:\/\/waldkindergarten-berglen.de\/wp-content\/uploads\/2024\/11\/Essen-1-1536x1152.jpg 1536w, https:\/\/waldkindergarten-berglen.de\/wp-content\/uploads\/2024\/11\/Essen-1-982x737.jpg 982w, https:\/\/waldkindergarten-berglen.de\/wp-content\/uploads\/2024\/11\/Essen-1-400x300.jpg 400w, https:\/\/waldkindergarten-berglen.de\/wp-content\/uploads\/2024\/11\/Essen-1.jpg 1600w\" sizes=\"auto, (max-width: 1024px) 100vw, 1024px\" \/><\/figure>\n<\/figure>\n\n\n\n<p>Nat\u00fcrlich haben auch die Kinder flei\u00dfig geholfen, denn f\u00fcr sie ist es das Gr\u00f6\u00dfte, wenn sie spielerisch mit anpacken d\u00fcrfen. Alles in Allem ein sch\u00f6ner gemeinsamer Tag und ein gelungener Arbeitseinsatz.<\/p>\n\n\n\n<p>F\u00fcr die Waldkinder ging es diese Woche um Licht, Schatten und Hilfsbereitschaft. Wie kann ich mein inneres Licht weitergeben? Diese Frage stellten sie sich, nachdem sie ein M\u00e4rchen \u00fcber zwei Kinder geh\u00f6rt hatten, die in der Dunkelheit Angst hatten und mit ihrem Gro\u00dfvater dar\u00fcber sprachen. Der Gro\u00dfvater hatte hilfreiche Gedanken um den Kindern Mut zu machen. So hat er ihnen erkl\u00e4rt, dass es nie ganz dunkel ist und auch nie ganz hell. Denn Sterne erleuchten die Dunkelheit und das Licht wird von Schatten unterbrochen. Helligkeit und Dunkelheit sind Freunde, die zusammen geh\u00f6ren. Auch Menschen tragen Helligkeit und manchmal auch Dunkelheit in sich. Eine interessante Geschichte. Aber wie kann Licht nun weitergegeben und geteilt werden? Um das zu veranschaulichen haben die Kinder mehrere Kerzen an einer bereits brennenden Kerze entz\u00fcndet und gestaunt, wie hell es in der etwas d\u00fcsteren Sturmh\u00f6hle dadurch geworden ist. Geben die Kinder auch manchmal ihr inneres Licht weiter? Aber nat\u00fcrlich! Zum Beispiel indem sie anderen helfen, freundliche Worte finden oder ein L\u00e4cheln schenken.<\/p>\n\n\n\n<p>In der Vorschule standen verschiedene Spiele auf dem Programm. Zuerst ging es um Bewegungen, Gestik und Mimik, denn die Kinder haben pantomimisch Berufe dargestellt und eifrig geraten. &nbsp;Anschlie\u00dfend wurde noch \u201ewer bin ich?\u201c gespielt. Hier hat ein Kind einen Zettel mit einem Bild des gesuchten Begriffs auf der Stirn und stellt Fragen an die Gruppe um herauszufinden \u201ewer es ist\u201c.<\/p>\n\n\n\n<figure class=\"wp-block-gallery has-nested-images columns-default is-cropped wp-block-gallery-2 is-layout-flex wp-block-gallery-is-layout-flex\">\n<figure class=\"wp-block-image size-large\"><img loading=\"lazy\" decoding=\"async\" width=\"768\" height=\"1024\" data-id=\"8837\" src=\"https:\/\/waldkindergarten-berglen.de\/wp-content\/uploads\/2024\/11\/Spiel-1-768x1024.jpg\" alt=\"\" class=\"wp-image-8837\" srcset=\"https:\/\/waldkindergarten-berglen.de\/wp-content\/uploads\/2024\/11\/Spiel-1-768x1024.jpg 768w, https:\/\/waldkindergarten-berglen.de\/wp-content\/uploads\/2024\/11\/Spiel-1-225x300.jpg 225w, https:\/\/waldkindergarten-berglen.de\/wp-content\/uploads\/2024\/11\/Spiel-1-1152x1536.jpg 1152w, https:\/\/waldkindergarten-berglen.de\/wp-content\/uploads\/2024\/11\/Spiel-1-982x1309.jpg 982w, https:\/\/waldkindergarten-berglen.de\/wp-content\/uploads\/2024\/11\/Spiel-1-300x400.jpg 300w, https:\/\/waldkindergarten-berglen.de\/wp-content\/uploads\/2024\/11\/Spiel-1.jpg 1200w\" sizes=\"auto, (max-width: 768px) 100vw, 768px\" \/><\/figure>\n<\/figure>\n\n\n\n<p>Bin ich ein Gegenstand? Bin ich ein Tier? Bin ich gro\u00df? Bin ich klein? Bin ich rot? Bin ich gr\u00fcn? Das hat Spa\u00df gemacht und f\u00f6rdert viele wichtige Kompetenzen.<\/p>\n\n\n\n<p><strong>Wussten Sie schon?<\/strong><\/p>\n\n\n\n<p>Waldboden ist das pure Leben. In einem L\u00f6ffel Waldboden leben mehr Organismen als Menschen auf der Erde.<\/p>\n","protected":false},"excerpt":{"rendered":"<p>Letztes Wochenende haben sich bei strahlendem Sonnenschein viele \u201eWald-Familien\u201c am St\u00fcckle des Kindergartens eingefunden. Im Gep\u00e4ck Arbeitshandschuhe, Astscheren, Akkuschrauber und Hammer. Eine Familie kam mit ihrem Traktor nebst Anh\u00e4nger und auch eine Motors\u00e4ge durfte nicht fehlen. W\u00e4hrend die Waldkinder fr\u00f6hlich spielten haben die Erwachsenen beim gemeinsamen Arbeitseinsatz eine Menge f\u00fcr den Kindergarten geschafft. Im Wald&hellip; <a href=\"https:\/\/waldkindergarten-berglen.de\/?p=8833\" class=\"more-link\">Weiterlesen <span class=\"screen-reader-text\">Arbeitseinsatz, Licht und Pantomime<\/span><\/a><\/p>\n","protected":false},"author":10,"featured_media":0,"comment_status":"closed","ping_status":"closed","sticky":false,"template":"","format":"standard","meta":{"ngg_post_thumbnail":0,"_jetpack_memberships_contains_paid_content":false,"footnotes":""},"categories":[3],"tags":[],"class_list":["post-8833","post","type-post","status-publish","format-standard","hentry","category-berichte"],"jetpack_featured_media_url":"","jetpack_sharing_enabled":true,"_links":{"self":[{"href":"https:\/\/waldkindergarten-berglen.de\/index.php?rest_route=\/wp\/v2\/posts\/8833","targetHints":{"allow":["GET"]}}],"collection":[{"href":"https:\/\/waldkindergarten-berglen.de\/index.php?rest_route=\/wp\/v2\/posts"}],"about":[{"href":"https:\/\/waldkindergarten-berglen.de\/index.php?rest_route=\/wp\/v2\/types\/post"}],"author":[{"embeddable":true,"href":"https:\/\/waldkindergarten-berglen.de\/index.php?rest_route=\/wp\/v2\/users\/10"}],"replies":[{"embeddable":true,"href":"https:\/\/waldkindergarten-berglen.de\/index.php?rest_route=%2Fwp%2Fv2%2Fcomments&post=8833"}],"version-history":[{"count":1,"href":"https:\/\/waldkindergarten-berglen.de\/index.php?rest_route=\/wp\/v2\/posts\/8833\/revisions"}],"predecessor-version":[{"id":8838,"href":"https:\/\/waldkindergarten-berglen.de\/index.php?rest_route=\/wp\/v2\/posts\/8833\/revisions\/8838"}],"wp:attachment":[{"href":"https:\/\/waldkindergarten-berglen.de\/index.php?rest_route=%2Fwp%2Fv2%2Fmedia&parent=8833"}],"wp:term":[{"taxonomy":"category","embeddable":true,"href":"https:\/\/waldkindergarten-berglen.de\/index.php?rest_route=%2Fwp%2Fv2%2Fcategories&post=8833"},{"taxonomy":"post_tag","embeddable":true,"href":"https:\/\/waldkindergarten-berglen.de\/index.php?rest_route=%2Fwp%2Fv2%2Ftags&post=8833"}],"curies":[{"name":"wp","href":"https:\/\/api.w.org\/{rel}","templated":true}]}}