{"id":8847,"date":"2024-12-02T08:05:00","date_gmt":"2024-12-02T07:05:00","guid":{"rendered":"https:\/\/waldkindergarten-berglen.de\/?p=8847"},"modified":"2024-12-03T23:35:58","modified_gmt":"2024-12-03T22:35:58","slug":"weihnachtskrippen-und-adventsmarkt","status":"publish","type":"post","link":"https:\/\/waldkindergarten-berglen.de\/?p=8847","title":{"rendered":"Weihnachtskrippen und Adventsmarkt"},"content":{"rendered":"\n<p>P\u00fcnktlich zum bevorstehenden Advent haben die Kinder in der Vorschule die Weihnachtskrippen fertig gestellt. Das Jesuskind, Maria, Josef und die Tiere &#8211; alle Figuren wurden mit viel Ausdauer und Kreativit\u00e4t selbst getont und auf einer Holzscheibe zusammen mit Heu und Stroh platziert. Das sieht bezaubernd aus und hat richtig viel Freude gemacht. <\/p>\n\n\n\n<figure class=\"wp-block-gallery has-nested-images columns-default is-cropped wp-block-gallery-1 is-layout-flex wp-block-gallery-is-layout-flex\">\n<figure class=\"wp-block-image size-large\"><img loading=\"lazy\" decoding=\"async\" width=\"873\" height=\"655\" data-id=\"8849\" src=\"https:\/\/waldkindergarten-berglen.de\/wp-content\/uploads\/2024\/12\/Krippen-1.jpg\" alt=\"\" class=\"wp-image-8849\" srcset=\"https:\/\/waldkindergarten-berglen.de\/wp-content\/uploads\/2024\/12\/Krippen-1.jpg 873w, https:\/\/waldkindergarten-berglen.de\/wp-content\/uploads\/2024\/12\/Krippen-1-300x225.jpg 300w, https:\/\/waldkindergarten-berglen.de\/wp-content\/uploads\/2024\/12\/Krippen-1-768x576.jpg 768w, https:\/\/waldkindergarten-berglen.de\/wp-content\/uploads\/2024\/12\/Krippen-1-400x300.jpg 400w\" sizes=\"auto, (max-width: 873px) 100vw, 873px\" \/><\/figure>\n<\/figure>\n\n\n\n<p>Mittags standen die fertigen Krippen dann zur Abholung bereit. Stolz haben die Kinder ihre Eltern in die H\u00fctte auf dem St\u00fcckle gef\u00fchrt und gemeinsam ihre Krippe abgeholt. Hier kam auch gleich weihnachtliche Stimmung auf, denn die Erzieherinnen hatten die H\u00fctte abgedunkelt, Kerzen angez\u00fcndet und leise Musik abgespielt. Die Krippen schm\u00fccken nun die Wohnungen der &nbsp;Vorschulkinder und versch\u00f6nern ihnen und ihren Familien die Weihnachtszeit. Die Vorfreude und die Aufregung sind bei den Waldkindern auch schon deutlich sp\u00fcrbar. Wird es wieder t\u00e4glich Glitzerkinder geben? Und eine Weihnachtsgeschichte? \u00d6ffnet die Weihnachtswerkstatt wieder ihre T\u00fcren? Und kommt auch wieder der Nikolaus? Wir werden hier nat\u00fcrlich berichten und unsere Leser am Wald-Weihnachtszauber der Kinder teilhaben lassen.<\/p>\n\n\n\n<p>Im Morgenkreis haben die Waldkinder diese Woche den \u201eKarneval der Tiere\u201c von Camille Saint-Saens geh\u00f6rt und auf sich wirken lassen. Instinktiv bewegten sie sich zur Musik und obwohl sie nicht wussten um welches Tier es genau geht, haben sie jeweils passende Bewegungen gemacht. Stampfen wie ein Elefant, die H\u00e4nde wie Fl\u00fcgel flattern und so weiter. Anschlie\u00dfend wurde ein Spiel daraus: Erst bewegten sich alle zur Musik und sobald diese ausgestellt wurde, gab es eine kleine Bewegungsaufgabe. &nbsp;\u201eRenne drei mal um einen Baum\u201c oder \u201eflitze zur Kiefer\u201c zum Beispiel. Auch weitere Spiele standen im Morgenkreis auf dem Programm. Bewegungsspiele mit Mannschaften, ein kooperatives Spiel und so weiter. Konzentration, Zusammenhalt und Bewegung waren gefragt. Die Kinder hatten viel Spa\u00df dabei.<\/p>\n\n\n\n<p>Am Sonntag waren wir vom Waldkindergarten auf dem bezaubernden Adventsmarkt am Schafstall von Jochen Blessing mit einem Stand vertreten. Wir haben \u00fcber dem Feuer gebackene Waffeln und eine gro\u00dfe Auswahl an handgemachten Produkten angeboten. Herzlichen Dank an all unsere G\u00e4ste und alle, die tatkr\u00e4ftig angepackt und im Vorfeld geplant, gebastelt oder etwas beigesteuert haben.<\/p>\n\n\n\n<figure class=\"wp-block-gallery has-nested-images columns-default is-cropped wp-block-gallery-2 is-layout-flex wp-block-gallery-is-layout-flex\">\n<figure class=\"wp-block-image size-large\"><img loading=\"lazy\" decoding=\"async\" width=\"767\" height=\"1024\" data-id=\"8850\" src=\"https:\/\/waldkindergarten-berglen.de\/wp-content\/uploads\/2024\/12\/Markt-767x1024.jpg\" alt=\"\" class=\"wp-image-8850\" srcset=\"https:\/\/waldkindergarten-berglen.de\/wp-content\/uploads\/2024\/12\/Markt-767x1024.jpg 767w, https:\/\/waldkindergarten-berglen.de\/wp-content\/uploads\/2024\/12\/Markt-225x300.jpg 225w, https:\/\/waldkindergarten-berglen.de\/wp-content\/uploads\/2024\/12\/Markt-768x1025.jpg 768w, https:\/\/waldkindergarten-berglen.de\/wp-content\/uploads\/2024\/12\/Markt-1151x1536.jpg 1151w, https:\/\/waldkindergarten-berglen.de\/wp-content\/uploads\/2024\/12\/Markt-982x1310.jpg 982w, https:\/\/waldkindergarten-berglen.de\/wp-content\/uploads\/2024\/12\/Markt-300x400.jpg 300w, https:\/\/waldkindergarten-berglen.de\/wp-content\/uploads\/2024\/12\/Markt.jpg 1355w\" sizes=\"auto, (max-width: 767px) 100vw, 767px\" \/><\/figure>\n<\/figure>\n\n\n\n<p><strong>Wussten Sie schon?<\/strong><\/p>\n\n\n\n<p>In Deutschland gibt es 77 einheimische Baumarten. Die vier h\u00e4ufigsten sind die Fichten gefolgt von Kiefer, Buche und Eiche.<\/p>\n","protected":false},"excerpt":{"rendered":"<p>P\u00fcnktlich zum bevorstehenden Advent haben die Kinder in der Vorschule die Weihnachtskrippen fertig gestellt. Das Jesuskind, Maria, Josef und die Tiere &#8211; alle Figuren wurden mit viel Ausdauer und Kreativit\u00e4t selbst getont und auf einer Holzscheibe zusammen mit Heu und Stroh platziert. Das sieht bezaubernd aus und hat richtig viel Freude gemacht. Mittags standen die&hellip; <a href=\"https:\/\/waldkindergarten-berglen.de\/?p=8847\" class=\"more-link\">Weiterlesen <span class=\"screen-reader-text\">Weihnachtskrippen und Adventsmarkt<\/span><\/a><\/p>\n","protected":false},"author":10,"featured_media":0,"comment_status":"closed","ping_status":"closed","sticky":false,"template":"","format":"standard","meta":{"ngg_post_thumbnail":0,"_jetpack_memberships_contains_paid_content":false,"footnotes":""},"categories":[3],"tags":[],"class_list":["post-8847","post","type-post","status-publish","format-standard","hentry","category-berichte"],"jetpack_featured_media_url":"","jetpack_sharing_enabled":true,"_links":{"self":[{"href":"https:\/\/waldkindergarten-berglen.de\/index.php?rest_route=\/wp\/v2\/posts\/8847","targetHints":{"allow":["GET"]}}],"collection":[{"href":"https:\/\/waldkindergarten-berglen.de\/index.php?rest_route=\/wp\/v2\/posts"}],"about":[{"href":"https:\/\/waldkindergarten-berglen.de\/index.php?rest_route=\/wp\/v2\/types\/post"}],"author":[{"embeddable":true,"href":"https:\/\/waldkindergarten-berglen.de\/index.php?rest_route=\/wp\/v2\/users\/10"}],"replies":[{"embeddable":true,"href":"https:\/\/waldkindergarten-berglen.de\/index.php?rest_route=%2Fwp%2Fv2%2Fcomments&post=8847"}],"version-history":[{"count":1,"href":"https:\/\/waldkindergarten-berglen.de\/index.php?rest_route=\/wp\/v2\/posts\/8847\/revisions"}],"predecessor-version":[{"id":8852,"href":"https:\/\/waldkindergarten-berglen.de\/index.php?rest_route=\/wp\/v2\/posts\/8847\/revisions\/8852"}],"wp:attachment":[{"href":"https:\/\/waldkindergarten-berglen.de\/index.php?rest_route=%2Fwp%2Fv2%2Fmedia&parent=8847"}],"wp:term":[{"taxonomy":"category","embeddable":true,"href":"https:\/\/waldkindergarten-berglen.de\/index.php?rest_route=%2Fwp%2Fv2%2Fcategories&post=8847"},{"taxonomy":"post_tag","embeddable":true,"href":"https:\/\/waldkindergarten-berglen.de\/index.php?rest_route=%2Fwp%2Fv2%2Ftags&post=8847"}],"curies":[{"name":"wp","href":"https:\/\/api.w.org\/{rel}","templated":true}]}}