{"id":8856,"date":"2024-12-09T14:12:35","date_gmt":"2024-12-09T13:12:35","guid":{"rendered":"https:\/\/waldkindergarten-berglen.de\/?p=8856"},"modified":"2024-12-09T14:12:37","modified_gmt":"2024-12-09T13:12:37","slug":"adventsrituale","status":"publish","type":"post","link":"https:\/\/waldkindergarten-berglen.de\/?p=8856","title":{"rendered":"Adventsrituale"},"content":{"rendered":"\n<p>Die magische Zeit der leuchtenden Kinderaugen hat wieder begonnen. Mit dem Beginn der Adventszeit kommen nun auch wieder die sch\u00f6nen Adventsrituale in den Waldkindergarten. Die \u00e4lteren Kinder erinnerten und freuten sich bereits darauf, die j\u00fcngeren d\u00fcrfen sie staunend zum ersten Mal erleben.<\/p>\n\n\n\n<p>Allerdings d\u00fcrfen sie den (ebenfalls neugierigen) Eltern nichts von den Heimlichkeiten erz\u00e4hlen, an denen in der Weihnachtswerkstatt gearbeitet wird. In der geschm\u00fcckten Sturmh\u00f6hle in heimeliger Atmosph\u00e4re stellen sie weihnachtliche \u00dcberraschungen her.<\/p>\n\n\n\n<p>Nat\u00fcrlich haben sie auch die erste Kerze am Adventskranz angez\u00fcndet und die Advents- und Weihnachtslieder gesungen.<\/p>\n\n\n\n<figure class=\"wp-block-image size-large\"><img loading=\"lazy\" decoding=\"async\" width=\"768\" height=\"1024\" src=\"https:\/\/waldkindergarten-berglen.de\/wp-content\/uploads\/2024\/12\/Die-erste-Kerze-brennt-768x1024.jpg\" alt=\"\" class=\"wp-image-8857\" srcset=\"https:\/\/waldkindergarten-berglen.de\/wp-content\/uploads\/2024\/12\/Die-erste-Kerze-brennt-768x1024.jpg 768w, https:\/\/waldkindergarten-berglen.de\/wp-content\/uploads\/2024\/12\/Die-erste-Kerze-brennt-225x300.jpg 225w, https:\/\/waldkindergarten-berglen.de\/wp-content\/uploads\/2024\/12\/Die-erste-Kerze-brennt-1152x1536.jpg 1152w, https:\/\/waldkindergarten-berglen.de\/wp-content\/uploads\/2024\/12\/Die-erste-Kerze-brennt-982x1309.jpg 982w, https:\/\/waldkindergarten-berglen.de\/wp-content\/uploads\/2024\/12\/Die-erste-Kerze-brennt-300x400.jpg 300w, https:\/\/waldkindergarten-berglen.de\/wp-content\/uploads\/2024\/12\/Die-erste-Kerze-brennt.jpg 1536w\" sizes=\"auto, (max-width: 768px) 100vw, 768px\" \/><\/figure>\n\n\n\n<p>In der ersten Adventswoche k\u00fcndigte auch altbekannter Besuch an: Der Nikolaus! Zuvor mussten aber erst die Stiefel blitzeblank geputzt werden \u2013 an dreckigen Stiefeln mangelte es aufgrund der Witterung der letzten Zeit jedenfalls nicht. An einem wundersch\u00f6nen, aber frostigen Morgen glitzerte der Reif im Sonnenlicht nur so auf den Wiesen und diente als Vorlage, die vermatschten Stiefel genauso sauber und blitzend zu bekommen.<\/p>\n\n\n\n<figure class=\"wp-block-image size-large\"><img loading=\"lazy\" decoding=\"async\" width=\"1024\" height=\"768\" src=\"https:\/\/waldkindergarten-berglen.de\/wp-content\/uploads\/2024\/12\/Stiefel-blitzeblank-putzen-1024x768.jpg\" alt=\"\" class=\"wp-image-8858\" srcset=\"https:\/\/waldkindergarten-berglen.de\/wp-content\/uploads\/2024\/12\/Stiefel-blitzeblank-putzen-1024x768.jpg 1024w, https:\/\/waldkindergarten-berglen.de\/wp-content\/uploads\/2024\/12\/Stiefel-blitzeblank-putzen-300x225.jpg 300w, https:\/\/waldkindergarten-berglen.de\/wp-content\/uploads\/2024\/12\/Stiefel-blitzeblank-putzen-768x576.jpg 768w, https:\/\/waldkindergarten-berglen.de\/wp-content\/uploads\/2024\/12\/Stiefel-blitzeblank-putzen-1536x1152.jpg 1536w, https:\/\/waldkindergarten-berglen.de\/wp-content\/uploads\/2024\/12\/Stiefel-blitzeblank-putzen-982x737.jpg 982w, https:\/\/waldkindergarten-berglen.de\/wp-content\/uploads\/2024\/12\/Stiefel-blitzeblank-putzen-400x300.jpg 400w, https:\/\/waldkindergarten-berglen.de\/wp-content\/uploads\/2024\/12\/Stiefel-blitzeblank-putzen.jpg 1600w\" sizes=\"auto, (max-width: 1024px) 100vw, 1024px\" \/><\/figure>\n\n\n\n<p>Am Freitag war die Aufregung am Morgen gro\u00df, sicher w\u00fcrde heute der Nikolaus in Erscheinung treten, so die freudige Hoffnung aller Kinder. Allerdings war es sehr st\u00fcrmisch und sie konnten nicht in den Wald zu den Weihnachtspl\u00e4tzen. Stattdessen suchten sie auf den umliegenden Wiesen, ob sich der Nikolaus hier irgendwo herumtrieb. Schlie\u00dflich fanden sie ihn auf dem St\u00fcckle des Waldkindergartens, wo er sich im Weidentipi in einem Schaukelstuhl ausruhte. Er war ganz m\u00fcde und geschafft, weil er ja die ganze Nacht viel zu tun gehabt hatte mit den vielen Geschenken, so war er froh, sich hier etwas zu entspannen.<\/p>\n\n\n\n<figure class=\"wp-block-image size-large\"><img loading=\"lazy\" decoding=\"async\" width=\"1024\" height=\"768\" src=\"https:\/\/waldkindergarten-berglen.de\/wp-content\/uploads\/2024\/12\/Der-Nikolaus-spricht-mit-den-Kindern-1024x768.jpg\" alt=\"\" class=\"wp-image-8859\" srcset=\"https:\/\/waldkindergarten-berglen.de\/wp-content\/uploads\/2024\/12\/Der-Nikolaus-spricht-mit-den-Kindern-1024x768.jpg 1024w, https:\/\/waldkindergarten-berglen.de\/wp-content\/uploads\/2024\/12\/Der-Nikolaus-spricht-mit-den-Kindern-300x225.jpg 300w, https:\/\/waldkindergarten-berglen.de\/wp-content\/uploads\/2024\/12\/Der-Nikolaus-spricht-mit-den-Kindern-768x576.jpg 768w, https:\/\/waldkindergarten-berglen.de\/wp-content\/uploads\/2024\/12\/Der-Nikolaus-spricht-mit-den-Kindern-1536x1152.jpg 1536w, https:\/\/waldkindergarten-berglen.de\/wp-content\/uploads\/2024\/12\/Der-Nikolaus-spricht-mit-den-Kindern-982x737.jpg 982w, https:\/\/waldkindergarten-berglen.de\/wp-content\/uploads\/2024\/12\/Der-Nikolaus-spricht-mit-den-Kindern-400x300.jpg 400w, https:\/\/waldkindergarten-berglen.de\/wp-content\/uploads\/2024\/12\/Der-Nikolaus-spricht-mit-den-Kindern.jpg 2048w\" sizes=\"auto, (max-width: 1024px) 100vw, 1024px\" \/><\/figure>\n\n\n\n<p>Die Kinder sangen ihm die einge\u00fcbten Liedern vor und der Nikolaus lobte sie alle, dass sie sich so toll um ihren Wald und die Tiere k\u00fcmmern, zum Beispiel auch gefundenen M\u00fcll einsammeln und einfach wissen, wie man sich in Wald und Natur angemessen verh\u00e4lt. Unterdessen schauten die Kinder schon neugierig auf die zwei gro\u00dfen S\u00e4cke, die der Nikolaus dabei hatte. Hier hatte er die mit Leckereien gef\u00fcllten sauberen Stiefel der Kinder drin, die er dann an alle austeilte.<\/p>\n\n\n\n<p><strong>Wussten Sie schon?<\/strong><\/p>\n\n\n\n<p><em>Im Winter bereitet sich der scheinbare ruhende Wald bereits auf die n\u00e4chste Vegetationsphase vor. Die Baumwurzeln speichern Wasser und sammeln n\u00f6tige N\u00e4hrstoffe, damit dann mit beginnenden fr\u00fchlingshaften Sonnenstrahlen die ersten Triebe genug Energie haben, auszutreiben.<\/em><\/p>\n","protected":false},"excerpt":{"rendered":"<p>Die magische Zeit der leuchtenden Kinderaugen hat wieder begonnen. Mit dem Beginn der Adventszeit kommen nun auch wieder die sch\u00f6nen Adventsrituale in den Waldkindergarten. Die \u00e4lteren Kinder erinnerten und freuten sich bereits darauf, die j\u00fcngeren d\u00fcrfen sie staunend zum ersten Mal erleben. Allerdings d\u00fcrfen sie den (ebenfalls neugierigen) Eltern nichts von den Heimlichkeiten erz\u00e4hlen, an&hellip; <a href=\"https:\/\/waldkindergarten-berglen.de\/?p=8856\" class=\"more-link\">Weiterlesen <span class=\"screen-reader-text\">Adventsrituale<\/span><\/a><\/p>\n","protected":false},"author":11,"featured_media":0,"comment_status":"closed","ping_status":"closed","sticky":false,"template":"","format":"standard","meta":{"ngg_post_thumbnail":0,"_jetpack_memberships_contains_paid_content":false,"footnotes":""},"categories":[3],"tags":[],"class_list":["post-8856","post","type-post","status-publish","format-standard","hentry","category-berichte"],"jetpack_featured_media_url":"","jetpack_sharing_enabled":true,"_links":{"self":[{"href":"https:\/\/waldkindergarten-berglen.de\/index.php?rest_route=\/wp\/v2\/posts\/8856","targetHints":{"allow":["GET"]}}],"collection":[{"href":"https:\/\/waldkindergarten-berglen.de\/index.php?rest_route=\/wp\/v2\/posts"}],"about":[{"href":"https:\/\/waldkindergarten-berglen.de\/index.php?rest_route=\/wp\/v2\/types\/post"}],"author":[{"embeddable":true,"href":"https:\/\/waldkindergarten-berglen.de\/index.php?rest_route=\/wp\/v2\/users\/11"}],"replies":[{"embeddable":true,"href":"https:\/\/waldkindergarten-berglen.de\/index.php?rest_route=%2Fwp%2Fv2%2Fcomments&post=8856"}],"version-history":[{"count":1,"href":"https:\/\/waldkindergarten-berglen.de\/index.php?rest_route=\/wp\/v2\/posts\/8856\/revisions"}],"predecessor-version":[{"id":8860,"href":"https:\/\/waldkindergarten-berglen.de\/index.php?rest_route=\/wp\/v2\/posts\/8856\/revisions\/8860"}],"wp:attachment":[{"href":"https:\/\/waldkindergarten-berglen.de\/index.php?rest_route=%2Fwp%2Fv2%2Fmedia&parent=8856"}],"wp:term":[{"taxonomy":"category","embeddable":true,"href":"https:\/\/waldkindergarten-berglen.de\/index.php?rest_route=%2Fwp%2Fv2%2Fcategories&post=8856"},{"taxonomy":"post_tag","embeddable":true,"href":"https:\/\/waldkindergarten-berglen.de\/index.php?rest_route=%2Fwp%2Fv2%2Ftags&post=8856"}],"curies":[{"name":"wp","href":"https:\/\/api.w.org\/{rel}","templated":true}]}}