{"id":8895,"date":"2025-01-20T08:05:00","date_gmt":"2025-01-20T07:05:00","guid":{"rendered":"https:\/\/waldkindergarten-berglen.de\/?p=8895"},"modified":"2025-01-19T20:54:39","modified_gmt":"2025-01-19T19:54:39","slug":"dankesbrief-fuers-muellaufsammeln","status":"publish","type":"post","link":"https:\/\/waldkindergarten-berglen.de\/?p=8895","title":{"rendered":"Dankesbrief f\u00fcrs M\u00fcllaufsammeln"},"content":{"rendered":"\n<p>So wie die Woche zuvor endete, ging es nun gleich weiter mit der n\u00e4chsten Geburtstagsfeier, schlie\u00dflich mussten auch noch die Feiern f\u00fcr Kinder, die w\u00e4hrend der Weihnachtsferien Geburtstag hatten, nachgeholt werden. Das Wetter war Anfang der Woche auch noch sch\u00f6n, wenn auch kalt, sodass sich alle zu den H\u00f6\u00dflinswarter Wiesen aufmachten, wo man zu dieser Jahreszeit besonders angenehm in der Sonne spielen kann.<\/p>\n\n\n\n<p>Am Mittwoch jedoch sorgte der gefrierende Eisregen auch im Waldkindergarten daf\u00fcr, dass sich so manche lieber an den Rat hielten, das Haus sicherheitshalber nicht zu verlassen und so zog an diesem Tag nur eine kleine Gruppe in den Wald.<\/p>\n\n\n\n<figure class=\"wp-block-image size-large\"><img loading=\"lazy\" decoding=\"async\" width=\"768\" height=\"1024\" src=\"https:\/\/waldkindergarten-berglen.de\/wp-content\/uploads\/2025\/01\/Das-Haeuschen-von-Paula-und-Pelle-768x1024.jpg\" alt=\"\" class=\"wp-image-8896\" srcset=\"https:\/\/waldkindergarten-berglen.de\/wp-content\/uploads\/2025\/01\/Das-Haeuschen-von-Paula-und-Pelle-768x1024.jpg 768w, https:\/\/waldkindergarten-berglen.de\/wp-content\/uploads\/2025\/01\/Das-Haeuschen-von-Paula-und-Pelle-225x300.jpg 225w, https:\/\/waldkindergarten-berglen.de\/wp-content\/uploads\/2025\/01\/Das-Haeuschen-von-Paula-und-Pelle-1152x1536.jpg 1152w, https:\/\/waldkindergarten-berglen.de\/wp-content\/uploads\/2025\/01\/Das-Haeuschen-von-Paula-und-Pelle-982x1309.jpg 982w, https:\/\/waldkindergarten-berglen.de\/wp-content\/uploads\/2025\/01\/Das-Haeuschen-von-Paula-und-Pelle-300x400.jpg 300w, https:\/\/waldkindergarten-berglen.de\/wp-content\/uploads\/2025\/01\/Das-Haeuschen-von-Paula-und-Pelle.jpg 1200w\" sizes=\"auto, (max-width: 768px) 100vw, 768px\" \/><\/figure>\n\n\n\n<p>Ende der Woche hielten die Kinder im Morgenkreis einen Brief in der Hand \u2013 wer hatte ihnen geschrieben? Es waren Paula und Pelle, zwei Figuren, die im Wald leben und sich hin und wieder bei den Kindern melden. Sie bedankten sich, dass die Kinder den ganzen Silvesterm\u00fcll am Spielplatz aufgesammelt hatten und berichteten, wie es ihnen in der besagten Silvesternacht ergangen war. Zuerst waren sie erschrocken, weil es so laut geknallt hatte, und als sie die bunten Farben der Raketen am Himmel erblickten, erinnerten sie sich, dass es ja die eine Nacht im Jahr gibt, in der das \u00fcblich ist. Sie schauten dann nach den Tieren, die sich erschrocken hatten und Angst bekommen hatten und beruhigten sie etwas. Sie berichteten weiter, dass sie am n\u00e4chsten Morgen die gro\u00dfen Mengen M\u00fcll entdeckt hatten und dass sie es niemals geschafft h\u00e4tten, das alles alleine wegzur\u00e4umen. Als Dank luden sie die Kinder zu sich nach Hause ein.<\/p>\n\n\n\n<figure class=\"wp-block-image size-large\"><img loading=\"lazy\" decoding=\"async\" width=\"768\" height=\"1024\" src=\"https:\/\/waldkindergarten-berglen.de\/wp-content\/uploads\/2025\/01\/Psst-Paula-und-Pelle-schlafen-768x1024.jpg\" alt=\"\" class=\"wp-image-8897\" srcset=\"https:\/\/waldkindergarten-berglen.de\/wp-content\/uploads\/2025\/01\/Psst-Paula-und-Pelle-schlafen-768x1024.jpg 768w, https:\/\/waldkindergarten-berglen.de\/wp-content\/uploads\/2025\/01\/Psst-Paula-und-Pelle-schlafen-225x300.jpg 225w, https:\/\/waldkindergarten-berglen.de\/wp-content\/uploads\/2025\/01\/Psst-Paula-und-Pelle-schlafen-1152x1536.jpg 1152w, https:\/\/waldkindergarten-berglen.de\/wp-content\/uploads\/2025\/01\/Psst-Paula-und-Pelle-schlafen-982x1309.jpg 982w, https:\/\/waldkindergarten-berglen.de\/wp-content\/uploads\/2025\/01\/Psst-Paula-und-Pelle-schlafen-300x400.jpg 300w, https:\/\/waldkindergarten-berglen.de\/wp-content\/uploads\/2025\/01\/Psst-Paula-und-Pelle-schlafen.jpg 1200w\" sizes=\"auto, (max-width: 768px) 100vw, 768px\" \/><\/figure>\n\n\n\n<p>Also machten sich die Kinder auf in den Wald zu dem H\u00e4uschen von Paula und Pelle. Sie klopften an und schauten sich um, aber keiner war da. Auf dem weiteren Weg in den Wald entdeckten sie die beiden dann doch, auf einem moosbewachsenen Baumstumpf schlafend, das Gesichter gen Himmel gerichtet. Psst, leise, so gingen die Kinder weiter und probierten den restlichen Tag an moosigen Stellen ebenfalls aus, wie man so gem\u00fctlich im Wald liegen kann.<\/p>\n\n\n\n<p><strong>Wussten Sie schon?<\/strong><\/p>\n\n\n\n<p><em>Weltweit gibt es etwa 16.000 Moosarten, bei uns kommt am h\u00e4ufigsten das Zypressenschlafmoos vor. Moose bevorzugen eine feuchte Umgebung, sind aber ansonsten anspruchslos und besiedeln daher karge Orte wie Felsen, Baumrinden oder Hausd\u00e4cher.<\/em><\/p>\n","protected":false},"excerpt":{"rendered":"<p>So wie die Woche zuvor endete, ging es nun gleich weiter mit der n\u00e4chsten Geburtstagsfeier, schlie\u00dflich mussten auch noch die Feiern f\u00fcr Kinder, die w\u00e4hrend der Weihnachtsferien Geburtstag hatten, nachgeholt werden. Das Wetter war Anfang der Woche auch noch sch\u00f6n, wenn auch kalt, sodass sich alle zu den H\u00f6\u00dflinswarter Wiesen aufmachten, wo man zu dieser&hellip; <a href=\"https:\/\/waldkindergarten-berglen.de\/?p=8895\" class=\"more-link\">Weiterlesen <span class=\"screen-reader-text\">Dankesbrief f\u00fcrs M\u00fcllaufsammeln<\/span><\/a><\/p>\n","protected":false},"author":11,"featured_media":0,"comment_status":"closed","ping_status":"closed","sticky":false,"template":"","format":"standard","meta":{"ngg_post_thumbnail":0,"_jetpack_memberships_contains_paid_content":false,"footnotes":""},"categories":[3],"tags":[],"class_list":["post-8895","post","type-post","status-publish","format-standard","hentry","category-berichte"],"jetpack_featured_media_url":"","jetpack_sharing_enabled":true,"_links":{"self":[{"href":"https:\/\/waldkindergarten-berglen.de\/index.php?rest_route=\/wp\/v2\/posts\/8895","targetHints":{"allow":["GET"]}}],"collection":[{"href":"https:\/\/waldkindergarten-berglen.de\/index.php?rest_route=\/wp\/v2\/posts"}],"about":[{"href":"https:\/\/waldkindergarten-berglen.de\/index.php?rest_route=\/wp\/v2\/types\/post"}],"author":[{"embeddable":true,"href":"https:\/\/waldkindergarten-berglen.de\/index.php?rest_route=\/wp\/v2\/users\/11"}],"replies":[{"embeddable":true,"href":"https:\/\/waldkindergarten-berglen.de\/index.php?rest_route=%2Fwp%2Fv2%2Fcomments&post=8895"}],"version-history":[{"count":1,"href":"https:\/\/waldkindergarten-berglen.de\/index.php?rest_route=\/wp\/v2\/posts\/8895\/revisions"}],"predecessor-version":[{"id":8898,"href":"https:\/\/waldkindergarten-berglen.de\/index.php?rest_route=\/wp\/v2\/posts\/8895\/revisions\/8898"}],"wp:attachment":[{"href":"https:\/\/waldkindergarten-berglen.de\/index.php?rest_route=%2Fwp%2Fv2%2Fmedia&parent=8895"}],"wp:term":[{"taxonomy":"category","embeddable":true,"href":"https:\/\/waldkindergarten-berglen.de\/index.php?rest_route=%2Fwp%2Fv2%2Fcategories&post=8895"},{"taxonomy":"post_tag","embeddable":true,"href":"https:\/\/waldkindergarten-berglen.de\/index.php?rest_route=%2Fwp%2Fv2%2Ftags&post=8895"}],"curies":[{"name":"wp","href":"https:\/\/api.w.org\/{rel}","templated":true}]}}