{"id":8911,"date":"2025-02-10T08:05:00","date_gmt":"2025-02-10T07:05:00","guid":{"rendered":"https:\/\/waldkindergarten-berglen.de\/?p=8911"},"modified":"2025-02-08T12:52:39","modified_gmt":"2025-02-08T11:52:39","slug":"eine-winterwoche-im-waldkindergarten","status":"publish","type":"post","link":"https:\/\/waldkindergarten-berglen.de\/?p=8911","title":{"rendered":"Eine Winterwoche im Waldkindergarten"},"content":{"rendered":"\n<p>Bei sch\u00f6nem und winterlich kaltem Wetter haben die Kinder die Zeit im Wald und in der Natur genossen. Mit mehreren Schichten warmer Kleidung, dicken M\u00fctzen und Handschuhen ausgestattet, sind sie morgens in den Wald gestartet. Seit Kurzem ist noch ein weiteres \u201eM\u00e4uschen\u201c dabei, das nun drei Jahre alt geworden ist und mit dem gro\u00dfen Bruder gemeinsam in den Kindergarten gehen darf. Herzlich willkommen!<\/p>\n\n\n\n<figure class=\"wp-block-gallery has-nested-images columns-default is-cropped wp-block-gallery-1 is-layout-flex wp-block-gallery-is-layout-flex\">\n<figure class=\"wp-block-image size-large\"><img loading=\"lazy\" decoding=\"async\" width=\"767\" height=\"1024\" data-id=\"8912\" src=\"https:\/\/waldkindergarten-berglen.de\/wp-content\/uploads\/2025\/02\/Spielen-767x1024.jpg\" alt=\"\" class=\"wp-image-8912\" srcset=\"https:\/\/waldkindergarten-berglen.de\/wp-content\/uploads\/2025\/02\/Spielen-767x1024.jpg 767w, https:\/\/waldkindergarten-berglen.de\/wp-content\/uploads\/2025\/02\/Spielen-225x300.jpg 225w, https:\/\/waldkindergarten-berglen.de\/wp-content\/uploads\/2025\/02\/Spielen-768x1025.jpg 768w, https:\/\/waldkindergarten-berglen.de\/wp-content\/uploads\/2025\/02\/Spielen-300x400.jpg 300w, https:\/\/waldkindergarten-berglen.de\/wp-content\/uploads\/2025\/02\/Spielen.jpg 831w\" sizes=\"auto, (max-width: 767px) 100vw, 767px\" \/><\/figure>\n<\/figure>\n\n\n\n<p>F\u00fcr die Waldkinder dreht sich momentan alles um das Thema M\u00e4rchen. Diese Woche ging es um Rumpelstilzchen. Hierzu war im Morgenkreis eine anschauliche M\u00e4rchenlandschaft aus Filzfiguren, Stroh und einem kleinen Feuer vorbereitet. Gespannt haben die Kinder dem M\u00e4rchen gelauscht. Anschlie\u00dfend gab es noch ein R\u00e4tsel zu allen M\u00e4rchen, die sie im Kindergarten bereits geh\u00f6rt haben. F\u00fcr die Kinder stand n\u00e4mlich noch eine Entscheidung an: Welche M\u00e4rchenfigur m\u00f6chte ich bei der Kindergarten-Faschingsfeier sein? Frau Holle? Goldmarie? Schneewittchen? Ein Zwerg? Oder lieber Rumpelstilzchen? Nach reiflicher \u00dcberlegung haben die Kinder einen Stein mit ihrem Namen in das K\u00f6rbchen der gew\u00e4hlten M\u00e4rchenfigur gelegt. Nun k\u00f6nnen die Vorbereitungen f\u00fcr Fasching beginnen und die Kost\u00fcme gemeinsam mit den Erzieherinnen gebastelt, gen\u00e4ht und gestaltet werden.<\/p>\n\n\n\n<p>Zwischendurch d\u00fcrfen Bewegungsspiele nicht fehlen. Denn trotz mehrerer Schichten warmer Kleidung w\u00fcrden bei l\u00e4ngerem Sitzen alle zu frieren beginnen. Also wurde zum Beispiel \u201efaules Ei\u201c gespielt, das passend zum Thema kurzerhand in \u201evergifteter Apfel\u201c umgewandelt wurde. Bei einem anderen Spiel wurde ein langes Tau gedreht und geschwungen w\u00e4hrend die Kinder versucht haben unten durch zu flitzen oder dar\u00fcber zu springen ohne es zu ber\u00fchren.<\/p>\n\n\n\n<p>Am Freitag haben sich die Kinder noch etwas anderes vorgenommen: Die Matschk\u00fcche auf dem St\u00fcckle hatte dringend eine Reinigung n\u00f6tig. Und was macht mehr Spa\u00df, als bei milderen Temperaturen mit Wasser, Lappen und Sch\u00fcsseln zu hantieren? Die K\u00fcche ist nun wieder blitzeblank sauber und die Kinder sind m\u00e4chtig stolz.<\/p>\n\n\n\n<figure class=\"wp-block-gallery has-nested-images columns-default is-cropped wp-block-gallery-2 is-layout-flex wp-block-gallery-is-layout-flex\">\n<figure class=\"wp-block-image size-large\"><img loading=\"lazy\" decoding=\"async\" width=\"1024\" height=\"840\" data-id=\"8913\" src=\"https:\/\/waldkindergarten-berglen.de\/wp-content\/uploads\/2025\/02\/Putzen-1024x840.jpg\" alt=\"\" class=\"wp-image-8913\" srcset=\"https:\/\/waldkindergarten-berglen.de\/wp-content\/uploads\/2025\/02\/Putzen-1024x840.jpg 1024w, https:\/\/waldkindergarten-berglen.de\/wp-content\/uploads\/2025\/02\/Putzen-300x246.jpg 300w, https:\/\/waldkindergarten-berglen.de\/wp-content\/uploads\/2025\/02\/Putzen-768x630.jpg 768w, https:\/\/waldkindergarten-berglen.de\/wp-content\/uploads\/2025\/02\/Putzen-1536x1260.jpg 1536w, https:\/\/waldkindergarten-berglen.de\/wp-content\/uploads\/2025\/02\/Putzen-982x806.jpg 982w, https:\/\/waldkindergarten-berglen.de\/wp-content\/uploads\/2025\/02\/Putzen-400x328.jpg 400w, https:\/\/waldkindergarten-berglen.de\/wp-content\/uploads\/2025\/02\/Putzen.jpg 2048w\" sizes=\"auto, (max-width: 1024px) 100vw, 1024px\" \/><\/figure>\n<\/figure>\n\n\n\n<p><strong>Wussten Sie schon?<\/strong><\/p>\n\n\n\n<p>Der \u00e4lteste Baum Deutschlands steht in Hessen. Das Alter der Sommerlinde wird auf \u00fcber 1.200 Jahre gesch\u00e4tzt.<\/p>\n","protected":false},"excerpt":{"rendered":"<p>Bei sch\u00f6nem und winterlich kaltem Wetter haben die Kinder die Zeit im Wald und in der Natur genossen. Mit mehreren Schichten warmer Kleidung, dicken M\u00fctzen und Handschuhen ausgestattet, sind sie morgens in den Wald gestartet. Seit Kurzem ist noch ein weiteres \u201eM\u00e4uschen\u201c dabei, das nun drei Jahre alt geworden ist und mit dem gro\u00dfen Bruder&hellip; <a href=\"https:\/\/waldkindergarten-berglen.de\/?p=8911\" class=\"more-link\">Weiterlesen <span class=\"screen-reader-text\">Eine Winterwoche im Waldkindergarten<\/span><\/a><\/p>\n","protected":false},"author":10,"featured_media":0,"comment_status":"closed","ping_status":"closed","sticky":false,"template":"","format":"standard","meta":{"ngg_post_thumbnail":0,"_jetpack_memberships_contains_paid_content":false,"footnotes":""},"categories":[3],"tags":[],"class_list":["post-8911","post","type-post","status-publish","format-standard","hentry","category-berichte"],"jetpack_featured_media_url":"","jetpack_sharing_enabled":true,"_links":{"self":[{"href":"https:\/\/waldkindergarten-berglen.de\/index.php?rest_route=\/wp\/v2\/posts\/8911","targetHints":{"allow":["GET"]}}],"collection":[{"href":"https:\/\/waldkindergarten-berglen.de\/index.php?rest_route=\/wp\/v2\/posts"}],"about":[{"href":"https:\/\/waldkindergarten-berglen.de\/index.php?rest_route=\/wp\/v2\/types\/post"}],"author":[{"embeddable":true,"href":"https:\/\/waldkindergarten-berglen.de\/index.php?rest_route=\/wp\/v2\/users\/10"}],"replies":[{"embeddable":true,"href":"https:\/\/waldkindergarten-berglen.de\/index.php?rest_route=%2Fwp%2Fv2%2Fcomments&post=8911"}],"version-history":[{"count":1,"href":"https:\/\/waldkindergarten-berglen.de\/index.php?rest_route=\/wp\/v2\/posts\/8911\/revisions"}],"predecessor-version":[{"id":8914,"href":"https:\/\/waldkindergarten-berglen.de\/index.php?rest_route=\/wp\/v2\/posts\/8911\/revisions\/8914"}],"wp:attachment":[{"href":"https:\/\/waldkindergarten-berglen.de\/index.php?rest_route=%2Fwp%2Fv2%2Fmedia&parent=8911"}],"wp:term":[{"taxonomy":"category","embeddable":true,"href":"https:\/\/waldkindergarten-berglen.de\/index.php?rest_route=%2Fwp%2Fv2%2Fcategories&post=8911"},{"taxonomy":"post_tag","embeddable":true,"href":"https:\/\/waldkindergarten-berglen.de\/index.php?rest_route=%2Fwp%2Fv2%2Ftags&post=8911"}],"curies":[{"name":"wp","href":"https:\/\/api.w.org\/{rel}","templated":true}]}}