{"id":8916,"date":"2025-02-17T08:05:00","date_gmt":"2025-02-17T07:05:00","guid":{"rendered":"https:\/\/waldkindergarten-berglen.de\/?p=8916"},"modified":"2025-02-15T17:42:12","modified_gmt":"2025-02-15T16:42:12","slug":"hurra-es-schneit","status":"publish","type":"post","link":"https:\/\/waldkindergarten-berglen.de\/?p=8916","title":{"rendered":"Hurra, es schneit!"},"content":{"rendered":"\n<p>Die Freude war riesig, als am Donnerstag aus dicken Regentropfen gro\u00dfe Schneeflocken wurden und es gar nicht mehr aufh\u00f6ren wollte zu schneien. Begeistert sind die Kinder durch den unerwarteten Schnee getobt und haben gro\u00dfe Kugeln daraus gerollt. Das hat mit dem nassen Schnee hervorragend geklappt. Doch die Kugeln sind auch sehr schwer geworden und schon bald konnten die Kinder sie nicht mehr bewegen. Da war Team-Arbeit gefragt. Mit vereinten Kr\u00e4ften wurden die schweren Schneekugeln schlie\u00dflich zu einem Iglu verbaut.<\/p>\n\n\n\n<p>Am n\u00e4chsten Tag zogen fr\u00f6hliche Kinder mit Schlitten und Bobs gleich nach dem Morgenkreis zu einem nahe gelegenen Hang. Den ganzen Vormittag haben sie dort verbracht und sind Schlitten gefahren, haben Schneem\u00e4nner gebaut und die wei\u00dfe Pracht genossen. Das hat riesigen Spa\u00df gemacht und waren zwei tolle Schnee-Tage im Waldkindergarten.<\/p>\n\n\n\n<figure class=\"wp-block-gallery has-nested-images columns-default is-cropped wp-block-gallery-1 is-layout-flex wp-block-gallery-is-layout-flex\">\n<figure class=\"wp-block-image size-large\"><img loading=\"lazy\" decoding=\"async\" width=\"1024\" height=\"768\" data-id=\"8917\" src=\"https:\/\/waldkindergarten-berglen.de\/wp-content\/uploads\/2025\/02\/Schnee-1024x768.jpg\" alt=\"\" class=\"wp-image-8917\" srcset=\"https:\/\/waldkindergarten-berglen.de\/wp-content\/uploads\/2025\/02\/Schnee-1024x768.jpg 1024w, https:\/\/waldkindergarten-berglen.de\/wp-content\/uploads\/2025\/02\/Schnee-300x225.jpg 300w, https:\/\/waldkindergarten-berglen.de\/wp-content\/uploads\/2025\/02\/Schnee-768x576.jpg 768w, https:\/\/waldkindergarten-berglen.de\/wp-content\/uploads\/2025\/02\/Schnee-1536x1152.jpg 1536w, https:\/\/waldkindergarten-berglen.de\/wp-content\/uploads\/2025\/02\/Schnee-982x737.jpg 982w, https:\/\/waldkindergarten-berglen.de\/wp-content\/uploads\/2025\/02\/Schnee-400x300.jpg 400w, https:\/\/waldkindergarten-berglen.de\/wp-content\/uploads\/2025\/02\/Schnee.jpg 1600w\" sizes=\"auto, (max-width: 1024px) 100vw, 1024px\" \/><\/figure>\n<\/figure>\n\n\n\n<p>Auch an den Tagen ohne Schnee hatten die Kinder viel Spa\u00df und kreative Spielideen. Diese Woche haben sie beispielsweise eine sch\u00f6ne Wurzel gefunden und wollten etwas daraus bauen. Nach kurzem \u00dcberlegen wurde aus der Wurzel und einem gro\u00dfen Ast eine Wippe, die nat\u00fcrlich ausprobiert und ausdauernd bespielt wurde. Damit der Ast nicht verrutscht, haben sie ihn noch mit einem Seil befestigt. Super!<\/p>\n\n\n\n<figure class=\"wp-block-gallery has-nested-images columns-default is-cropped wp-block-gallery-2 is-layout-flex wp-block-gallery-is-layout-flex\">\n<figure class=\"wp-block-image size-large\"><img loading=\"lazy\" decoding=\"async\" width=\"1024\" height=\"768\" data-id=\"8918\" src=\"https:\/\/waldkindergarten-berglen.de\/wp-content\/uploads\/2025\/02\/Wippe-1024x768.jpg\" alt=\"\" class=\"wp-image-8918\" srcset=\"https:\/\/waldkindergarten-berglen.de\/wp-content\/uploads\/2025\/02\/Wippe-1024x768.jpg 1024w, https:\/\/waldkindergarten-berglen.de\/wp-content\/uploads\/2025\/02\/Wippe-300x225.jpg 300w, https:\/\/waldkindergarten-berglen.de\/wp-content\/uploads\/2025\/02\/Wippe-768x576.jpg 768w, https:\/\/waldkindergarten-berglen.de\/wp-content\/uploads\/2025\/02\/Wippe-1536x1152.jpg 1536w, https:\/\/waldkindergarten-berglen.de\/wp-content\/uploads\/2025\/02\/Wippe-982x737.jpg 982w, https:\/\/waldkindergarten-berglen.de\/wp-content\/uploads\/2025\/02\/Wippe-400x300.jpg 400w, https:\/\/waldkindergarten-berglen.de\/wp-content\/uploads\/2025\/02\/Wippe.jpg 1600w\" sizes=\"auto, (max-width: 1024px) 100vw, 1024px\" \/><\/figure>\n<\/figure>\n\n\n\n<p>Die \u201eF\u00fcchse\u201c durften in der Vorschule ein leckeres Essen f\u00fcr die ganze Gruppe zubereiten. \u00a0Die Kinder waren eifrig bei der Sachen und haben Kartoffeln und Gem\u00fcse gesch\u00e4lt, geschnitten und eine Sahneso\u00dfe anger\u00fchrt. Im Lehmofen wurde der Auflauf schlie\u00dflich gebacken. Schnell noch den Tisch gedeckt und den Rest der Gruppe zum gemeinsamen Essen gerufen. Vielen Dank liebe Vorsch\u00fcler.<\/p>\n\n\n\n<figure class=\"wp-block-gallery has-nested-images columns-default is-cropped wp-block-gallery-3 is-layout-flex wp-block-gallery-is-layout-flex\">\n<figure class=\"wp-block-image size-large\"><img loading=\"lazy\" decoding=\"async\" width=\"768\" height=\"1024\" data-id=\"8919\" src=\"https:\/\/waldkindergarten-berglen.de\/wp-content\/uploads\/2025\/02\/Auflauf-768x1024.jpg\" alt=\"\" class=\"wp-image-8919\" srcset=\"https:\/\/waldkindergarten-berglen.de\/wp-content\/uploads\/2025\/02\/Auflauf-768x1024.jpg 768w, https:\/\/waldkindergarten-berglen.de\/wp-content\/uploads\/2025\/02\/Auflauf-225x300.jpg 225w, https:\/\/waldkindergarten-berglen.de\/wp-content\/uploads\/2025\/02\/Auflauf-1152x1536.jpg 1152w, https:\/\/waldkindergarten-berglen.de\/wp-content\/uploads\/2025\/02\/Auflauf-982x1309.jpg 982w, https:\/\/waldkindergarten-berglen.de\/wp-content\/uploads\/2025\/02\/Auflauf-300x400.jpg 300w, https:\/\/waldkindergarten-berglen.de\/wp-content\/uploads\/2025\/02\/Auflauf.jpg 1536w\" sizes=\"auto, (max-width: 768px) 100vw, 768px\" \/><\/figure>\n<\/figure>\n\n\n\n<p><strong>Wussten Sie schon?<\/strong><\/p>\n\n\n\n<p>Laut \u00f6kologischer Definition spricht man erst von einem Wald, wenn die B\u00e4ume so dicht und zahlreich stehen, dass sich darunter ein typisches Waldinnenklima entwickelt. Die Temperaturen sind im Wald ausgeglichener und die Luftfeuchtigkeit ist etwas h\u00f6her als in der Umgebung.<\/p>\n","protected":false},"excerpt":{"rendered":"<p>Die Freude war riesig, als am Donnerstag aus dicken Regentropfen gro\u00dfe Schneeflocken wurden und es gar nicht mehr aufh\u00f6ren wollte zu schneien. Begeistert sind die Kinder durch den unerwarteten Schnee getobt und haben gro\u00dfe Kugeln daraus gerollt. Das hat mit dem nassen Schnee hervorragend geklappt. Doch die Kugeln sind auch sehr schwer geworden und schon&hellip; <a href=\"https:\/\/waldkindergarten-berglen.de\/?p=8916\" class=\"more-link\">Weiterlesen <span class=\"screen-reader-text\">Hurra, es schneit!<\/span><\/a><\/p>\n","protected":false},"author":10,"featured_media":0,"comment_status":"closed","ping_status":"closed","sticky":false,"template":"","format":"standard","meta":{"ngg_post_thumbnail":0,"_jetpack_memberships_contains_paid_content":false,"footnotes":""},"categories":[3],"tags":[],"class_list":["post-8916","post","type-post","status-publish","format-standard","hentry","category-berichte"],"jetpack_featured_media_url":"","jetpack_sharing_enabled":true,"_links":{"self":[{"href":"https:\/\/waldkindergarten-berglen.de\/index.php?rest_route=\/wp\/v2\/posts\/8916","targetHints":{"allow":["GET"]}}],"collection":[{"href":"https:\/\/waldkindergarten-berglen.de\/index.php?rest_route=\/wp\/v2\/posts"}],"about":[{"href":"https:\/\/waldkindergarten-berglen.de\/index.php?rest_route=\/wp\/v2\/types\/post"}],"author":[{"embeddable":true,"href":"https:\/\/waldkindergarten-berglen.de\/index.php?rest_route=\/wp\/v2\/users\/10"}],"replies":[{"embeddable":true,"href":"https:\/\/waldkindergarten-berglen.de\/index.php?rest_route=%2Fwp%2Fv2%2Fcomments&post=8916"}],"version-history":[{"count":2,"href":"https:\/\/waldkindergarten-berglen.de\/index.php?rest_route=\/wp\/v2\/posts\/8916\/revisions"}],"predecessor-version":[{"id":8921,"href":"https:\/\/waldkindergarten-berglen.de\/index.php?rest_route=\/wp\/v2\/posts\/8916\/revisions\/8921"}],"wp:attachment":[{"href":"https:\/\/waldkindergarten-berglen.de\/index.php?rest_route=%2Fwp%2Fv2%2Fmedia&parent=8916"}],"wp:term":[{"taxonomy":"category","embeddable":true,"href":"https:\/\/waldkindergarten-berglen.de\/index.php?rest_route=%2Fwp%2Fv2%2Fcategories&post=8916"},{"taxonomy":"post_tag","embeddable":true,"href":"https:\/\/waldkindergarten-berglen.de\/index.php?rest_route=%2Fwp%2Fv2%2Ftags&post=8916"}],"curies":[{"name":"wp","href":"https:\/\/api.w.org\/{rel}","templated":true}]}}