{"id":8925,"date":"2025-02-24T08:05:00","date_gmt":"2025-02-24T07:05:00","guid":{"rendered":"https:\/\/waldkindergarten-berglen.de\/?p=8925"},"modified":"2025-02-23T11:00:21","modified_gmt":"2025-02-23T10:00:21","slug":"faschingskostueme","status":"publish","type":"post","link":"https:\/\/waldkindergarten-berglen.de\/?p=8925","title":{"rendered":"Faschingskost\u00fcme"},"content":{"rendered":"\n<p>N\u00e4hen, kordeln, filzen, flechten \u2013 im Waldkindergarten wird eifrig gewerkelt. Schon bald findet n\u00e4mlich die gemeinsame Faschingsfeier unter dem Motto \u201eM\u00e4rchen\u201c statt und die Kost\u00fcme werden wieder von den Kindern gemeinsam mit den Erzieherinnen hergestellt.<\/p>\n\n\n\n<p>Im Vorfeld durften sich die Kinder bereits f\u00fcr eine M\u00e4rchenfigur entscheiden. Nun hei\u00dft es also n\u00e4hen, kordeln, filzen und flechten, damit die Kost\u00fcme rechtzeitig fertig werden und Rumpelstilzchen, Zwerge, Schneewittchen und Goldmarie zum Faschingsfest kommen k\u00f6nnen. Da sind Ausdauer und Geschicklichkeit gefragt, denn das ist alles gar nicht so einfach. Gro\u00dfes Kompliment an die flei\u00dfigen Kinder!<\/p>\n\n\n\n<figure class=\"wp-block-gallery has-nested-images columns-default is-cropped wp-block-gallery-1 is-layout-flex wp-block-gallery-is-layout-flex\">\n<figure class=\"wp-block-image size-large\"><img loading=\"lazy\" decoding=\"async\" width=\"768\" height=\"1024\" data-id=\"8926\" src=\"https:\/\/waldkindergarten-berglen.de\/wp-content\/uploads\/2025\/02\/Naehen-768x1024.jpg\" alt=\"\" class=\"wp-image-8926\" srcset=\"https:\/\/waldkindergarten-berglen.de\/wp-content\/uploads\/2025\/02\/Naehen-768x1024.jpg 768w, https:\/\/waldkindergarten-berglen.de\/wp-content\/uploads\/2025\/02\/Naehen-225x300.jpg 225w, https:\/\/waldkindergarten-berglen.de\/wp-content\/uploads\/2025\/02\/Naehen-1152x1536.jpg 1152w, https:\/\/waldkindergarten-berglen.de\/wp-content\/uploads\/2025\/02\/Naehen-982x1309.jpg 982w, https:\/\/waldkindergarten-berglen.de\/wp-content\/uploads\/2025\/02\/Naehen-300x400.jpg 300w, https:\/\/waldkindergarten-berglen.de\/wp-content\/uploads\/2025\/02\/Naehen.jpg 1200w\" sizes=\"auto, (max-width: 768px) 100vw, 768px\" \/><\/figure>\n<\/figure>\n\n\n\n<p>Die Erzieherinnen nehmen sich gemeinsam mit jedem Kind Zeit, bis alles geschafft ist. Stolz werden dann die ersten fertigen Kost\u00fcmteile anprobiert und die Vorfreude auf das Faschingsfest steigt.<\/p>\n\n\n\n<figure class=\"wp-block-gallery has-nested-images columns-default is-cropped wp-block-gallery-2 is-layout-flex wp-block-gallery-is-layout-flex\">\n<figure class=\"wp-block-image size-large\"><img loading=\"lazy\" decoding=\"async\" width=\"768\" height=\"1024\" data-id=\"8927\" src=\"https:\/\/waldkindergarten-berglen.de\/wp-content\/uploads\/2025\/02\/Anprobe-768x1024.jpg\" alt=\"\" class=\"wp-image-8927\" srcset=\"https:\/\/waldkindergarten-berglen.de\/wp-content\/uploads\/2025\/02\/Anprobe-768x1024.jpg 768w, https:\/\/waldkindergarten-berglen.de\/wp-content\/uploads\/2025\/02\/Anprobe-225x300.jpg 225w, https:\/\/waldkindergarten-berglen.de\/wp-content\/uploads\/2025\/02\/Anprobe-1152x1536.jpg 1152w, https:\/\/waldkindergarten-berglen.de\/wp-content\/uploads\/2025\/02\/Anprobe-982x1309.jpg 982w, https:\/\/waldkindergarten-berglen.de\/wp-content\/uploads\/2025\/02\/Anprobe-300x400.jpg 300w, https:\/\/waldkindergarten-berglen.de\/wp-content\/uploads\/2025\/02\/Anprobe.jpg 1200w\" sizes=\"auto, (max-width: 768px) 100vw, 768px\" \/><\/figure>\n<\/figure>\n\n\n\n<p>Ein weiteres spannendes Thema war das Wetter. Anfang der Woche war es noch kalt und Schnee und Eis bestimmten das Spiel der Kinder.<\/p>\n\n\n\n<figure class=\"wp-block-gallery has-nested-images columns-default is-cropped wp-block-gallery-3 is-layout-flex wp-block-gallery-is-layout-flex\">\n<figure class=\"wp-block-image size-large\"><img loading=\"lazy\" decoding=\"async\" width=\"768\" height=\"1024\" data-id=\"8928\" src=\"https:\/\/waldkindergarten-berglen.de\/wp-content\/uploads\/2025\/02\/Eis-768x1024.jpg\" alt=\"\" class=\"wp-image-8928\" srcset=\"https:\/\/waldkindergarten-berglen.de\/wp-content\/uploads\/2025\/02\/Eis-768x1025.jpg 768w, https:\/\/waldkindergarten-berglen.de\/wp-content\/uploads\/2025\/02\/Eis-225x300.jpg 225w, https:\/\/waldkindergarten-berglen.de\/wp-content\/uploads\/2025\/02\/Eis-982x1310.jpg 982w, https:\/\/waldkindergarten-berglen.de\/wp-content\/uploads\/2025\/02\/Eis-300x400.jpg 300w, https:\/\/waldkindergarten-berglen.de\/wp-content\/uploads\/2025\/02\/Eis.jpg 1006w\" sizes=\"auto, (max-width: 768px) 100vw, 768px\" \/><\/figure>\n<\/figure>\n\n\n\n<p>Im Laufe der Woche ist es w\u00e4rmer geworden, der Schnee ist geschmolzen und die Popo-Rutscher wurden wieder verstaut. Obwohl die Wiesen wieder gr\u00fcn waren, war das gro\u00dfe Iglu, das die Kinder letzte Woche aus Schnee gebaut haben, noch gut erhalten. Spannend zu beobachten! &nbsp;<\/p>\n\n\n\n<p>Am Freitag wurde dann ausgiebig die Sonne genossen. Gezielt haben sich die Waldkinder auf den Weg in die W\u00e4rme gemacht und sind statt Schlitten zu fahren die H\u00e4nge einfach hinuntergekullert.<\/p>\n\n\n\n<p><strong>Wussten Sie schon?<\/strong><\/p>\n\n\n\n<p>Der Schall breitet sich in kalter Luft langsamer aus und Ger\u00e4usche sind somit etwas dumpfer und tiefer.<\/p>\n","protected":false},"excerpt":{"rendered":"<p>N\u00e4hen, kordeln, filzen, flechten \u2013 im Waldkindergarten wird eifrig gewerkelt. Schon bald findet n\u00e4mlich die gemeinsame Faschingsfeier unter dem Motto \u201eM\u00e4rchen\u201c statt und die Kost\u00fcme werden wieder von den Kindern gemeinsam mit den Erzieherinnen hergestellt. Im Vorfeld durften sich die Kinder bereits f\u00fcr eine M\u00e4rchenfigur entscheiden. Nun hei\u00dft es also n\u00e4hen, kordeln, filzen und flechten,&hellip; <a href=\"https:\/\/waldkindergarten-berglen.de\/?p=8925\" class=\"more-link\">Weiterlesen <span class=\"screen-reader-text\">Faschingskost\u00fcme<\/span><\/a><\/p>\n","protected":false},"author":10,"featured_media":0,"comment_status":"closed","ping_status":"closed","sticky":false,"template":"","format":"standard","meta":{"ngg_post_thumbnail":0,"_jetpack_memberships_contains_paid_content":false,"footnotes":""},"categories":[3],"tags":[],"class_list":["post-8925","post","type-post","status-publish","format-standard","hentry","category-berichte"],"jetpack_featured_media_url":"","jetpack_sharing_enabled":true,"_links":{"self":[{"href":"https:\/\/waldkindergarten-berglen.de\/index.php?rest_route=\/wp\/v2\/posts\/8925","targetHints":{"allow":["GET"]}}],"collection":[{"href":"https:\/\/waldkindergarten-berglen.de\/index.php?rest_route=\/wp\/v2\/posts"}],"about":[{"href":"https:\/\/waldkindergarten-berglen.de\/index.php?rest_route=\/wp\/v2\/types\/post"}],"author":[{"embeddable":true,"href":"https:\/\/waldkindergarten-berglen.de\/index.php?rest_route=\/wp\/v2\/users\/10"}],"replies":[{"embeddable":true,"href":"https:\/\/waldkindergarten-berglen.de\/index.php?rest_route=%2Fwp%2Fv2%2Fcomments&post=8925"}],"version-history":[{"count":1,"href":"https:\/\/waldkindergarten-berglen.de\/index.php?rest_route=\/wp\/v2\/posts\/8925\/revisions"}],"predecessor-version":[{"id":8929,"href":"https:\/\/waldkindergarten-berglen.de\/index.php?rest_route=\/wp\/v2\/posts\/8925\/revisions\/8929"}],"wp:attachment":[{"href":"https:\/\/waldkindergarten-berglen.de\/index.php?rest_route=%2Fwp%2Fv2%2Fmedia&parent=8925"}],"wp:term":[{"taxonomy":"category","embeddable":true,"href":"https:\/\/waldkindergarten-berglen.de\/index.php?rest_route=%2Fwp%2Fv2%2Fcategories&post=8925"},{"taxonomy":"post_tag","embeddable":true,"href":"https:\/\/waldkindergarten-berglen.de\/index.php?rest_route=%2Fwp%2Fv2%2Ftags&post=8925"}],"curies":[{"name":"wp","href":"https:\/\/api.w.org\/{rel}","templated":true}]}}