{"id":8930,"date":"2025-03-03T08:05:00","date_gmt":"2025-03-03T07:05:00","guid":{"rendered":"https:\/\/waldkindergarten-berglen.de\/?p=8930"},"modified":"2025-03-02T16:55:52","modified_gmt":"2025-03-02T15:55:52","slug":"im-maerchenland","status":"publish","type":"post","link":"https:\/\/waldkindergarten-berglen.de\/?p=8930","title":{"rendered":"Im M\u00e4rchenland"},"content":{"rendered":"\n<p>F\u00fcr das Faschingsfest hat sich der Kindergartenwald in einen zauberhaften M\u00e4rchenwald verwandelt. Hier waren nat\u00fcrlich die Erzieherinnen flei\u00dfig, aber auch die Vorsch\u00fcler haben einen Teil dazu beigetragen. In der \u201eFuchsschule\u201c wurden eifrig \u00c4ste geschleppt, in passende St\u00fccke ges\u00e4gt und Seile geknotet. Gut, dass sie erst k\u00fcrzlich verschiedene Knoten gelernt haben. Nun konnten die Vorsch\u00fcler ihr Wissen anwenden und f\u00fcr das Faschingsfest eine H\u00e4ngebr\u00fccke bauen. Die Br\u00fccke ins M\u00e4rchenland.<\/p>\n\n\n\n<p>Der Wald war also vorbereitet und es fehlten nur noch Frau Holle, Rumpelstilzchen, Goldmarie, die Zwerge und Schneewittchen. Im Morgenkreis haben sich die Kinder in die M\u00e4rchenfiguren verwandelt und ihre Kost\u00fcme angezogen. Wer wollte, wurde noch geschminkt und dann ging es auf ins M\u00e4rchenland.<\/p>\n\n\n\n<figure class=\"wp-block-gallery has-nested-images columns-default is-cropped wp-block-gallery-1 is-layout-flex wp-block-gallery-is-layout-flex\">\n<figure class=\"wp-block-image size-large\"><img loading=\"lazy\" decoding=\"async\" width=\"1024\" height=\"768\" data-id=\"8931\" src=\"https:\/\/waldkindergarten-berglen.de\/wp-content\/uploads\/2025\/03\/Gruppenbild-1024x768.jpg\" alt=\"\" class=\"wp-image-8931\" srcset=\"https:\/\/waldkindergarten-berglen.de\/wp-content\/uploads\/2025\/03\/Gruppenbild-1024x768.jpg 1024w, https:\/\/waldkindergarten-berglen.de\/wp-content\/uploads\/2025\/03\/Gruppenbild-300x225.jpg 300w, https:\/\/waldkindergarten-berglen.de\/wp-content\/uploads\/2025\/03\/Gruppenbild-768x576.jpg 768w, https:\/\/waldkindergarten-berglen.de\/wp-content\/uploads\/2025\/03\/Gruppenbild-982x737.jpg 982w, https:\/\/waldkindergarten-berglen.de\/wp-content\/uploads\/2025\/03\/Gruppenbild-400x300.jpg 400w, https:\/\/waldkindergarten-berglen.de\/wp-content\/uploads\/2025\/03\/Gruppenbild.jpg 1498w\" sizes=\"auto, (max-width: 1024px) 100vw, 1024px\" \/><\/figure>\n<\/figure>\n\n\n\n<p>Begeistert entdeckten die Kinder am ersten Treffpunkt ein Feuer und tanzten wie Rumpelstilzchen darum herum. Nat\u00fcrlich war das Feuer nicht echt, sondern aus orange \u2013 und gelbfarbenen T\u00fcchern, Holz und Lichtern arrangiert. Fr\u00f6hlich ging es weiter bis zum n\u00e4chsten Treffpunkt. Hier hingen Apfelchips an einer langen Schnur und die Kinder durften sie mit dem Mund schnappen. Aber Moment mal, wie war das im M\u00e4rchen mit dem vergifteten Apfel? Kein Problem, gemeinsam wappneten sie sich mit dem Spruch \u201ekein Apfel kann uns etwas anhaben\u201c und lie\u00dfen sich die leckeren Apfelchips schmecken.<\/p>\n\n\n\n<p>Weiter ging es durch den Wald \u00fcber die sieben Berge ins Schneewittchenreich. Sofort entdeckten die Kinder Schneewittchen und die K\u00f6nigin am Fenster der m\u00e4rchenhaft dekorierten Hutzelmannh\u00fctte. Neugierig schoben sie den karierten Vorhang zur Seite und traten ein. Der Tisch war mit sieben Tellerchen und sieben Tassen gedeckt. An der Wand standen sieben kleine Bettchen mit kuschelig aussehenden Bettdecken. Eindeutig das Reich der Zwerge. Hier legten die Kinder eine Pause ein und genossen ein Vesper vom Buffet, das hier ebenfalls auf sie wartete. Br\u00f6tchen, W\u00fcrstchen, Obst, Gem\u00fcse, K\u00e4se und Fasnachtsk\u00fcchle. Lecker!<\/p>\n\n\n\n<p>Anschlie\u00dfend zogen sie weiter, sprangen in einen Brunnen &nbsp;(ein Ring aus Weiden mit blauen T\u00fcchern darin), krabbelten durch einen Tunnel und \u00fcberquerten die H\u00e4ngebr\u00fccke der Vorsch\u00fcler um ins Reich von Frau Holle zu kommen.<\/p>\n\n\n\n<figure class=\"wp-block-gallery has-nested-images columns-default is-cropped wp-block-gallery-2 is-layout-flex wp-block-gallery-is-layout-flex\">\n<figure class=\"wp-block-image size-large\"><img loading=\"lazy\" decoding=\"async\" width=\"768\" height=\"1024\" data-id=\"8932\" src=\"https:\/\/waldkindergarten-berglen.de\/wp-content\/uploads\/2025\/03\/Haengebruecke-768x1024.jpg\" alt=\"\" class=\"wp-image-8932\" srcset=\"https:\/\/waldkindergarten-berglen.de\/wp-content\/uploads\/2025\/03\/Haengebruecke-768x1024.jpg 768w, https:\/\/waldkindergarten-berglen.de\/wp-content\/uploads\/2025\/03\/Haengebruecke-225x300.jpg 225w, https:\/\/waldkindergarten-berglen.de\/wp-content\/uploads\/2025\/03\/Haengebruecke-1152x1536.jpg 1152w, https:\/\/waldkindergarten-berglen.de\/wp-content\/uploads\/2025\/03\/Haengebruecke-982x1309.jpg 982w, https:\/\/waldkindergarten-berglen.de\/wp-content\/uploads\/2025\/03\/Haengebruecke-300x400.jpg 300w, https:\/\/waldkindergarten-berglen.de\/wp-content\/uploads\/2025\/03\/Haengebruecke.jpg 1200w\" sizes=\"auto, (max-width: 768px) 100vw, 768px\" \/><\/figure>\n<\/figure>\n\n\n\n<p>Dort fanden sie einen Holzofen mit fertig gebackenen Br\u00f6tchen darin. Davor standen Schieber bereit. Nun war Geschicklichkeit gefragt. Die Kinder holten ein Br\u00f6tchen mit dem Schieber aus dem Ofen (nat\u00fcrlich war es kein echter Ofen und nat\u00fcrlich war er auch nicht hei\u00df), balancierten damit \u00fcber eine Wippe und \u00fcberquerten verschiedene Hindernisse. Gar nicht so einfach.<\/p>\n\n\n\n<figure class=\"wp-block-gallery has-nested-images columns-default is-cropped wp-block-gallery-3 is-layout-flex wp-block-gallery-is-layout-flex\">\n<figure class=\"wp-block-image size-large\"><img loading=\"lazy\" decoding=\"async\" width=\"768\" height=\"1024\" data-id=\"8933\" src=\"https:\/\/waldkindergarten-berglen.de\/wp-content\/uploads\/2025\/03\/Ofen-768x1024.jpg\" alt=\"\" class=\"wp-image-8933\" srcset=\"https:\/\/waldkindergarten-berglen.de\/wp-content\/uploads\/2025\/03\/Ofen-768x1024.jpg 768w, https:\/\/waldkindergarten-berglen.de\/wp-content\/uploads\/2025\/03\/Ofen-225x300.jpg 225w, https:\/\/waldkindergarten-berglen.de\/wp-content\/uploads\/2025\/03\/Ofen-1152x1536.jpg 1152w, https:\/\/waldkindergarten-berglen.de\/wp-content\/uploads\/2025\/03\/Ofen-982x1309.jpg 982w, https:\/\/waldkindergarten-berglen.de\/wp-content\/uploads\/2025\/03\/Ofen-300x400.jpg 300w, https:\/\/waldkindergarten-berglen.de\/wp-content\/uploads\/2025\/03\/Ofen.jpg 1200w\" sizes=\"auto, (max-width: 768px) 100vw, 768px\" \/><\/figure>\n<\/figure>\n\n\n\n<p>Auf ihrem weiteren Weg durch den M\u00e4rchenwald kullerten sie noch durch das Stroh von Rumpelstilzchen (vielleicht ist irgendwo Gold daraus geworden?) und suchten im Zwergenreich nach Sch\u00e4tzen. Auf dem R\u00fcckweg zum Spielplatz entdeckten die Kinder die letzte Station. Eine Schaumkussschleuder! Begeistert warfen sie die bunten B\u00e4lle und lie\u00dfen sich zum Nachtisch noch einen kleinen Schaumkuss schmecken. Was f\u00fcr ein toller Tag im M\u00e4rchenland!<\/p>\n\n\n\n<p>Zum Abschluss vor den Faschingsferien gab es am Freitag noch \u00fcber dem Feuer (dieses Mal echtes Feuer) zubereitetes Stockbrot. Sch\u00f6ne Ferien f\u00fcr alle und bis bald!<\/p>\n\n\n\n<p><strong>Wussten Sie schon?<\/strong><\/p>\n\n\n\n<p>Die Bildung von einem Zentimeter Waldboden dauert im Durchschnitt mindestens 100 Jahre.<\/p>\n","protected":false},"excerpt":{"rendered":"<p>F\u00fcr das Faschingsfest hat sich der Kindergartenwald in einen zauberhaften M\u00e4rchenwald verwandelt. Hier waren nat\u00fcrlich die Erzieherinnen flei\u00dfig, aber auch die Vorsch\u00fcler haben einen Teil dazu beigetragen. In der \u201eFuchsschule\u201c wurden eifrig \u00c4ste geschleppt, in passende St\u00fccke ges\u00e4gt und Seile geknotet. Gut, dass sie erst k\u00fcrzlich verschiedene Knoten gelernt haben. Nun konnten die Vorsch\u00fcler ihr&hellip; <a href=\"https:\/\/waldkindergarten-berglen.de\/?p=8930\" class=\"more-link\">Weiterlesen <span class=\"screen-reader-text\">Im M\u00e4rchenland<\/span><\/a><\/p>\n","protected":false},"author":10,"featured_media":0,"comment_status":"closed","ping_status":"closed","sticky":false,"template":"","format":"standard","meta":{"ngg_post_thumbnail":0,"_jetpack_memberships_contains_paid_content":false,"footnotes":""},"categories":[3],"tags":[],"class_list":["post-8930","post","type-post","status-publish","format-standard","hentry","category-berichte"],"jetpack_featured_media_url":"","jetpack_sharing_enabled":true,"_links":{"self":[{"href":"https:\/\/waldkindergarten-berglen.de\/index.php?rest_route=\/wp\/v2\/posts\/8930","targetHints":{"allow":["GET"]}}],"collection":[{"href":"https:\/\/waldkindergarten-berglen.de\/index.php?rest_route=\/wp\/v2\/posts"}],"about":[{"href":"https:\/\/waldkindergarten-berglen.de\/index.php?rest_route=\/wp\/v2\/types\/post"}],"author":[{"embeddable":true,"href":"https:\/\/waldkindergarten-berglen.de\/index.php?rest_route=\/wp\/v2\/users\/10"}],"replies":[{"embeddable":true,"href":"https:\/\/waldkindergarten-berglen.de\/index.php?rest_route=%2Fwp%2Fv2%2Fcomments&post=8930"}],"version-history":[{"count":2,"href":"https:\/\/waldkindergarten-berglen.de\/index.php?rest_route=\/wp\/v2\/posts\/8930\/revisions"}],"predecessor-version":[{"id":8936,"href":"https:\/\/waldkindergarten-berglen.de\/index.php?rest_route=\/wp\/v2\/posts\/8930\/revisions\/8936"}],"wp:attachment":[{"href":"https:\/\/waldkindergarten-berglen.de\/index.php?rest_route=%2Fwp%2Fv2%2Fmedia&parent=8930"}],"wp:term":[{"taxonomy":"category","embeddable":true,"href":"https:\/\/waldkindergarten-berglen.de\/index.php?rest_route=%2Fwp%2Fv2%2Fcategories&post=8930"},{"taxonomy":"post_tag","embeddable":true,"href":"https:\/\/waldkindergarten-berglen.de\/index.php?rest_route=%2Fwp%2Fv2%2Ftags&post=8930"}],"curies":[{"name":"wp","href":"https:\/\/api.w.org\/{rel}","templated":true}]}}