{"id":8943,"date":"2025-03-17T08:05:00","date_gmt":"2025-03-17T07:05:00","guid":{"rendered":"https:\/\/waldkindergarten-berglen.de\/?p=8943"},"modified":"2025-03-16T20:00:23","modified_gmt":"2025-03-16T19:00:23","slug":"der-froschkoenig-und-echte-froesche","status":"publish","type":"post","link":"https:\/\/waldkindergarten-berglen.de\/?p=8943","title":{"rendered":"Der Froschk\u00f6nig und echte Fr\u00f6sche"},"content":{"rendered":"\n<p>Bei strahlendem Sonnenschein Anfang der Woche begleitete Waldkindergartenhund Mogli die Kinder in den Wald. An einer Stelle fing er an zu buddeln und die Kinder beobachteten ihn bestimmt 15 Minuten lang dabei. Was hatte er wohl erschnuppert? War er auf der Suche nach einem Schatz? So r\u00e4tselten sie.<\/p>\n\n\n\n<figure class=\"wp-block-image size-large\"><img loading=\"lazy\" decoding=\"async\" width=\"768\" height=\"1024\" src=\"https:\/\/waldkindergarten-berglen.de\/wp-content\/uploads\/2025\/03\/Mogli-graebt-im-Waldboden-768x1024.jpg\" alt=\"\" class=\"wp-image-8944\" srcset=\"https:\/\/waldkindergarten-berglen.de\/wp-content\/uploads\/2025\/03\/Mogli-graebt-im-Waldboden-768x1024.jpg 768w, https:\/\/waldkindergarten-berglen.de\/wp-content\/uploads\/2025\/03\/Mogli-graebt-im-Waldboden-225x300.jpg 225w, https:\/\/waldkindergarten-berglen.de\/wp-content\/uploads\/2025\/03\/Mogli-graebt-im-Waldboden-1152x1536.jpg 1152w, https:\/\/waldkindergarten-berglen.de\/wp-content\/uploads\/2025\/03\/Mogli-graebt-im-Waldboden-982x1309.jpg 982w, https:\/\/waldkindergarten-berglen.de\/wp-content\/uploads\/2025\/03\/Mogli-graebt-im-Waldboden-300x400.jpg 300w, https:\/\/waldkindergarten-berglen.de\/wp-content\/uploads\/2025\/03\/Mogli-graebt-im-Waldboden.jpg 1200w\" sizes=\"auto, (max-width: 768px) 100vw, 768px\" \/><figcaption class=\"wp-element-caption\">Mogli gr\u00e4bt im Waldboden<\/figcaption><\/figure>\n\n\n\n<p>Am Dienstag Morgen entdeckten die Kinder schon vor dem Morgenkreis zwei Grasfr\u00f6sche auf dem Spielplatz und bildeten einen Kreis, um sie genau anzusehen. Spontan \u00e4nderten die Erzieherinnen ihren Plan f\u00fcr den heutigen Tag und so h\u00f6rten die Kinder im Anschluss direkt am Teich das M\u00e4rchen vom Froschk\u00f6nig. Ende der Woche hatten sie gleich eine weitere Begegnung mit einem Frosch. Die Kinder spielten gerade Angeln an Pf\u00fctzen, als sie ihn entdeckten. Vorsichtig durften sie ihn in ein Glas setzen, um ihn genau anzusehen und zu beobachten, bevor er wieder in die Freiheit entlassen wurde.<\/p>\n\n\n\n<figure class=\"wp-block-image size-large\"><img loading=\"lazy\" decoding=\"async\" width=\"764\" height=\"1024\" src=\"https:\/\/waldkindergarten-berglen.de\/wp-content\/uploads\/2025\/03\/Begegnung-mit-dem-Frosch-764x1024.jpg\" alt=\"\" class=\"wp-image-8945\" srcset=\"https:\/\/waldkindergarten-berglen.de\/wp-content\/uploads\/2025\/03\/Begegnung-mit-dem-Frosch-764x1024.jpg 764w, https:\/\/waldkindergarten-berglen.de\/wp-content\/uploads\/2025\/03\/Begegnung-mit-dem-Frosch-224x300.jpg 224w, https:\/\/waldkindergarten-berglen.de\/wp-content\/uploads\/2025\/03\/Begegnung-mit-dem-Frosch-768x1030.jpg 768w, https:\/\/waldkindergarten-berglen.de\/wp-content\/uploads\/2025\/03\/Begegnung-mit-dem-Frosch-1145x1536.jpg 1145w, https:\/\/waldkindergarten-berglen.de\/wp-content\/uploads\/2025\/03\/Begegnung-mit-dem-Frosch-982x1317.jpg 982w, https:\/\/waldkindergarten-berglen.de\/wp-content\/uploads\/2025\/03\/Begegnung-mit-dem-Frosch-298x400.jpg 298w, https:\/\/waldkindergarten-berglen.de\/wp-content\/uploads\/2025\/03\/Begegnung-mit-dem-Frosch.jpg 1193w\" sizes=\"auto, (max-width: 764px) 100vw, 764px\" \/><figcaption class=\"wp-element-caption\">Begegnung mit dem Frosch<\/figcaption><\/figure>\n\n\n\n<p>An den Regentagen war es niemandem kalt, denn es ging zum Rutschenberg am Waldschl\u00f6sschen. So eifrig, wie alle hochkletterten und wieder hinunterrutschten, kamen sie trotz der ungem\u00fctlichen Feuchtigkeit eher ins Schwitzen als ins Frieren. Das hat Spa\u00df gemacht!<\/p>\n\n\n\n<figure class=\"wp-block-image size-large\"><img loading=\"lazy\" decoding=\"async\" width=\"768\" height=\"1024\" src=\"https:\/\/waldkindergarten-berglen.de\/wp-content\/uploads\/2025\/03\/Rutschenberg-am-Waldschloesschen-768x1024.jpg\" alt=\"\" class=\"wp-image-8946\" srcset=\"https:\/\/waldkindergarten-berglen.de\/wp-content\/uploads\/2025\/03\/Rutschenberg-am-Waldschloesschen-768x1024.jpg 768w, https:\/\/waldkindergarten-berglen.de\/wp-content\/uploads\/2025\/03\/Rutschenberg-am-Waldschloesschen-225x300.jpg 225w, https:\/\/waldkindergarten-berglen.de\/wp-content\/uploads\/2025\/03\/Rutschenberg-am-Waldschloesschen-1152x1536.jpg 1152w, https:\/\/waldkindergarten-berglen.de\/wp-content\/uploads\/2025\/03\/Rutschenberg-am-Waldschloesschen-982x1309.jpg 982w, https:\/\/waldkindergarten-berglen.de\/wp-content\/uploads\/2025\/03\/Rutschenberg-am-Waldschloesschen-300x400.jpg 300w, https:\/\/waldkindergarten-berglen.de\/wp-content\/uploads\/2025\/03\/Rutschenberg-am-Waldschloesschen.jpg 1200w\" sizes=\"auto, (max-width: 768px) 100vw, 768px\" \/><figcaption class=\"wp-element-caption\">Rutschenberg am Waldschl\u00f6sschen<\/figcaption><\/figure>\n\n\n\n<p>In der Fuchsschule durften sich die Vorsch\u00fcler mal richtig sch\u00f6n \u201eeinwalden\u201c \u2013 erst schlichen sie ganz leise durch den Wald und \u00fcberlegten, was sie mit ihren Sinnen im aktuell beginnenden Fr\u00fchling vom Wald wahrnehmen, was sie h\u00f6ren, riechen, sehen und sp\u00fcren. Dann legten sie sich im Wald mit Laub bedeckt auf den Boden und lie\u00dfen ganz f\u00fcr sich konzentriert die Eindr\u00fccke auf sich wirken.<\/p>\n\n\n\n<p><strong>Wussten Sie schon?<\/strong><\/p>\n\n\n\n<p><em>Die gro\u00dfen Laichballen des Grasfrosches bestehen aus bis zu 4.500 Eiern, sodass sich in geeigneten Gew\u00e4ssern im beginnenden Fr\u00fchjahr Laichballen von mehreren Quadratmetern Fl\u00e4che bilden k\u00f6nnen.<\/em><\/p>\n","protected":false},"excerpt":{"rendered":"<p>Bei strahlendem Sonnenschein Anfang der Woche begleitete Waldkindergartenhund Mogli die Kinder in den Wald. An einer Stelle fing er an zu buddeln und die Kinder beobachteten ihn bestimmt 15 Minuten lang dabei. Was hatte er wohl erschnuppert? War er auf der Suche nach einem Schatz? So r\u00e4tselten sie. Am Dienstag Morgen entdeckten die Kinder schon&hellip; <a href=\"https:\/\/waldkindergarten-berglen.de\/?p=8943\" class=\"more-link\">Weiterlesen <span class=\"screen-reader-text\">Der Froschk\u00f6nig und echte Fr\u00f6sche<\/span><\/a><\/p>\n","protected":false},"author":11,"featured_media":0,"comment_status":"closed","ping_status":"closed","sticky":false,"template":"","format":"standard","meta":{"ngg_post_thumbnail":0,"_jetpack_memberships_contains_paid_content":false,"footnotes":""},"categories":[3],"tags":[],"class_list":["post-8943","post","type-post","status-publish","format-standard","hentry","category-berichte"],"jetpack_featured_media_url":"","jetpack_sharing_enabled":true,"_links":{"self":[{"href":"https:\/\/waldkindergarten-berglen.de\/index.php?rest_route=\/wp\/v2\/posts\/8943","targetHints":{"allow":["GET"]}}],"collection":[{"href":"https:\/\/waldkindergarten-berglen.de\/index.php?rest_route=\/wp\/v2\/posts"}],"about":[{"href":"https:\/\/waldkindergarten-berglen.de\/index.php?rest_route=\/wp\/v2\/types\/post"}],"author":[{"embeddable":true,"href":"https:\/\/waldkindergarten-berglen.de\/index.php?rest_route=\/wp\/v2\/users\/11"}],"replies":[{"embeddable":true,"href":"https:\/\/waldkindergarten-berglen.de\/index.php?rest_route=%2Fwp%2Fv2%2Fcomments&post=8943"}],"version-history":[{"count":1,"href":"https:\/\/waldkindergarten-berglen.de\/index.php?rest_route=\/wp\/v2\/posts\/8943\/revisions"}],"predecessor-version":[{"id":8947,"href":"https:\/\/waldkindergarten-berglen.de\/index.php?rest_route=\/wp\/v2\/posts\/8943\/revisions\/8947"}],"wp:attachment":[{"href":"https:\/\/waldkindergarten-berglen.de\/index.php?rest_route=%2Fwp%2Fv2%2Fmedia&parent=8943"}],"wp:term":[{"taxonomy":"category","embeddable":true,"href":"https:\/\/waldkindergarten-berglen.de\/index.php?rest_route=%2Fwp%2Fv2%2Fcategories&post=8943"},{"taxonomy":"post_tag","embeddable":true,"href":"https:\/\/waldkindergarten-berglen.de\/index.php?rest_route=%2Fwp%2Fv2%2Ftags&post=8943"}],"curies":[{"name":"wp","href":"https:\/\/api.w.org\/{rel}","templated":true}]}}