{"id":8951,"date":"2025-03-24T08:05:00","date_gmt":"2025-03-24T07:05:00","guid":{"rendered":"https:\/\/waldkindergarten-berglen.de\/?p=8951"},"modified":"2025-03-22T17:10:26","modified_gmt":"2025-03-22T16:10:26","slug":"fruehlingserwachen-4","status":"publish","type":"post","link":"https:\/\/waldkindergarten-berglen.de\/?p=8951","title":{"rendered":"Fr\u00fchlingserwachen"},"content":{"rendered":"\n<p>Die Sonne scheint, V\u00f6gel zwitschern und Bienen summen &#8211; der Fr\u00fchling ist da! Gespannt beobachten die Kinder, wie die Natur aus dem Winterschlaf erwacht und freuen sich \u00fcber jedes entdeckte Bl\u00fcmchen. Sie beobachten K\u00e4fer, V\u00f6gel und die Bienen an der Weide auf dem St\u00fcckle. Die Weide bl\u00fcht herrlich und lockt damit viele Insekten an. Es sind so viele, dass die Weide f\u00f6rmlich brummt. Hier k\u00f6nnen die Bienen mit den gelben Pollen an den Beinen wunderbar beobachtet werden. Im Morgenkreis h\u00f6rt man die Kinder nun fr\u00f6hlich \u201eIch lieb den Fr\u00fchling, ich lieb den Sonnenschein\u201c singen und dazu mit Rasseleiern, Klangh\u00f6lzern und Gl\u00f6ckchen musizieren. Das fr\u00fchlingshafte Wetter wurde auch genutzt um wieder vermehrt B\u00fccher anzuschauen und gemeinsam in der Natur zu sitzen.<\/p>\n\n\n\n<figure class=\"wp-block-gallery has-nested-images columns-default is-cropped wp-block-gallery-1 is-layout-flex wp-block-gallery-is-layout-flex\">\n<figure class=\"wp-block-image size-large\"><img loading=\"lazy\" decoding=\"async\" width=\"1024\" height=\"768\" data-id=\"8952\" src=\"https:\/\/waldkindergarten-berglen.de\/wp-content\/uploads\/2025\/03\/Lesen-1024x768.jpg\" alt=\"\" class=\"wp-image-8952\" srcset=\"https:\/\/waldkindergarten-berglen.de\/wp-content\/uploads\/2025\/03\/Lesen-1024x768.jpg 1024w, https:\/\/waldkindergarten-berglen.de\/wp-content\/uploads\/2025\/03\/Lesen-300x225.jpg 300w, https:\/\/waldkindergarten-berglen.de\/wp-content\/uploads\/2025\/03\/Lesen-768x576.jpg 768w, https:\/\/waldkindergarten-berglen.de\/wp-content\/uploads\/2025\/03\/Lesen-1536x1152.jpg 1536w, https:\/\/waldkindergarten-berglen.de\/wp-content\/uploads\/2025\/03\/Lesen-982x737.jpg 982w, https:\/\/waldkindergarten-berglen.de\/wp-content\/uploads\/2025\/03\/Lesen-400x300.jpg 400w, https:\/\/waldkindergarten-berglen.de\/wp-content\/uploads\/2025\/03\/Lesen.jpg 1600w\" sizes=\"auto, (max-width: 1024px) 100vw, 1024px\" \/><\/figure>\n<\/figure>\n\n\n\n<p>Wenn der Fr\u00fchling beginnt ist auch Ostern nicht mehr weit und die Kinder haben begonnen ihre Osterk\u00f6rbchen zu basteln. In den letzten Jahren wurde hier geflochten, getont und gemalt. Dieses Jahr haben sie warmes Wasser und Seife gebraucht, denn die K\u00f6rbchen werden gefilzt. Das Wetter war daf\u00fcr bestens geeignet und die Kinder haben sich eifrig ans Werk gemacht. Erst durfte sich jeder Wolle in verschiedenen Farben aussuchen und ein Muster legen. Anschlie\u00dfend wurde das Ganze mit einem d\u00fcnnen Netz bedeckt und mit warmem Wasser und Seife benetzt.<\/p>\n\n\n\n<figure class=\"wp-block-gallery has-nested-images columns-default is-cropped wp-block-gallery-2 is-layout-flex wp-block-gallery-is-layout-flex\">\n<figure class=\"wp-block-image size-large\"><img loading=\"lazy\" decoding=\"async\" width=\"768\" height=\"1024\" data-id=\"8953\" src=\"https:\/\/waldkindergarten-berglen.de\/wp-content\/uploads\/2025\/03\/Filzen-768x1024.jpg\" alt=\"\" class=\"wp-image-8953\" srcset=\"https:\/\/waldkindergarten-berglen.de\/wp-content\/uploads\/2025\/03\/Filzen-768x1024.jpg 768w, https:\/\/waldkindergarten-berglen.de\/wp-content\/uploads\/2025\/03\/Filzen-225x300.jpg 225w, https:\/\/waldkindergarten-berglen.de\/wp-content\/uploads\/2025\/03\/Filzen-1152x1536.jpg 1152w, https:\/\/waldkindergarten-berglen.de\/wp-content\/uploads\/2025\/03\/Filzen-982x1309.jpg 982w, https:\/\/waldkindergarten-berglen.de\/wp-content\/uploads\/2025\/03\/Filzen-300x400.jpg 300w, https:\/\/waldkindergarten-berglen.de\/wp-content\/uploads\/2025\/03\/Filzen.jpg 1200w\" sizes=\"auto, (max-width: 768px) 100vw, 768px\" \/><\/figure>\n<\/figure>\n\n\n\n<p>Durch Reiben verfilzt die Wolle und verbindet sich zu einem stabilen Material. Begeistert haben die Kinder gefilzt und gesch\u00e4umt und so ihre K\u00f6rbchen vorbereitet. Das Ganze muss nun trocknen und dann wird es nicht mehr lange dauern, bis die K\u00f6rbchen fertig sind und Ostern kommen kann.<\/p>\n\n\n\n<p><strong>Wussten Sie schon?<\/strong><\/p>\n\n\n\n<p>Als eines der ersten bl\u00fchenden Geh\u00f6lze sind die besonders pollen \u2013 und nektarreiche Weiden f\u00fcr Bienen und andere Insekten extrem wichtig. So ist die erfolgreiche Entwicklung eines Bienenvolkes bis zur Obstbaumbl\u00fcte von einer ausreichenden Anzahl an Weidenk\u00e4tzchen abh\u00e4ngig.<\/p>\n","protected":false},"excerpt":{"rendered":"<p>Die Sonne scheint, V\u00f6gel zwitschern und Bienen summen &#8211; der Fr\u00fchling ist da! Gespannt beobachten die Kinder, wie die Natur aus dem Winterschlaf erwacht und freuen sich \u00fcber jedes entdeckte Bl\u00fcmchen. Sie beobachten K\u00e4fer, V\u00f6gel und die Bienen an der Weide auf dem St\u00fcckle. Die Weide bl\u00fcht herrlich und lockt damit viele Insekten an. Es&hellip; <a href=\"https:\/\/waldkindergarten-berglen.de\/?p=8951\" class=\"more-link\">Weiterlesen <span class=\"screen-reader-text\">Fr\u00fchlingserwachen<\/span><\/a><\/p>\n","protected":false},"author":10,"featured_media":0,"comment_status":"closed","ping_status":"closed","sticky":false,"template":"","format":"standard","meta":{"ngg_post_thumbnail":0,"_jetpack_memberships_contains_paid_content":false,"footnotes":""},"categories":[3],"tags":[],"class_list":["post-8951","post","type-post","status-publish","format-standard","hentry","category-berichte"],"jetpack_featured_media_url":"","jetpack_sharing_enabled":true,"_links":{"self":[{"href":"https:\/\/waldkindergarten-berglen.de\/index.php?rest_route=\/wp\/v2\/posts\/8951","targetHints":{"allow":["GET"]}}],"collection":[{"href":"https:\/\/waldkindergarten-berglen.de\/index.php?rest_route=\/wp\/v2\/posts"}],"about":[{"href":"https:\/\/waldkindergarten-berglen.de\/index.php?rest_route=\/wp\/v2\/types\/post"}],"author":[{"embeddable":true,"href":"https:\/\/waldkindergarten-berglen.de\/index.php?rest_route=\/wp\/v2\/users\/10"}],"replies":[{"embeddable":true,"href":"https:\/\/waldkindergarten-berglen.de\/index.php?rest_route=%2Fwp%2Fv2%2Fcomments&post=8951"}],"version-history":[{"count":1,"href":"https:\/\/waldkindergarten-berglen.de\/index.php?rest_route=\/wp\/v2\/posts\/8951\/revisions"}],"predecessor-version":[{"id":8954,"href":"https:\/\/waldkindergarten-berglen.de\/index.php?rest_route=\/wp\/v2\/posts\/8951\/revisions\/8954"}],"wp:attachment":[{"href":"https:\/\/waldkindergarten-berglen.de\/index.php?rest_route=%2Fwp%2Fv2%2Fmedia&parent=8951"}],"wp:term":[{"taxonomy":"category","embeddable":true,"href":"https:\/\/waldkindergarten-berglen.de\/index.php?rest_route=%2Fwp%2Fv2%2Fcategories&post=8951"},{"taxonomy":"post_tag","embeddable":true,"href":"https:\/\/waldkindergarten-berglen.de\/index.php?rest_route=%2Fwp%2Fv2%2Ftags&post=8951"}],"curies":[{"name":"wp","href":"https:\/\/api.w.org\/{rel}","templated":true}]}}