{"id":8964,"date":"2025-03-31T08:05:00","date_gmt":"2025-03-31T06:05:00","guid":{"rendered":"https:\/\/waldkindergarten-berglen.de\/?p=8964"},"modified":"2025-03-30T21:38:48","modified_gmt":"2025-03-30T19:38:48","slug":"kommt-ein-vogel-geflogen-nicht-nur-einer","status":"publish","type":"post","link":"https:\/\/waldkindergarten-berglen.de\/?p=8964","title":{"rendered":"Kommt ein Vogel geflogen\u2026 nicht nur einer"},"content":{"rendered":"\n<p>Im Morgenkreis bekommen die Kinder immer richtig viel Besuch von vielen V\u00f6geln, deshalb drehte sich letzte Woche mal alles um dieses Thema. Da die Kinder ihnen immer Vogelfutter mitbringen, warten die V\u00f6gel morgens schon auf sie und pfeifen und singen ihre Lieder. Erst lernten die Kinder dann alles \u00fcber die kleineren Singv\u00f6gel im Wald wie Rotkehlchen, Blaumeisen, Kohlmeisen, Eichelh\u00e4her, Specht. Nur die M\u00e4nnchen haben den charakteristischen, sch\u00f6nen Klang ihres Gezwitschers und ein bunteres Gefieder \u2013 alles nur, um die Weibchen anzulocken.<\/p>\n\n\n\n<figure class=\"wp-block-image size-large\"><img loading=\"lazy\" decoding=\"async\" width=\"768\" height=\"1024\" src=\"https:\/\/waldkindergarten-berglen.de\/wp-content\/uploads\/2025\/03\/Morgenkreis-ueber-Voegel-768x1024.jpg\" alt=\"\" class=\"wp-image-8965\" srcset=\"https:\/\/waldkindergarten-berglen.de\/wp-content\/uploads\/2025\/03\/Morgenkreis-ueber-Voegel-768x1024.jpg 768w, https:\/\/waldkindergarten-berglen.de\/wp-content\/uploads\/2025\/03\/Morgenkreis-ueber-Voegel-225x300.jpg 225w, https:\/\/waldkindergarten-berglen.de\/wp-content\/uploads\/2025\/03\/Morgenkreis-ueber-Voegel-1152x1536.jpg 1152w, https:\/\/waldkindergarten-berglen.de\/wp-content\/uploads\/2025\/03\/Morgenkreis-ueber-Voegel-1536x2048.jpg 1536w, https:\/\/waldkindergarten-berglen.de\/wp-content\/uploads\/2025\/03\/Morgenkreis-ueber-Voegel-982x1309.jpg 982w, https:\/\/waldkindergarten-berglen.de\/wp-content\/uploads\/2025\/03\/Morgenkreis-ueber-Voegel-300x400.jpg 300w, https:\/\/waldkindergarten-berglen.de\/wp-content\/uploads\/2025\/03\/Morgenkreis-ueber-Voegel-scaled.jpg 1920w\" sizes=\"auto, (max-width: 768px) 100vw, 768px\" \/><figcaption class=\"wp-element-caption\">Morgenkreis \u00fcber V\u00f6gel<\/figcaption><\/figure>\n\n\n\n<p>Sie lernten auch gr\u00f6\u00dfere Greifv\u00f6gel kennen wie den M\u00e4usebussard, die Elster, Rabenv\u00f6gel, den Milan, den Falken und Waldohreule sowie Schleiereule. Sie schauten sich an, wie diese Tiere aussehen, wie gro\u00df sie sind und erfuhren einiges \u00fcber das Verhalten, z. B. dass sie Raubv\u00f6gel sind und sich daher von M\u00e4usen und kleinen Tieren ern\u00e4hren, die sie im Flug aus gro\u00dfer H\u00f6he sehen k\u00f6nnen. Oder dass die Eule in der Nacht besonders gut sieht und dazu noch ger\u00e4uschlos fliegen kann \u2013 besonders gef\u00e4hrlich f\u00fcr ihre Beute.<\/p>\n\n\n\n<p>Als w\u00e4ren das noch nicht genug V\u00f6gel gewesen, brachte Erzieherin Sandra am Freitag noch welche ihrer eigenen H\u00fchner zu Besuch mit: zwei Seidenh\u00fchner mit wuscheligen Federn, die wie ein weiches Fell aussehen, einen Gr\u00fcnleger \u2013 ein Huhn, dessen Eier gr\u00fcn aussehen \u2013 und eine Marans-Henne, die ganz dunkelbraune Eier legt.<\/p>\n\n\n\n<figure class=\"wp-block-image size-large\"><img loading=\"lazy\" decoding=\"async\" width=\"768\" height=\"1024\" src=\"https:\/\/waldkindergarten-berglen.de\/wp-content\/uploads\/2025\/03\/Huehner-zu-Besuch-768x1024.jpg\" alt=\"\" class=\"wp-image-8966\" srcset=\"https:\/\/waldkindergarten-berglen.de\/wp-content\/uploads\/2025\/03\/Huehner-zu-Besuch-768x1024.jpg 768w, https:\/\/waldkindergarten-berglen.de\/wp-content\/uploads\/2025\/03\/Huehner-zu-Besuch-225x300.jpg 225w, https:\/\/waldkindergarten-berglen.de\/wp-content\/uploads\/2025\/03\/Huehner-zu-Besuch-1152x1536.jpg 1152w, https:\/\/waldkindergarten-berglen.de\/wp-content\/uploads\/2025\/03\/Huehner-zu-Besuch-982x1309.jpg 982w, https:\/\/waldkindergarten-berglen.de\/wp-content\/uploads\/2025\/03\/Huehner-zu-Besuch-300x400.jpg 300w, https:\/\/waldkindergarten-berglen.de\/wp-content\/uploads\/2025\/03\/Huehner-zu-Besuch.jpg 1200w\" sizes=\"auto, (max-width: 768px) 100vw, 768px\" \/><figcaption class=\"wp-element-caption\">H\u00fchner zu Besuch<\/figcaption><\/figure>\n\n\n\n<p>Und als w\u00e4re das noch nicht genug Begegnung mit Tieren \u00fcberhaupt gewesen, schaute wieder das Eichh\u00f6rnchen Frida im Morgenkreis vorbei, schnappte sich eine Nuss aus dem Vogelh\u00e4uschen und knackte diese vor den staunenden Augen der Kinder. Au\u00dferdem fanden sie auf dem Weg in den Wald einen toten Zitronenfalter, den sie ausgiebig begutachteten. Zu guter Letzt schaute auch nochmal der Froschk\u00f6nig aus dem M\u00e4rchen vorbei. Nachdem die Kinder erst dessen Brunnen im Wald gefunden hatten \u2013 ein v\u00f6llig mit Moos bewachsener Baumstumpf, in dessen Loch in der Mitte sich Wasser gesammelt hatte \u2013 h\u00fcpfte pl\u00f6tzlich ein kleiner Frosch heran und schaute sich diesen Brunnen ebenfalls an. Ob er wohl die hineingefallene goldene Kugel der Prinzessin rausholen konnte?<\/p>\n\n\n\n<figure class=\"wp-block-image size-large\"><img loading=\"lazy\" decoding=\"async\" width=\"768\" height=\"1024\" src=\"https:\/\/waldkindergarten-berglen.de\/wp-content\/uploads\/2025\/03\/Brunnen-vom-Froschkoenig-768x1024.jpg\" alt=\"\" class=\"wp-image-8967\" srcset=\"https:\/\/waldkindergarten-berglen.de\/wp-content\/uploads\/2025\/03\/Brunnen-vom-Froschkoenig-768x1024.jpg 768w, https:\/\/waldkindergarten-berglen.de\/wp-content\/uploads\/2025\/03\/Brunnen-vom-Froschkoenig-225x300.jpg 225w, https:\/\/waldkindergarten-berglen.de\/wp-content\/uploads\/2025\/03\/Brunnen-vom-Froschkoenig-1152x1536.jpg 1152w, https:\/\/waldkindergarten-berglen.de\/wp-content\/uploads\/2025\/03\/Brunnen-vom-Froschkoenig-1536x2048.jpg 1536w, https:\/\/waldkindergarten-berglen.de\/wp-content\/uploads\/2025\/03\/Brunnen-vom-Froschkoenig-982x1309.jpg 982w, https:\/\/waldkindergarten-berglen.de\/wp-content\/uploads\/2025\/03\/Brunnen-vom-Froschkoenig-300x400.jpg 300w, https:\/\/waldkindergarten-berglen.de\/wp-content\/uploads\/2025\/03\/Brunnen-vom-Froschkoenig-scaled.jpg 1920w\" sizes=\"auto, (max-width: 768px) 100vw, 768px\" \/><figcaption class=\"wp-element-caption\">Brunnen vom Froschk\u00f6nig<\/figcaption><\/figure>\n\n\n\n<p>Nur in der Fuchsschule spielten V\u00f6gel und Tiere diesmal keine Rolle. Stattdessen bereiten sich die Kinder auf den Werkzeugf\u00fchrerschein vor und schauten erstmal, welche Werkzeuge sie kennen und wie man damit umgeht bzw. welche Vorsichtsma\u00dfnahmen dabei n\u00f6tig sind. An verschiedenen Stationen probierten sie sie dann aus, drehten Schrauben mit dem Akkuschrauber rein und raus, schlugen einen Nagel mit dem Hammer rein und zogen ihn mit der Zange wieder raus, s\u00e4gten einen Ast ab und schleiften grobe Holzoberfl\u00e4chen glatt. Das machte viel Spa\u00df und bald steht dem Werkzeugf\u00fchrerschein sicher nichts mehr im Wege.<\/p>\n\n\n\n<p><strong>Wussten Sie schon?<\/strong><\/p>\n\n\n\n<p><em>Kommt ein Vogel geflogen\u2026 aber nicht alle k\u00f6nnen das. Die meisten V\u00f6gel k\u00f6nnen zwar fliegen, aber es gibt auch einige flugunf\u00e4hige Arten wie z. B. Pinguine oder Strau\u00dfe. Viele H\u00fchnerrassen k\u00f6nnen zwar einige Meter fliegen, sind aber eigentlich eher bodenorientiert.<\/em><\/p>\n","protected":false},"excerpt":{"rendered":"<p>Im Morgenkreis bekommen die Kinder immer richtig viel Besuch von vielen V\u00f6geln, deshalb drehte sich letzte Woche mal alles um dieses Thema. Da die Kinder ihnen immer Vogelfutter mitbringen, warten die V\u00f6gel morgens schon auf sie und pfeifen und singen ihre Lieder. Erst lernten die Kinder dann alles \u00fcber die kleineren Singv\u00f6gel im Wald wie&hellip; <a href=\"https:\/\/waldkindergarten-berglen.de\/?p=8964\" class=\"more-link\">Weiterlesen <span class=\"screen-reader-text\">Kommt ein Vogel geflogen\u2026 nicht nur einer<\/span><\/a><\/p>\n","protected":false},"author":11,"featured_media":0,"comment_status":"closed","ping_status":"closed","sticky":false,"template":"","format":"standard","meta":{"ngg_post_thumbnail":0,"_jetpack_memberships_contains_paid_content":false,"footnotes":""},"categories":[3],"tags":[],"class_list":["post-8964","post","type-post","status-publish","format-standard","hentry","category-berichte"],"jetpack_featured_media_url":"","jetpack_sharing_enabled":true,"_links":{"self":[{"href":"https:\/\/waldkindergarten-berglen.de\/index.php?rest_route=\/wp\/v2\/posts\/8964","targetHints":{"allow":["GET"]}}],"collection":[{"href":"https:\/\/waldkindergarten-berglen.de\/index.php?rest_route=\/wp\/v2\/posts"}],"about":[{"href":"https:\/\/waldkindergarten-berglen.de\/index.php?rest_route=\/wp\/v2\/types\/post"}],"author":[{"embeddable":true,"href":"https:\/\/waldkindergarten-berglen.de\/index.php?rest_route=\/wp\/v2\/users\/11"}],"replies":[{"embeddable":true,"href":"https:\/\/waldkindergarten-berglen.de\/index.php?rest_route=%2Fwp%2Fv2%2Fcomments&post=8964"}],"version-history":[{"count":1,"href":"https:\/\/waldkindergarten-berglen.de\/index.php?rest_route=\/wp\/v2\/posts\/8964\/revisions"}],"predecessor-version":[{"id":8968,"href":"https:\/\/waldkindergarten-berglen.de\/index.php?rest_route=\/wp\/v2\/posts\/8964\/revisions\/8968"}],"wp:attachment":[{"href":"https:\/\/waldkindergarten-berglen.de\/index.php?rest_route=%2Fwp%2Fv2%2Fmedia&parent=8964"}],"wp:term":[{"taxonomy":"category","embeddable":true,"href":"https:\/\/waldkindergarten-berglen.de\/index.php?rest_route=%2Fwp%2Fv2%2Fcategories&post=8964"},{"taxonomy":"post_tag","embeddable":true,"href":"https:\/\/waldkindergarten-berglen.de\/index.php?rest_route=%2Fwp%2Fv2%2Ftags&post=8964"}],"curies":[{"name":"wp","href":"https:\/\/api.w.org\/{rel}","templated":true}]}}