{"id":8970,"date":"2025-04-07T08:05:00","date_gmt":"2025-04-07T06:05:00","guid":{"rendered":"https:\/\/waldkindergarten-berglen.de\/?p=8970"},"modified":"2025-04-05T23:06:12","modified_gmt":"2025-04-05T21:06:12","slug":"baerlauch-bach-und-basteleien","status":"publish","type":"post","link":"https:\/\/waldkindergarten-berglen.de\/?p=8970","title":{"rendered":"B\u00e4rlauch, Bach und Basteleien"},"content":{"rendered":"\n<p>An einem Tag wurde der morgendliche Treffpunkt auf den Spielplatz in Birkmannsweiler verlegt. Trotz strahlendem Sonnenschein sollten die Kinder Gummistiefel tragen und au\u00dferdem ein K\u00f6rbchen mitbringen. Die \u00dcberschrift l\u00e4sst es bereits erahnen: sie haben B\u00e4rlauch gepfl\u00fcckt und anschlie\u00dfend am Bach gespielt. Nachdem sie sich auf dem Spielplatz ausgetobt hatten, machten sie sich ans Werk um ihre K\u00f6rbchen mit den duftenden Bl\u00e4ttern zu f\u00fcllen. Die Erzieherinnen haben genau erkl\u00e4rt worauf man beim Sammeln achten muss.<\/p>\n\n\n\n<figure class=\"wp-block-gallery has-nested-images columns-default is-cropped wp-block-gallery-1 is-layout-flex wp-block-gallery-is-layout-flex\">\n<figure class=\"wp-block-image size-large\"><img loading=\"lazy\" decoding=\"async\" width=\"767\" height=\"1024\" data-id=\"8971\" src=\"https:\/\/waldkindergarten-berglen.de\/wp-content\/uploads\/2025\/04\/Baerlauch-767x1024.jpg\" alt=\"\" class=\"wp-image-8971\" srcset=\"https:\/\/waldkindergarten-berglen.de\/wp-content\/uploads\/2025\/04\/Baerlauch-767x1024.jpg 767w, https:\/\/waldkindergarten-berglen.de\/wp-content\/uploads\/2025\/04\/Baerlauch-225x300.jpg 225w, https:\/\/waldkindergarten-berglen.de\/wp-content\/uploads\/2025\/04\/Baerlauch-768x1025.jpg 768w, https:\/\/waldkindergarten-berglen.de\/wp-content\/uploads\/2025\/04\/Baerlauch-982x1310.jpg 982w, https:\/\/waldkindergarten-berglen.de\/wp-content\/uploads\/2025\/04\/Baerlauch-300x400.jpg 300w, https:\/\/waldkindergarten-berglen.de\/wp-content\/uploads\/2025\/04\/Baerlauch.jpg 1134w\" sizes=\"auto, (max-width: 767px) 100vw, 767px\" \/><\/figure>\n<\/figure>\n\n\n\n<p>Da es B\u00e4rlauch an dieser Stelle wirklich in H\u00fclle und F\u00fclle gibt, waren die K\u00f6rbchen im Nu voll. Anschlie\u00dfend spielten die Kinder begeistert am (und im) Bach und genossen das sch\u00f6ne Wetter.<\/p>\n\n\n\n<p>Am Tag darauf gab es im Kindergarten leckere und selbst zubereitete B\u00e4rlauch-Flammkuchen, die im Lehmofen gebacken wurden. Eifrig haben die Kinder bei der Zubereitung geholfen und B\u00e4rlauch mit dem Wiegemesser geschnitten, Teig ausgerollt und Schmand darauf verteilt.<\/p>\n\n\n\n<figure class=\"wp-block-gallery has-nested-images columns-default is-cropped wp-block-gallery-2 is-layout-flex wp-block-gallery-is-layout-flex\">\n<figure class=\"wp-block-image size-large\"><img loading=\"lazy\" decoding=\"async\" width=\"1024\" height=\"768\" data-id=\"8973\" src=\"https:\/\/waldkindergarten-berglen.de\/wp-content\/uploads\/2025\/04\/Kochen-1024x768.jpg\" alt=\"\" class=\"wp-image-8973\" srcset=\"https:\/\/waldkindergarten-berglen.de\/wp-content\/uploads\/2025\/04\/Kochen-1024x768.jpg 1024w, https:\/\/waldkindergarten-berglen.de\/wp-content\/uploads\/2025\/04\/Kochen-300x225.jpg 300w, https:\/\/waldkindergarten-berglen.de\/wp-content\/uploads\/2025\/04\/Kochen-768x576.jpg 768w, https:\/\/waldkindergarten-berglen.de\/wp-content\/uploads\/2025\/04\/Kochen-982x737.jpg 982w, https:\/\/waldkindergarten-berglen.de\/wp-content\/uploads\/2025\/04\/Kochen-400x300.jpg 400w, https:\/\/waldkindergarten-berglen.de\/wp-content\/uploads\/2025\/04\/Kochen.jpg 1516w\" sizes=\"auto, (max-width: 1024px) 100vw, 1024px\" \/><\/figure>\n<\/figure>\n\n\n\n<p>Fast alle haben die k\u00f6stlich duftenden Flammkuchen anschlie\u00dfend probiert, auch wenn manche zuerst skeptisch waren. K\u00f6stlich waren auch die Butterbrezeln und die B\u00e4ren-Kekse, die es zur Geburtstagsfeier eines Zwergenkindes gab. Alles Gute noch an dieser Stelle!<\/p>\n\n\n\n<figure class=\"wp-block-gallery has-nested-images columns-default is-cropped wp-block-gallery-3 is-layout-flex wp-block-gallery-is-layout-flex\">\n<figure class=\"wp-block-image size-large\"><img loading=\"lazy\" decoding=\"async\" width=\"730\" height=\"1024\" data-id=\"8972\" src=\"https:\/\/waldkindergarten-berglen.de\/wp-content\/uploads\/2025\/04\/Geburtstag-730x1024.jpg\" alt=\"\" class=\"wp-image-8972\" srcset=\"https:\/\/waldkindergarten-berglen.de\/wp-content\/uploads\/2025\/04\/Geburtstag-730x1024.jpg 730w, https:\/\/waldkindergarten-berglen.de\/wp-content\/uploads\/2025\/04\/Geburtstag-214x300.jpg 214w, https:\/\/waldkindergarten-berglen.de\/wp-content\/uploads\/2025\/04\/Geburtstag-768x1078.jpg 768w, https:\/\/waldkindergarten-berglen.de\/wp-content\/uploads\/2025\/04\/Geburtstag-285x400.jpg 285w, https:\/\/waldkindergarten-berglen.de\/wp-content\/uploads\/2025\/04\/Geburtstag.jpg 933w\" sizes=\"auto, (max-width: 730px) 100vw, 730px\" \/><\/figure>\n<\/figure>\n\n\n\n<p>In der \u201eFuchsschule\u201c haben die Vorschulkinder aus buntem Papier Hasen und Tulpen gefaltet, auf ein Blatt Papier geklebt und ein sch\u00f6nes Fr\u00fchlingsbild daraus kreiert. Au\u00dferdem haben alle Kinder aus kleinen Holzscheiben Osterhasen gebastelt. Hier wurde gebohrt, mit Draht die Ohren geformt und kleine Gesichtchen gemalt. Auch die gefilzten Osterk\u00f6rbchen sind mittlerweile fertig und mit Heu ausgestattet. Die Kinder sind schon voller Vorfreude und hoffen, dass der Osterhase ihre K\u00f6rbchen auch dieses Jahr wieder f\u00fcllen wird.<\/p>\n\n\n\n<p>Nun m\u00f6chten wir uns noch herzlich bei Familie M\u00fcller vom Hofladen in Kottweil f\u00fcr das gespendete Holz bedanken. Beim Arbeitseinsatz der Eltern wurden daraus kleine Tische in der Hutzelmannh\u00fctte. &nbsp;Danke auch an alle Eltern, die bei dem Arbeitseinsatz tatkr\u00e4ftig angepackt oder etwas beigesteuert haben. &nbsp;Es wurden Knochensteine vor der \u201eSturmh\u00f6hle\u201c verlegt, Waldsofas aufgepolstert und vieles mehr.<\/p>\n\n\n\n<p><strong>Wussten Sie schon?<\/strong><\/p>\n\n\n\n<p>Den typischen Knoblauchduft verdankt B\u00e4rlauch dem schwefeligen Allicin. Dieses entsteht, wenn die Bl\u00e4tter zerrieben oder zerschnitten werden.<\/p>\n","protected":false},"excerpt":{"rendered":"<p>An einem Tag wurde der morgendliche Treffpunkt auf den Spielplatz in Birkmannsweiler verlegt. Trotz strahlendem Sonnenschein sollten die Kinder Gummistiefel tragen und au\u00dferdem ein K\u00f6rbchen mitbringen. Die \u00dcberschrift l\u00e4sst es bereits erahnen: sie haben B\u00e4rlauch gepfl\u00fcckt und anschlie\u00dfend am Bach gespielt. Nachdem sie sich auf dem Spielplatz ausgetobt hatten, machten sie sich ans Werk um&hellip; <a href=\"https:\/\/waldkindergarten-berglen.de\/?p=8970\" class=\"more-link\">Weiterlesen <span class=\"screen-reader-text\">B\u00e4rlauch, Bach und Basteleien<\/span><\/a><\/p>\n","protected":false},"author":10,"featured_media":0,"comment_status":"closed","ping_status":"closed","sticky":false,"template":"","format":"standard","meta":{"ngg_post_thumbnail":0,"_jetpack_memberships_contains_paid_content":false,"footnotes":""},"categories":[3],"tags":[],"class_list":["post-8970","post","type-post","status-publish","format-standard","hentry","category-berichte"],"jetpack_featured_media_url":"","jetpack_sharing_enabled":true,"_links":{"self":[{"href":"https:\/\/waldkindergarten-berglen.de\/index.php?rest_route=\/wp\/v2\/posts\/8970","targetHints":{"allow":["GET"]}}],"collection":[{"href":"https:\/\/waldkindergarten-berglen.de\/index.php?rest_route=\/wp\/v2\/posts"}],"about":[{"href":"https:\/\/waldkindergarten-berglen.de\/index.php?rest_route=\/wp\/v2\/types\/post"}],"author":[{"embeddable":true,"href":"https:\/\/waldkindergarten-berglen.de\/index.php?rest_route=\/wp\/v2\/users\/10"}],"replies":[{"embeddable":true,"href":"https:\/\/waldkindergarten-berglen.de\/index.php?rest_route=%2Fwp%2Fv2%2Fcomments&post=8970"}],"version-history":[{"count":1,"href":"https:\/\/waldkindergarten-berglen.de\/index.php?rest_route=\/wp\/v2\/posts\/8970\/revisions"}],"predecessor-version":[{"id":8974,"href":"https:\/\/waldkindergarten-berglen.de\/index.php?rest_route=\/wp\/v2\/posts\/8970\/revisions\/8974"}],"wp:attachment":[{"href":"https:\/\/waldkindergarten-berglen.de\/index.php?rest_route=%2Fwp%2Fv2%2Fmedia&parent=8970"}],"wp:term":[{"taxonomy":"category","embeddable":true,"href":"https:\/\/waldkindergarten-berglen.de\/index.php?rest_route=%2Fwp%2Fv2%2Fcategories&post=8970"},{"taxonomy":"post_tag","embeddable":true,"href":"https:\/\/waldkindergarten-berglen.de\/index.php?rest_route=%2Fwp%2Fv2%2Ftags&post=8970"}],"curies":[{"name":"wp","href":"https:\/\/api.w.org\/{rel}","templated":true}]}}