{"id":8976,"date":"2025-04-14T08:05:00","date_gmt":"2025-04-14T06:05:00","guid":{"rendered":"https:\/\/waldkindergarten-berglen.de\/?p=8976"},"modified":"2025-04-13T13:10:51","modified_gmt":"2025-04-13T11:10:51","slug":"neues-aus-der-waldspielgruppe-97","status":"publish","type":"post","link":"https:\/\/waldkindergarten-berglen.de\/?p=8976","title":{"rendered":"Neues aus der Waldspielgruppe"},"content":{"rendered":"\n<p>Die Winterpause ist vorbei und die Waldspielgruppe hat begonnen.<\/p>\n\n\n\n<p>Nach einer kurzen Vorstellungsrunde am Waldspielplatz sind wir gemeinsam zur \u201eDicken Berta\u201c aufgebrochen.<br><br>Unterwegs wurde ein Stopp beim Kletterberg eingelegt und die Kinder konnten nach dem Aufstieg den H\u00fcgel hinunterrutschen.<\/p>\n\n\n\n<figure class=\"wp-block-gallery has-nested-images columns-default is-cropped wp-block-gallery-1 is-layout-flex wp-block-gallery-is-layout-flex\">\n<figure class=\"wp-block-image size-large\"><img loading=\"lazy\" decoding=\"async\" width=\"768\" height=\"1024\" data-id=\"8977\" src=\"https:\/\/waldkindergarten-berglen.de\/wp-content\/uploads\/2025\/04\/Rutschen2025-768x1024.jpg\" alt=\"\" class=\"wp-image-8977\" srcset=\"https:\/\/waldkindergarten-berglen.de\/wp-content\/uploads\/2025\/04\/Rutschen2025-768x1024.jpg 768w, https:\/\/waldkindergarten-berglen.de\/wp-content\/uploads\/2025\/04\/Rutschen2025-225x300.jpg 225w, https:\/\/waldkindergarten-berglen.de\/wp-content\/uploads\/2025\/04\/Rutschen2025-1152x1536.jpg 1152w, https:\/\/waldkindergarten-berglen.de\/wp-content\/uploads\/2025\/04\/Rutschen2025-1536x2048.jpg 1536w, https:\/\/waldkindergarten-berglen.de\/wp-content\/uploads\/2025\/04\/Rutschen2025-982x1309.jpg 982w, https:\/\/waldkindergarten-berglen.de\/wp-content\/uploads\/2025\/04\/Rutschen2025-300x400.jpg 300w, https:\/\/waldkindergarten-berglen.de\/wp-content\/uploads\/2025\/04\/Rutschen2025-scaled.jpg 1920w\" sizes=\"auto, (max-width: 768px) 100vw, 768px\" \/><\/figure>\n<\/figure>\n\n\n\n<p>Bei der Dicken Berta angekommen gabs erstmal Vesper. Nachdem alle gest\u00e4rkt waren, h\u00f6rten wir die Geschichte von dem kleinen, sch\u00fcchternen Igel Benjamin und machten uns anschlie\u00dfend auf die Suche nach dem echten Igel Benjamin, der sich im Wald versteckt hatte.<\/p>\n\n\n\n<figure class=\"wp-block-gallery has-nested-images columns-default is-cropped wp-block-gallery-2 is-layout-flex wp-block-gallery-is-layout-flex\">\n<figure class=\"wp-block-image size-large\"><img loading=\"lazy\" decoding=\"async\" width=\"768\" height=\"1024\" data-id=\"8978\" src=\"https:\/\/waldkindergarten-berglen.de\/wp-content\/uploads\/2025\/04\/Igel-768x1024.jpg\" alt=\"\" class=\"wp-image-8978\" srcset=\"https:\/\/waldkindergarten-berglen.de\/wp-content\/uploads\/2025\/04\/Igel-768x1024.jpg 768w, https:\/\/waldkindergarten-berglen.de\/wp-content\/uploads\/2025\/04\/Igel-225x300.jpg 225w, https:\/\/waldkindergarten-berglen.de\/wp-content\/uploads\/2025\/04\/Igel-1152x1536.jpg 1152w, https:\/\/waldkindergarten-berglen.de\/wp-content\/uploads\/2025\/04\/Igel-1536x2048.jpg 1536w, https:\/\/waldkindergarten-berglen.de\/wp-content\/uploads\/2025\/04\/Igel-982x1309.jpg 982w, https:\/\/waldkindergarten-berglen.de\/wp-content\/uploads\/2025\/04\/Igel-300x400.jpg 300w, https:\/\/waldkindergarten-berglen.de\/wp-content\/uploads\/2025\/04\/Igel-scaled.jpg 1920w\" sizes=\"auto, (max-width: 768px) 100vw, 768px\" \/><\/figure>\n<\/figure>\n\n\n\n<p><br>Als wir Benjamin gefunden hatten, durfte sich jeder zur Erinnerung einen kleinen Igel aus Tannenzapfen basteln.<\/p>\n","protected":false},"excerpt":{"rendered":"<p>Die Winterpause ist vorbei und die Waldspielgruppe hat begonnen. Nach einer kurzen Vorstellungsrunde am Waldspielplatz sind wir gemeinsam zur \u201eDicken Berta\u201c aufgebrochen. Unterwegs wurde ein Stopp beim Kletterberg eingelegt und die Kinder konnten nach dem Aufstieg den H\u00fcgel hinunterrutschen. Bei der Dicken Berta angekommen gabs erstmal Vesper. Nachdem alle gest\u00e4rkt waren, h\u00f6rten wir die Geschichte&hellip; <a href=\"https:\/\/waldkindergarten-berglen.de\/?p=8976\" class=\"more-link\">Weiterlesen <span class=\"screen-reader-text\">Neues aus der Waldspielgruppe<\/span><\/a><\/p>\n","protected":false},"author":10,"featured_media":0,"comment_status":"closed","ping_status":"closed","sticky":false,"template":"","format":"standard","meta":{"ngg_post_thumbnail":0,"_jetpack_memberships_contains_paid_content":false,"footnotes":""},"categories":[10],"tags":[],"class_list":["post-8976","post","type-post","status-publish","format-standard","hentry","category-waldspielgruppenberichte-aktuell"],"jetpack_featured_media_url":"","jetpack_sharing_enabled":true,"_links":{"self":[{"href":"https:\/\/waldkindergarten-berglen.de\/index.php?rest_route=\/wp\/v2\/posts\/8976","targetHints":{"allow":["GET"]}}],"collection":[{"href":"https:\/\/waldkindergarten-berglen.de\/index.php?rest_route=\/wp\/v2\/posts"}],"about":[{"href":"https:\/\/waldkindergarten-berglen.de\/index.php?rest_route=\/wp\/v2\/types\/post"}],"author":[{"embeddable":true,"href":"https:\/\/waldkindergarten-berglen.de\/index.php?rest_route=\/wp\/v2\/users\/10"}],"replies":[{"embeddable":true,"href":"https:\/\/waldkindergarten-berglen.de\/index.php?rest_route=%2Fwp%2Fv2%2Fcomments&post=8976"}],"version-history":[{"count":1,"href":"https:\/\/waldkindergarten-berglen.de\/index.php?rest_route=\/wp\/v2\/posts\/8976\/revisions"}],"predecessor-version":[{"id":8979,"href":"https:\/\/waldkindergarten-berglen.de\/index.php?rest_route=\/wp\/v2\/posts\/8976\/revisions\/8979"}],"wp:attachment":[{"href":"https:\/\/waldkindergarten-berglen.de\/index.php?rest_route=%2Fwp%2Fv2%2Fmedia&parent=8976"}],"wp:term":[{"taxonomy":"category","embeddable":true,"href":"https:\/\/waldkindergarten-berglen.de\/index.php?rest_route=%2Fwp%2Fv2%2Fcategories&post=8976"},{"taxonomy":"post_tag","embeddable":true,"href":"https:\/\/waldkindergarten-berglen.de\/index.php?rest_route=%2Fwp%2Fv2%2Ftags&post=8976"}],"curies":[{"name":"wp","href":"https:\/\/api.w.org\/{rel}","templated":true}]}}