{"id":8981,"date":"2025-04-14T08:05:00","date_gmt":"2025-04-14T06:05:00","guid":{"rendered":"https:\/\/waldkindergarten-berglen.de\/?p=8981"},"modified":"2025-04-13T18:10:51","modified_gmt":"2025-04-13T16:10:51","slug":"frohe-ostern","status":"publish","type":"post","link":"https:\/\/waldkindergarten-berglen.de\/?p=8981","title":{"rendered":"Frohe Ostern"},"content":{"rendered":"\n<p>Bei herrlichem Fr\u00fchlingswetter feierten die Kinder im Wald das Osterfest. Im Morgenkreis ging es erstmal rund ums Thema Ostereier. Die Kinder h\u00f6rten die Ostergeschichte und lernten, dass das Ei ein Symbol f\u00fcr das Leben ist und wegen der Auferstehung Jesu ein Zeichen f\u00fcr das Osterfest geworden ist. Dann gab es eine Eierausstellung: Vom ganz kleinen Meisenei bis zum riesigen Strau\u00dfenei war alles dabei. Die Kinder bestaunten Wachteleier, G\u00e4nseeier, Enteneier, gar Krokodileier und H\u00fchnereier in allen Farben, von klassisch wei\u00df und braun bis zu gr\u00fcn und blau. Dabei wurden sie immer wieder vom Eichh\u00f6rnchen Frida unterbrochen, das st\u00e4ndig zum Morgenkreis kam und Radau machte, bis es endlich ein paar N\u00fcsse zum Futtern bekam.<\/p>\n\n\n\n<figure class=\"wp-block-image size-large\"><img loading=\"lazy\" decoding=\"async\" width=\"1024\" height=\"768\" src=\"https:\/\/waldkindergarten-berglen.de\/wp-content\/uploads\/2025\/04\/Eierhutzeln-1024x768.jpg\" alt=\"\" class=\"wp-image-8982\" srcset=\"https:\/\/waldkindergarten-berglen.de\/wp-content\/uploads\/2025\/04\/Eierhutzeln-1024x768.jpg 1024w, https:\/\/waldkindergarten-berglen.de\/wp-content\/uploads\/2025\/04\/Eierhutzeln-300x225.jpg 300w, https:\/\/waldkindergarten-berglen.de\/wp-content\/uploads\/2025\/04\/Eierhutzeln-768x576.jpg 768w, https:\/\/waldkindergarten-berglen.de\/wp-content\/uploads\/2025\/04\/Eierhutzeln-1536x1152.jpg 1536w, https:\/\/waldkindergarten-berglen.de\/wp-content\/uploads\/2025\/04\/Eierhutzeln-982x737.jpg 982w, https:\/\/waldkindergarten-berglen.de\/wp-content\/uploads\/2025\/04\/Eierhutzeln-400x300.jpg 400w, https:\/\/waldkindergarten-berglen.de\/wp-content\/uploads\/2025\/04\/Eierhutzeln.jpg 1600w\" sizes=\"auto, (max-width: 1024px) 100vw, 1024px\" \/><figcaption class=\"wp-element-caption\">Eierhutzeln<\/figcaption><\/figure>\n\n\n\n<p>Dann ging es zur Dicken Berta, wo ein reichlich gef\u00fclltes Osterbuffet auf die Kinder wartete \u2013 hier einen herzlichen Dank an alle Eltern, die hierzu die verschiedensten Leckereien beigetragen haben. Jedoch \u2013 wo waren nur die gef\u00e4rbten Eier hin, die zuvor noch im K\u00f6rbchen lagen? Die hatte der Osterhase im Wald versteckt! Nach schneller Suche waren sie zum Gl\u00fcck wieder gefunden. Mit den Eiern spielten sie auch noch das Spiel \u201eEierhutzeln\u201c, bei dem die Eier ein v-f\u00f6rmiges Brett hinunterkullern mit dem Ziel, im Auslauf m\u00f6glichst viele Steine von anderen Eiern herunterzuschubsen.<\/p>\n\n\n\n<figure class=\"wp-block-image size-large\"><img loading=\"lazy\" decoding=\"async\" width=\"768\" height=\"1024\" src=\"https:\/\/waldkindergarten-berglen.de\/wp-content\/uploads\/2025\/04\/Osternestchen-768x1024.jpg\" alt=\"\" class=\"wp-image-8983\" srcset=\"https:\/\/waldkindergarten-berglen.de\/wp-content\/uploads\/2025\/04\/Osternestchen-768x1024.jpg 768w, https:\/\/waldkindergarten-berglen.de\/wp-content\/uploads\/2025\/04\/Osternestchen-225x300.jpg 225w, https:\/\/waldkindergarten-berglen.de\/wp-content\/uploads\/2025\/04\/Osternestchen-1152x1536.jpg 1152w, https:\/\/waldkindergarten-berglen.de\/wp-content\/uploads\/2025\/04\/Osternestchen-982x1309.jpg 982w, https:\/\/waldkindergarten-berglen.de\/wp-content\/uploads\/2025\/04\/Osternestchen-300x400.jpg 300w, https:\/\/waldkindergarten-berglen.de\/wp-content\/uploads\/2025\/04\/Osternestchen.jpg 1200w\" sizes=\"auto, (max-width: 768px) 100vw, 768px\" \/><figcaption class=\"wp-element-caption\">Osternestchen<\/figcaption><\/figure>\n\n\n\n<p>Nach der St\u00e4rkung am Buffet ging es schlie\u00dflich in den Wald zum Osterplatz. Dort hatte jedes Kind tags zuvor ein Osterg\u00e4rtchen gerichtet, mit Z\u00e4unchen, D\u00e4chern, St\u00f6cken, Moosen und Bl\u00fcmchen. So wusste der Osterhase genau, wo er f\u00fcr welches Kind das Osternestchen aus Filz hineinlegen konnte.<\/p>\n\n\n\n<figure class=\"wp-block-image size-large\"><img loading=\"lazy\" decoding=\"async\" width=\"768\" height=\"1024\" src=\"https:\/\/waldkindergarten-berglen.de\/wp-content\/uploads\/2025\/04\/Holzspalten-fuer-die-Dachschindeln-768x1024.jpg\" alt=\"\" class=\"wp-image-8984\" srcset=\"https:\/\/waldkindergarten-berglen.de\/wp-content\/uploads\/2025\/04\/Holzspalten-fuer-die-Dachschindeln-768x1024.jpg 768w, https:\/\/waldkindergarten-berglen.de\/wp-content\/uploads\/2025\/04\/Holzspalten-fuer-die-Dachschindeln-225x300.jpg 225w, https:\/\/waldkindergarten-berglen.de\/wp-content\/uploads\/2025\/04\/Holzspalten-fuer-die-Dachschindeln-1152x1536.jpg 1152w, https:\/\/waldkindergarten-berglen.de\/wp-content\/uploads\/2025\/04\/Holzspalten-fuer-die-Dachschindeln-982x1309.jpg 982w, https:\/\/waldkindergarten-berglen.de\/wp-content\/uploads\/2025\/04\/Holzspalten-fuer-die-Dachschindeln-300x400.jpg 300w, https:\/\/waldkindergarten-berglen.de\/wp-content\/uploads\/2025\/04\/Holzspalten-fuer-die-Dachschindeln.jpg 1200w\" sizes=\"auto, (max-width: 768px) 100vw, 768px\" \/><\/figure>\n\n\n\n<p>Weitere Fortschritte f\u00fcr den Werkzeugschein machten die Vorsch\u00fcler in der Fuchsschule. Als Abschluss daf\u00fcr stellen sie jedes Jahr auch ein Werkst\u00fcck her, dieses Jahr soll der Rucksackst\u00e4nder mit Schindeln belegt werden. Also durften sie mit Hackebeil und Gummihammer ausger\u00fcstet d\u00fcnne Holzschindeln abspalten. Es wurde auch besprochen, dass sich hierf\u00fcr Nadelholz am besten eignet, weil es durch den h\u00f6heren Harzgehalt haltbarer und wetterfester ist und dass bereits seit der R\u00f6merzeit D\u00e4cher so gedeckt werden, auch heute noch in Gegenden mit viel Wald.<\/p>\n\n\n\n<p>600 Schindeln werden wohl ben\u00f6tigt, um den Rucksackst\u00e4nder einzudecken \u2013 das ist dann doch ein etwas umfangreiches Projekt f\u00fcr die F\u00fcchse. Zum Gl\u00fcck gibt es einen (hobbym\u00e4\u00dfigen) Schindelmacher in der Gegend, bei dem der Rest erworben werden kann, sodass nach den Osterferien sicherlich schon bald das Dach gedeckt wird.<\/p>\n\n\n\n<p>Frohe Ostern und sch\u00f6ne Ferien!<\/p>\n\n\n\n<p><strong>Wussten Sie schon?<\/strong><\/p>\n\n\n\n<p><em>Das Harz funktioniert als Schutz der B\u00e4ume vor Eindringlingen und Fressfeinden. Eine Wunde im Baum wird durch die klebrige Fl\u00fcssigkeit verschlossen und die Eindringlinge wie kleine K\u00e4fer und andere Tiere kleben daran fest.<\/em><\/p>\n\n\n\n<figure class=\"wp-block-image size-large\"><img loading=\"lazy\" decoding=\"async\" width=\"709\" height=\"1024\" src=\"https:\/\/waldkindergarten-berglen.de\/wp-content\/uploads\/2025\/04\/Plakat-Infoabend-2-709x1024.jpg\" alt=\"\" class=\"wp-image-8988\" srcset=\"https:\/\/waldkindergarten-berglen.de\/wp-content\/uploads\/2025\/04\/Plakat-Infoabend-2-709x1024.jpg 709w, https:\/\/waldkindergarten-berglen.de\/wp-content\/uploads\/2025\/04\/Plakat-Infoabend-2-208x300.jpg 208w, https:\/\/waldkindergarten-berglen.de\/wp-content\/uploads\/2025\/04\/Plakat-Infoabend-2-277x400.jpg 277w, https:\/\/waldkindergarten-berglen.de\/wp-content\/uploads\/2025\/04\/Plakat-Infoabend-2.jpg 720w\" sizes=\"auto, (max-width: 709px) 100vw, 709px\" \/><\/figure>\n","protected":false},"excerpt":{"rendered":"<p>Bei herrlichem Fr\u00fchlingswetter feierten die Kinder im Wald das Osterfest. Im Morgenkreis ging es erstmal rund ums Thema Ostereier. Die Kinder h\u00f6rten die Ostergeschichte und lernten, dass das Ei ein Symbol f\u00fcr das Leben ist und wegen der Auferstehung Jesu ein Zeichen f\u00fcr das Osterfest geworden ist. Dann gab es eine Eierausstellung: Vom ganz kleinen&hellip; <a href=\"https:\/\/waldkindergarten-berglen.de\/?p=8981\" class=\"more-link\">Weiterlesen <span class=\"screen-reader-text\">Frohe Ostern<\/span><\/a><\/p>\n","protected":false},"author":11,"featured_media":0,"comment_status":"closed","ping_status":"closed","sticky":false,"template":"","format":"standard","meta":{"ngg_post_thumbnail":0,"_jetpack_memberships_contains_paid_content":false,"footnotes":""},"categories":[3],"tags":[],"class_list":["post-8981","post","type-post","status-publish","format-standard","hentry","category-berichte"],"jetpack_featured_media_url":"","jetpack_sharing_enabled":true,"_links":{"self":[{"href":"https:\/\/waldkindergarten-berglen.de\/index.php?rest_route=\/wp\/v2\/posts\/8981","targetHints":{"allow":["GET"]}}],"collection":[{"href":"https:\/\/waldkindergarten-berglen.de\/index.php?rest_route=\/wp\/v2\/posts"}],"about":[{"href":"https:\/\/waldkindergarten-berglen.de\/index.php?rest_route=\/wp\/v2\/types\/post"}],"author":[{"embeddable":true,"href":"https:\/\/waldkindergarten-berglen.de\/index.php?rest_route=\/wp\/v2\/users\/11"}],"replies":[{"embeddable":true,"href":"https:\/\/waldkindergarten-berglen.de\/index.php?rest_route=%2Fwp%2Fv2%2Fcomments&post=8981"}],"version-history":[{"count":2,"href":"https:\/\/waldkindergarten-berglen.de\/index.php?rest_route=\/wp\/v2\/posts\/8981\/revisions"}],"predecessor-version":[{"id":8989,"href":"https:\/\/waldkindergarten-berglen.de\/index.php?rest_route=\/wp\/v2\/posts\/8981\/revisions\/8989"}],"wp:attachment":[{"href":"https:\/\/waldkindergarten-berglen.de\/index.php?rest_route=%2Fwp%2Fv2%2Fmedia&parent=8981"}],"wp:term":[{"taxonomy":"category","embeddable":true,"href":"https:\/\/waldkindergarten-berglen.de\/index.php?rest_route=%2Fwp%2Fv2%2Fcategories&post=8981"},{"taxonomy":"post_tag","embeddable":true,"href":"https:\/\/waldkindergarten-berglen.de\/index.php?rest_route=%2Fwp%2Fv2%2Ftags&post=8981"}],"curies":[{"name":"wp","href":"https:\/\/api.w.org\/{rel}","templated":true}]}}