{"id":9060,"date":"2025-06-30T08:05:00","date_gmt":"2025-06-30T06:05:00","guid":{"rendered":"https:\/\/waldkindergarten-berglen.de\/?p=9060"},"modified":"2025-06-28T19:41:06","modified_gmt":"2025-06-28T17:41:06","slug":"ein-hauch-von-schule-und-ganz-viel-maerchen","status":"publish","type":"post","link":"https:\/\/waldkindergarten-berglen.de\/?p=9060","title":{"rendered":"Ein Hauch von Schule und ganz viel M\u00e4rchen"},"content":{"rendered":"\n<p>In dieser Woche tauchten die Waldkinder noch einmal in die zauberhafte Welt der M\u00e4rchen ein. Das Thema M\u00e4rchen hat uns durch das ganze Kindergartenjahr begleitet und war auch das Motto unserer Faschingsfeier. Nun wartete noch ein besonderes Highlight auf die Kinder: Sie durften mit dem Reisebus einen Ausflug nach Ludwigsburg in den M\u00e4rchengarten machen! &nbsp;Aufgeregt und voller Vorfreude haben sie sich morgens am Feuerwehrspielplatz in Steinach getroffen. Nach einer Runde Spielen und Toben kamen alle zu einem kurzen Morgenkreis zusammen und dann startete das Abenteuer. Im Bl\u00fchenden Barock angekommen bestaunten sie als erstes die beeindruckenden Fasane in den Vogel-Volieren und die Skulpturen der Sand-Kunst-Ausstellung. Schlie\u00dflich erblickten sie das Tor des M\u00e4rchengartens. Begeistert fuhren sie mit den Booten, entdeckten nach und nach die M\u00e4rchen, schauten in den Frau-Holle-Brunnen, f\u00fctterten den Papierdrachen mit Papier und freuten sich \u00fcber sein \u201eDanke!\u201c<\/p>\n\n\n\n<figure class=\"wp-block-gallery has-nested-images columns-default is-cropped wp-block-gallery-1 is-layout-flex wp-block-gallery-is-layout-flex\">\n<figure class=\"wp-block-image size-large\"><img loading=\"lazy\" decoding=\"async\" width=\"768\" height=\"1024\" data-id=\"9061\" src=\"https:\/\/waldkindergarten-berglen.de\/wp-content\/uploads\/2025\/06\/Boot-768x1024.jpg\" alt=\"\" class=\"wp-image-9061\" srcset=\"https:\/\/waldkindergarten-berglen.de\/wp-content\/uploads\/2025\/06\/Boot-768x1024.jpg 768w, https:\/\/waldkindergarten-berglen.de\/wp-content\/uploads\/2025\/06\/Boot-225x300.jpg 225w, https:\/\/waldkindergarten-berglen.de\/wp-content\/uploads\/2025\/06\/Boot-1152x1536.jpg 1152w, https:\/\/waldkindergarten-berglen.de\/wp-content\/uploads\/2025\/06\/Boot-982x1309.jpg 982w, https:\/\/waldkindergarten-berglen.de\/wp-content\/uploads\/2025\/06\/Boot-300x400.jpg 300w, https:\/\/waldkindergarten-berglen.de\/wp-content\/uploads\/2025\/06\/Boot.jpg 1200w\" sizes=\"auto, (max-width: 768px) 100vw, 768px\" \/><\/figure>\n<\/figure>\n\n\n\n<p>Viel Spa\u00df hat auch das Labyrinth mit dem Wasser-spuckenden Froschk\u00f6nig in der Mitte gemacht. Rapunzel hat ihr Haar auf Zuruf der Kinder heruntergelassen und eine Runde in der Herzogschaukel durfte auch nicht fehlen. Es war ein richtig sch\u00f6ner Tag, bei dem die Kinder viel gesehen und viel erlebt haben!<\/p>\n\n\n\n<figure class=\"wp-block-gallery has-nested-images columns-default is-cropped wp-block-gallery-2 is-layout-flex wp-block-gallery-is-layout-flex\">\n<figure class=\"wp-block-image size-large\"><img loading=\"lazy\" decoding=\"async\" width=\"1024\" height=\"768\" data-id=\"9062\" src=\"https:\/\/waldkindergarten-berglen.de\/wp-content\/uploads\/2025\/06\/Maerchen-1024x768.jpg\" alt=\"\" class=\"wp-image-9062\" srcset=\"https:\/\/waldkindergarten-berglen.de\/wp-content\/uploads\/2025\/06\/Maerchen-1024x768.jpg 1024w, https:\/\/waldkindergarten-berglen.de\/wp-content\/uploads\/2025\/06\/Maerchen-300x225.jpg 300w, https:\/\/waldkindergarten-berglen.de\/wp-content\/uploads\/2025\/06\/Maerchen-768x576.jpg 768w, https:\/\/waldkindergarten-berglen.de\/wp-content\/uploads\/2025\/06\/Maerchen-1536x1152.jpg 1536w, https:\/\/waldkindergarten-berglen.de\/wp-content\/uploads\/2025\/06\/Maerchen-982x737.jpg 982w, https:\/\/waldkindergarten-berglen.de\/wp-content\/uploads\/2025\/06\/Maerchen-400x300.jpg 400w, https:\/\/waldkindergarten-berglen.de\/wp-content\/uploads\/2025\/06\/Maerchen.jpg 1600w\" sizes=\"auto, (max-width: 1024px) 100vw, 1024px\" \/><\/figure>\n<\/figure>\n\n\n\n<p>Ein weiteres tolles Erlebnis gab es f\u00fcr unsere Vorschulkinder, denn sie durften erstmals \u201eechte Schulluft\u201c schnuppern und eine Schulstunde miterleben. Wie spannend!&nbsp; Gemeinsam machten sie sich morgens vom Waldspielplatz aus auf den Weg nach Oppelsbohm zur Schule. Unterwegs konnte man die Vorfreude schon deutlich sp\u00fcren. In Oppelsbohm angekommen konnten die Kinder die gro\u00dfe Pause und anschlie\u00dfend eine Schulstunde miterleben. Hier lernten sie auch schon Lola kennen. Lola ist eine Handpuppe, die mit ihnen die Buchstaben lernen wird. Auch das war ein aufregender Vormittag f\u00fcr die \u201eF\u00fcchse\u201c, die sich nun immer mehr auf die Schule freuen. Und was ist wirklich wichtig f\u00fcr den ersten Schultag? Richtig, die Schult\u00fcte! Deshalb haben sie diese Woche auch begonnen ihre Schult\u00fcten zu \u201ebasteln\u201c. Sie werden aus Weidenzweigen geflochten und mit bunter M\u00e4rchenwolle und Naturmaterialien verziert.<\/p>\n\n\n\n<figure class=\"wp-block-gallery has-nested-images columns-default is-cropped wp-block-gallery-3 is-layout-flex wp-block-gallery-is-layout-flex\">\n<figure class=\"wp-block-image size-large\"><img loading=\"lazy\" decoding=\"async\" width=\"768\" height=\"1024\" data-id=\"9063\" src=\"https:\/\/waldkindergarten-berglen.de\/wp-content\/uploads\/2025\/06\/Schultuete-768x1024.jpg\" alt=\"\" class=\"wp-image-9063\" srcset=\"https:\/\/waldkindergarten-berglen.de\/wp-content\/uploads\/2025\/06\/Schultuete-768x1024.jpg 768w, https:\/\/waldkindergarten-berglen.de\/wp-content\/uploads\/2025\/06\/Schultuete-225x300.jpg 225w, https:\/\/waldkindergarten-berglen.de\/wp-content\/uploads\/2025\/06\/Schultuete-1152x1536.jpg 1152w, https:\/\/waldkindergarten-berglen.de\/wp-content\/uploads\/2025\/06\/Schultuete-982x1309.jpg 982w, https:\/\/waldkindergarten-berglen.de\/wp-content\/uploads\/2025\/06\/Schultuete-300x400.jpg 300w, https:\/\/waldkindergarten-berglen.de\/wp-content\/uploads\/2025\/06\/Schultuete.jpg 1200w\" sizes=\"auto, (max-width: 768px) 100vw, 768px\" \/><\/figure>\n<\/figure>\n\n\n\n<p>Die Kinder sind erfahrungsgem\u00e4\u00df sehr stolz auf die selbst gemachten Schult\u00fcten und genie\u00dfen auch die Zeit, in der sie ihre Schult\u00fcte flechten d\u00fcrfen. Hier entstehen oft tolle Gespr\u00e4che.<\/p>\n\n\n\n<p><strong>Wussten Sie schon?<\/strong><\/p>\n\n\n\n<p>Schmetterlinge schmecken mit ihren F\u00fc\u00dfen. Die hochspezialisierten Sinneszellen (Sensillen) an den F\u00fc\u00dfen&nbsp; erm\u00f6glichen es den Schmetterlingen die Qualit\u00e4t des Nektars oder anderer Nahrungsquellen zu beurteilen, auf denen sie gelandet sind.<\/p>\n","protected":false},"excerpt":{"rendered":"<p>In dieser Woche tauchten die Waldkinder noch einmal in die zauberhafte Welt der M\u00e4rchen ein. Das Thema M\u00e4rchen hat uns durch das ganze Kindergartenjahr begleitet und war auch das Motto unserer Faschingsfeier. Nun wartete noch ein besonderes Highlight auf die Kinder: Sie durften mit dem Reisebus einen Ausflug nach Ludwigsburg in den M\u00e4rchengarten machen! &nbsp;Aufgeregt&hellip; <a href=\"https:\/\/waldkindergarten-berglen.de\/?p=9060\" class=\"more-link\">Weiterlesen <span class=\"screen-reader-text\">Ein Hauch von Schule und ganz viel M\u00e4rchen<\/span><\/a><\/p>\n","protected":false},"author":10,"featured_media":0,"comment_status":"closed","ping_status":"closed","sticky":false,"template":"","format":"standard","meta":{"ngg_post_thumbnail":0,"_jetpack_memberships_contains_paid_content":false,"footnotes":""},"categories":[3],"tags":[],"class_list":["post-9060","post","type-post","status-publish","format-standard","hentry","category-berichte"],"jetpack_featured_media_url":"","jetpack_sharing_enabled":true,"_links":{"self":[{"href":"https:\/\/waldkindergarten-berglen.de\/index.php?rest_route=\/wp\/v2\/posts\/9060","targetHints":{"allow":["GET"]}}],"collection":[{"href":"https:\/\/waldkindergarten-berglen.de\/index.php?rest_route=\/wp\/v2\/posts"}],"about":[{"href":"https:\/\/waldkindergarten-berglen.de\/index.php?rest_route=\/wp\/v2\/types\/post"}],"author":[{"embeddable":true,"href":"https:\/\/waldkindergarten-berglen.de\/index.php?rest_route=\/wp\/v2\/users\/10"}],"replies":[{"embeddable":true,"href":"https:\/\/waldkindergarten-berglen.de\/index.php?rest_route=%2Fwp%2Fv2%2Fcomments&post=9060"}],"version-history":[{"count":1,"href":"https:\/\/waldkindergarten-berglen.de\/index.php?rest_route=\/wp\/v2\/posts\/9060\/revisions"}],"predecessor-version":[{"id":9064,"href":"https:\/\/waldkindergarten-berglen.de\/index.php?rest_route=\/wp\/v2\/posts\/9060\/revisions\/9064"}],"wp:attachment":[{"href":"https:\/\/waldkindergarten-berglen.de\/index.php?rest_route=%2Fwp%2Fv2%2Fmedia&parent=9060"}],"wp:term":[{"taxonomy":"category","embeddable":true,"href":"https:\/\/waldkindergarten-berglen.de\/index.php?rest_route=%2Fwp%2Fv2%2Fcategories&post=9060"},{"taxonomy":"post_tag","embeddable":true,"href":"https:\/\/waldkindergarten-berglen.de\/index.php?rest_route=%2Fwp%2Fv2%2Ftags&post=9060"}],"curies":[{"name":"wp","href":"https:\/\/api.w.org\/{rel}","templated":true}]}}