{"id":9066,"date":"2025-07-07T08:05:00","date_gmt":"2025-07-07T06:05:00","guid":{"rendered":"https:\/\/waldkindergarten-berglen.de\/?p=9066"},"modified":"2025-07-06T16:55:15","modified_gmt":"2025-07-06T14:55:15","slug":"neues-aus-der-waldspielgrupp","status":"publish","type":"post","link":"https:\/\/waldkindergarten-berglen.de\/?p=9066","title":{"rendered":"Neues aus der Waldspielgrupp"},"content":{"rendered":"\n<p>In unserem Morgenkreis h\u00f6rten wir den ersten Teil der beliebten Geschichte \u201eDie kleinen Raupe Nimmersatt\u201c. Passend zur Geschichte durfte jeder eine eigene kleine Raupe basteln.<\/p>\n\n\n\n<figure class=\"wp-block-gallery has-nested-images columns-default is-cropped wp-block-gallery-1 is-layout-flex wp-block-gallery-is-layout-flex\">\n<figure class=\"wp-block-image size-large\"><img loading=\"lazy\" decoding=\"async\" width=\"638\" height=\"1024\" data-id=\"9067\" src=\"https:\/\/waldkindergarten-berglen.de\/wp-content\/uploads\/2025\/07\/Raupe-638x1024.jpeg\" alt=\"\" class=\"wp-image-9067\" srcset=\"https:\/\/waldkindergarten-berglen.de\/wp-content\/uploads\/2025\/07\/Raupe-638x1024.jpeg 638w, https:\/\/waldkindergarten-berglen.de\/wp-content\/uploads\/2025\/07\/Raupe-187x300.jpeg 187w, https:\/\/waldkindergarten-berglen.de\/wp-content\/uploads\/2025\/07\/Raupe-768x1232.jpeg 768w, https:\/\/waldkindergarten-berglen.de\/wp-content\/uploads\/2025\/07\/Raupe-957x1536.jpeg 957w, https:\/\/waldkindergarten-berglen.de\/wp-content\/uploads\/2025\/07\/Raupe-1276x2048.jpeg 1276w, https:\/\/waldkindergarten-berglen.de\/wp-content\/uploads\/2025\/07\/Raupe-982x1576.jpeg 982w, https:\/\/waldkindergarten-berglen.de\/wp-content\/uploads\/2025\/07\/Raupe-249x400.jpeg 249w, https:\/\/waldkindergarten-berglen.de\/wp-content\/uploads\/2025\/07\/Raupe-scaled.jpeg 1595w\" sizes=\"auto, (max-width: 638px) 100vw, 638px\" \/><\/figure>\n<\/figure>\n\n\n\n<p>\u201eDie Raupe, Raupe Nimmersatt<\/p>\n\n\n\n<p>die immer, immer Hunger hat<\/p>\n\n\n\n<p>und wenn sie was zu essen sieht<\/p>\n\n\n\n<p>dann sagt sie guten Appetit.\u201c<\/p>\n\n\n\n<p>Mit diesem fr\u00f6hlichen Spruch starteten wir unser Vesper an der Dicken Berta. Gut gest\u00e4rkt machten wir uns anschlie\u00dfend auf den Weg \u2013 vorbei an den zwei Kletterbergen \u2013 bis hin zum St\u00fcckle des Waldkindergartens. Dort angekommen lauschten wir dem zweiten Teil der Geschichte, in dem sich die kleine Raupe schlie\u00dflich in einen wundersch\u00f6nen Schmetterling verwandelt. Damit auch unsere gebastelte Raupe ein Schmetterling werden kann durfte jedes Kind noch Fl\u00fcgel bunt bemalen.<\/p>\n\n\n\n<figure class=\"wp-block-gallery has-nested-images columns-default is-cropped wp-block-gallery-2 is-layout-flex wp-block-gallery-is-layout-flex\">\n<figure class=\"wp-block-image size-large\"><img loading=\"lazy\" decoding=\"async\" width=\"768\" height=\"1024\" data-id=\"9068\" src=\"https:\/\/waldkindergarten-berglen.de\/wp-content\/uploads\/2025\/07\/Fluegel-768x1024.jpeg\" alt=\"\" class=\"wp-image-9068\" srcset=\"https:\/\/waldkindergarten-berglen.de\/wp-content\/uploads\/2025\/07\/Fluegel-768x1024.jpeg 768w, https:\/\/waldkindergarten-berglen.de\/wp-content\/uploads\/2025\/07\/Fluegel-225x300.jpeg 225w, https:\/\/waldkindergarten-berglen.de\/wp-content\/uploads\/2025\/07\/Fluegel-1152x1536.jpeg 1152w, https:\/\/waldkindergarten-berglen.de\/wp-content\/uploads\/2025\/07\/Fluegel-1536x2048.jpeg 1536w, https:\/\/waldkindergarten-berglen.de\/wp-content\/uploads\/2025\/07\/Fluegel-982x1309.jpeg 982w, https:\/\/waldkindergarten-berglen.de\/wp-content\/uploads\/2025\/07\/Fluegel-300x400.jpeg 300w, https:\/\/waldkindergarten-berglen.de\/wp-content\/uploads\/2025\/07\/Fluegel-scaled.jpeg 1920w\" sizes=\"auto, (max-width: 768px) 100vw, 768px\" \/><\/figure>\n<\/figure>\n","protected":false},"excerpt":{"rendered":"<p>In unserem Morgenkreis h\u00f6rten wir den ersten Teil der beliebten Geschichte \u201eDie kleinen Raupe Nimmersatt\u201c. Passend zur Geschichte durfte jeder eine eigene kleine Raupe basteln. \u201eDie Raupe, Raupe Nimmersatt die immer, immer Hunger hat und wenn sie was zu essen sieht dann sagt sie guten Appetit.\u201c Mit diesem fr\u00f6hlichen Spruch starteten wir unser Vesper an&hellip; <a href=\"https:\/\/waldkindergarten-berglen.de\/?p=9066\" class=\"more-link\">Weiterlesen <span class=\"screen-reader-text\">Neues aus der Waldspielgrupp<\/span><\/a><\/p>\n","protected":false},"author":10,"featured_media":0,"comment_status":"closed","ping_status":"closed","sticky":false,"template":"","format":"standard","meta":{"ngg_post_thumbnail":0,"_jetpack_memberships_contains_paid_content":false,"footnotes":""},"categories":[10,8],"tags":[],"class_list":["post-9066","post","type-post","status-publish","format-standard","hentry","category-waldspielgruppenberichte-aktuell","category-waldspielgruppe"],"jetpack_featured_media_url":"","jetpack_sharing_enabled":true,"_links":{"self":[{"href":"https:\/\/waldkindergarten-berglen.de\/index.php?rest_route=\/wp\/v2\/posts\/9066","targetHints":{"allow":["GET"]}}],"collection":[{"href":"https:\/\/waldkindergarten-berglen.de\/index.php?rest_route=\/wp\/v2\/posts"}],"about":[{"href":"https:\/\/waldkindergarten-berglen.de\/index.php?rest_route=\/wp\/v2\/types\/post"}],"author":[{"embeddable":true,"href":"https:\/\/waldkindergarten-berglen.de\/index.php?rest_route=\/wp\/v2\/users\/10"}],"replies":[{"embeddable":true,"href":"https:\/\/waldkindergarten-berglen.de\/index.php?rest_route=%2Fwp%2Fv2%2Fcomments&post=9066"}],"version-history":[{"count":1,"href":"https:\/\/waldkindergarten-berglen.de\/index.php?rest_route=\/wp\/v2\/posts\/9066\/revisions"}],"predecessor-version":[{"id":9069,"href":"https:\/\/waldkindergarten-berglen.de\/index.php?rest_route=\/wp\/v2\/posts\/9066\/revisions\/9069"}],"wp:attachment":[{"href":"https:\/\/waldkindergarten-berglen.de\/index.php?rest_route=%2Fwp%2Fv2%2Fmedia&parent=9066"}],"wp:term":[{"taxonomy":"category","embeddable":true,"href":"https:\/\/waldkindergarten-berglen.de\/index.php?rest_route=%2Fwp%2Fv2%2Fcategories&post=9066"},{"taxonomy":"post_tag","embeddable":true,"href":"https:\/\/waldkindergarten-berglen.de\/index.php?rest_route=%2Fwp%2Fv2%2Ftags&post=9066"}],"curies":[{"name":"wp","href":"https:\/\/api.w.org\/{rel}","templated":true}]}}