{"id":9080,"date":"2025-07-14T08:05:00","date_gmt":"2025-07-14T06:05:00","guid":{"rendered":"https:\/\/waldkindergarten-berglen.de\/?p=9080"},"modified":"2025-07-13T19:06:29","modified_gmt":"2025-07-13T17:06:29","slug":"wasserexperimente","status":"publish","type":"post","link":"https:\/\/waldkindergarten-berglen.de\/?p=9080","title":{"rendered":"Wasserexperimente"},"content":{"rendered":"\n<p>Noch ist es mitten im Sommer, aber schon in einigen Wochen beginnt das neue Kindergartenjahr und viele neue Kinder werden dann auch zu Waldkindern. Diese konnten das tolle Wetter der letzten Woche f\u00fcr einen Schnuppertag im Waldkindergarten nutzen. Sie wurden herzlich willkommen gehei\u00dfen und am Waldschl\u00f6sschen trauten sie sich, mit einer helfenden Hand von einem gro\u00dfen Kind den Rutscheberg hinaufzuklettern und hinunterzurutschen. Am Sonnenplatz kochten sie leckere Walds\u00fcppchen und bauten mit den Waldkindern ein neues Waldh\u00fcttchen aus \u00c4sten und spielten darin. Gegen Mittag waren die Kleinen gl\u00fccklich aber auch m\u00fcde vom langen Waldtag und freuen sich nun auf den Beginn ihrer Kindergartenzeit im Herbst.<\/p>\n\n\n\n<figure class=\"wp-block-image size-large\"><img loading=\"lazy\" decoding=\"async\" width=\"1024\" height=\"768\" src=\"https:\/\/waldkindergarten-berglen.de\/wp-content\/uploads\/2025\/07\/Die-Schnupperkinder-helfen-schon-mit-1024x768.jpg\" alt=\"\" class=\"wp-image-9081\" srcset=\"https:\/\/waldkindergarten-berglen.de\/wp-content\/uploads\/2025\/07\/Die-Schnupperkinder-helfen-schon-mit-1024x768.jpg 1024w, https:\/\/waldkindergarten-berglen.de\/wp-content\/uploads\/2025\/07\/Die-Schnupperkinder-helfen-schon-mit-300x225.jpg 300w, https:\/\/waldkindergarten-berglen.de\/wp-content\/uploads\/2025\/07\/Die-Schnupperkinder-helfen-schon-mit-768x576.jpg 768w, https:\/\/waldkindergarten-berglen.de\/wp-content\/uploads\/2025\/07\/Die-Schnupperkinder-helfen-schon-mit-1536x1152.jpg 1536w, https:\/\/waldkindergarten-berglen.de\/wp-content\/uploads\/2025\/07\/Die-Schnupperkinder-helfen-schon-mit-982x737.jpg 982w, https:\/\/waldkindergarten-berglen.de\/wp-content\/uploads\/2025\/07\/Die-Schnupperkinder-helfen-schon-mit-400x300.jpg 400w, https:\/\/waldkindergarten-berglen.de\/wp-content\/uploads\/2025\/07\/Die-Schnupperkinder-helfen-schon-mit.jpg 1600w\" sizes=\"auto, (max-width: 1024px) 100vw, 1024px\" \/><figcaption class=\"wp-element-caption\">Die Schnupperkinder helfen schon mit.<\/figcaption><\/figure>\n\n\n\n<p>In Fortsetzung der vorigen Woche ging es weiter rund ums Thema Wasser. Gemeinsam sprachen alle \u00fcber Tiere, die im und am Wasser leben und kamen so auf den Wasserl\u00e4ufer, ein Insekt, das die Oberfl\u00e4chenspannung des Wassers nutzt und dadurch flink auf der Wasseroberfl\u00e4che laufen kann. Dazu machten die Kinder zwei eindr\u00fcckliche Experimente. Sie durften ganz vorsichtig eine B\u00fcroklammer auf Wasser in einer Sch\u00fcssel legen. Auch wenn die B\u00fcroklammer aus Metall eigentlich schwerer ist als Wasser, sinkt sie nicht, wenn man sie vorsichtig und flach aufs Wasser legt. Das liegt an der Oberfl\u00e4chenspannung des Wassers, die die B\u00fcroklammer nicht so leicht durchdringen kann. Als n\u00e4chstes zerst\u00f6rten sie die Oberfl\u00e4chenspannung, indem sie Sp\u00fclmittel ins Wasser gaben. Prompt begannen die B\u00fcroklammern an den Grund der Sch\u00fcssel zu sinken.<\/p>\n\n\n\n<p>Das Sp\u00fclmittel nutzten sie in einem weiteren Experiment sogar als Antrieb f\u00fcr kleine Papierfischchen. Aber erst schnitten die Kinder die Fische aus, malten sie bunt an und legten sie aufs Wasser. Mit einem Zahnstocher gaben sie einen kleinen Tropfen vom \u201eZauberwasser\u201c, dem Sp\u00fclmittel, auf die Schwanzspitze und schon flitzten die Fische los, kreuz und quer durch die Wassersch\u00fcssel. Auch hier macht das Sp\u00fclmittel die bestehende Oberfl\u00e4chenspannung des Wassers kaputt und weil sich die Wasseroberfl\u00e4che an dieser Stelle in dem Moment ruckartig wegbewegt, bewegt sich auch das Papierfischchen vorw\u00e4rts. Sehr faszinierend f\u00fcr die Kinder!<\/p>\n\n\n\n<figure class=\"wp-block-image size-large\"><img loading=\"lazy\" decoding=\"async\" width=\"768\" height=\"1024\" src=\"https:\/\/waldkindergarten-berglen.de\/wp-content\/uploads\/2025\/07\/Fische-basteln-fuers-Experiment-768x1024.jpg\" alt=\"\" class=\"wp-image-9082\" srcset=\"https:\/\/waldkindergarten-berglen.de\/wp-content\/uploads\/2025\/07\/Fische-basteln-fuers-Experiment-768x1024.jpg 768w, https:\/\/waldkindergarten-berglen.de\/wp-content\/uploads\/2025\/07\/Fische-basteln-fuers-Experiment-225x300.jpg 225w, https:\/\/waldkindergarten-berglen.de\/wp-content\/uploads\/2025\/07\/Fische-basteln-fuers-Experiment-1152x1536.jpg 1152w, https:\/\/waldkindergarten-berglen.de\/wp-content\/uploads\/2025\/07\/Fische-basteln-fuers-Experiment-982x1309.jpg 982w, https:\/\/waldkindergarten-berglen.de\/wp-content\/uploads\/2025\/07\/Fische-basteln-fuers-Experiment-300x400.jpg 300w, https:\/\/waldkindergarten-berglen.de\/wp-content\/uploads\/2025\/07\/Fische-basteln-fuers-Experiment.jpg 1200w\" sizes=\"auto, (max-width: 768px) 100vw, 768px\" \/><figcaption class=\"wp-element-caption\">Fische basteln f\u00fcrs Experiment<\/figcaption><\/figure>\n\n\n\n<p>Die Vorsch\u00fcler, die bald in Steinach eingeschult werden, wanderten zum Schulbesuch hinunter. In Steinach in der Schule angekommen, durften sie die gro\u00dfe Pause und eine Schulstunde miterleben und sich anschauen, wie so ein Klassenzimmer eigentlich aussieht. Beim R\u00fcckweg den Berg hinauf rasteten sie an der Quelle, sodass der steile Anstieg frisch gest\u00e4rkt nur halb so anstrengend war.<\/p>\n\n\n\n<p><strong>Wussten Sie schon?<\/strong><\/p>\n\n\n\n<p><em>Wasserl\u00e4ufer nutzen das Prinzip der Oberfl\u00e4chenspannung und verbringen so die meiste Zeit ihres Lebens auf der Wasseroberfl\u00e4che. Sie haben d\u00fcnne, lange Beine, die auch eine wasserabweisende Fettschicht haben. So k\u00f6nnen sie perfekt auf dem Wasser gehen und sogar flink umher springen, ohne unter zu gehen.<\/em><\/p>\n","protected":false},"excerpt":{"rendered":"<p>Noch ist es mitten im Sommer, aber schon in einigen Wochen beginnt das neue Kindergartenjahr und viele neue Kinder werden dann auch zu Waldkindern. Diese konnten das tolle Wetter der letzten Woche f\u00fcr einen Schnuppertag im Waldkindergarten nutzen. Sie wurden herzlich willkommen gehei\u00dfen und am Waldschl\u00f6sschen trauten sie sich, mit einer helfenden Hand von einem&hellip; <a href=\"https:\/\/waldkindergarten-berglen.de\/?p=9080\" class=\"more-link\">Weiterlesen <span class=\"screen-reader-text\">Wasserexperimente<\/span><\/a><\/p>\n","protected":false},"author":11,"featured_media":0,"comment_status":"closed","ping_status":"closed","sticky":false,"template":"","format":"standard","meta":{"ngg_post_thumbnail":0,"_jetpack_memberships_contains_paid_content":false,"footnotes":""},"categories":[3],"tags":[],"class_list":["post-9080","post","type-post","status-publish","format-standard","hentry","category-berichte"],"jetpack_featured_media_url":"","jetpack_sharing_enabled":true,"_links":{"self":[{"href":"https:\/\/waldkindergarten-berglen.de\/index.php?rest_route=\/wp\/v2\/posts\/9080","targetHints":{"allow":["GET"]}}],"collection":[{"href":"https:\/\/waldkindergarten-berglen.de\/index.php?rest_route=\/wp\/v2\/posts"}],"about":[{"href":"https:\/\/waldkindergarten-berglen.de\/index.php?rest_route=\/wp\/v2\/types\/post"}],"author":[{"embeddable":true,"href":"https:\/\/waldkindergarten-berglen.de\/index.php?rest_route=\/wp\/v2\/users\/11"}],"replies":[{"embeddable":true,"href":"https:\/\/waldkindergarten-berglen.de\/index.php?rest_route=%2Fwp%2Fv2%2Fcomments&post=9080"}],"version-history":[{"count":1,"href":"https:\/\/waldkindergarten-berglen.de\/index.php?rest_route=\/wp\/v2\/posts\/9080\/revisions"}],"predecessor-version":[{"id":9083,"href":"https:\/\/waldkindergarten-berglen.de\/index.php?rest_route=\/wp\/v2\/posts\/9080\/revisions\/9083"}],"wp:attachment":[{"href":"https:\/\/waldkindergarten-berglen.de\/index.php?rest_route=%2Fwp%2Fv2%2Fmedia&parent=9080"}],"wp:term":[{"taxonomy":"category","embeddable":true,"href":"https:\/\/waldkindergarten-berglen.de\/index.php?rest_route=%2Fwp%2Fv2%2Fcategories&post=9080"},{"taxonomy":"post_tag","embeddable":true,"href":"https:\/\/waldkindergarten-berglen.de\/index.php?rest_route=%2Fwp%2Fv2%2Ftags&post=9080"}],"curies":[{"name":"wp","href":"https:\/\/api.w.org\/{rel}","templated":true}]}}